{"id":1204,"date":"2018-10-18T11:46:11","date_gmt":"2018-10-18T09:46:11","guid":{"rendered":"http:\/\/craaltorricon.catedu.es\/?p=1204"},"modified":"2018-10-18T11:47:08","modified_gmt":"2018-10-18T09:47:08","slug":"nuevo-canal-de-comunicacion","status":"publish","type":"post","link":"https:\/\/craaltorricon.catedu.es\/?p=1204","title":{"rendered":"Nuevo canal de comunicaci\u00f3n"},"content":{"rendered":"<p>Tal y como se os ha informado por circular, el CRA ha puesto un nuevo canal de comunicaci\u00f3n a los padres a trav\u00e9s de la aplicaci\u00f3n Telegram siguiendo estos pasos:<\/p>\n<p><strong>1.-<\/strong> Instalar la aplicaci\u00f3n en Google Play o App Store dependiendo de si ten\u00e9is m\u00f3vil Android o iPhone.<\/p>\n<p><strong>2.-<\/strong> Abrir Telegram, clicar en la lupa y escribir \u201cCRA Altorricon\u201d.<\/p>\n<p><strong>3.-<\/strong> Pinchar la opci\u00f3n de \u201cUNIRME\u201d y ya estar\u00e9is listos para recibir todas las noticias que se publicar\u00e1n desde el Centro.<\/p>\n<p><strong>4.-<\/strong> Si desde vuestra localidad o clase, os han comentado que tambi\u00e9n han creado un canal, pen\u00e9is el nombre que os han dicho y tambi\u00e9n os un\u00eds.<\/p>\n<p>Gracias.<\/p>\n<p style=\"text-align: center;\"><a href=\"https:\/\/craaltorricon.catedu.es\/wp-content\/uploads\/sites\/188\/2018\/10\/Telegram.jpg\"><img loading=\"lazy\" decoding=\"async\" data-attachment-id=\"1205\" data-permalink=\"https:\/\/craaltorricon.catedu.es\/?attachment_id=1205\" data-orig-file=\"https:\/\/craaltorricon.catedu.es\/wp-content\/uploads\/sites\/188\/2018\/10\/Telegram.jpg\" data-orig-size=\"406,304\" data-comments-opened=\"1\" data-image-meta=\"{&quot;aperture&quot;:&quot;0&quot;,&quot;credit&quot;:&quot;&quot;,&quot;camera&quot;:&quot;&quot;,&quot;caption&quot;:&quot;&quot;,&quot;created_timestamp&quot;:&quot;0&quot;,&quot;copyright&quot;:&quot;&quot;,&quot;focal_length&quot;:&quot;0&quot;,&quot;iso&quot;:&quot;0&quot;,&quot;shutter_speed&quot;:&quot;0&quot;,&quot;title&quot;:&quot;&quot;,&quot;orientation&quot;:&quot;0&quot;}\" data-image-title=\"Telegram\" data-image-description=\"\" data-image-caption=\"\" data-large-file=\"https:\/\/craaltorricon.catedu.es\/wp-content\/uploads\/sites\/188\/2018\/10\/Telegram.jpg\" class=\"alignnone size-medium wp-image-1205\" src=\"https:\/\/craaltorricon.catedu.es\/wp-content\/uploads\/sites\/188\/2018\/10\/Telegram-300x225.jpg\" alt=\"\" width=\"300\" height=\"225\" srcset=\"https:\/\/craaltorricon.catedu.es\/wp-content\/uploads\/sites\/188\/2018\/10\/Telegram-300x225.jpg 300w, https:\/\/craaltorricon.catedu.es\/wp-content\/uploads\/sites\/188\/2018\/10\/Telegram.jpg 406w\" sizes=\"auto, (max-width: 300px) 100vw, 300px\" \/><\/a><\/p>\n","protected":false},"excerpt":{"rendered":"<p>Tal y como se os ha informado por circular, el CRA ha puesto un nuevo canal de comunicaci\u00f3n a los padres a trav\u00e9s de la aplicaci\u00f3n Telegram siguiendo estos pasos: 1.- Instalar la aplicaci\u00f3n en Google Play o App Store dependiendo de si ten\u00e9is m\u00f3vil Android o iPhone. 2.- Abrir Telegram, clicar en la lupa <a href=\"https:\/\/craaltorricon.catedu.es\/?p=1204\" class=\"more-link\">...contin\u00faa leyendo<span class=\"screen-reader-text\"> \"Nuevo canal de comunicaci\u00f3n\"<\/span><\/a><\/p>\n","protected":false},"author":786,"featured_media":0,"comment_status":"open","ping_status":"open","sticky":false,"template":"","format":"standard","meta":{"_uag_custom_page_level_css":"","_monsterinsights_skip_tracking":false,"_monsterinsights_sitenote_active":false,"_monsterinsights_sitenote_note":"","_monsterinsights_sitenote_category":0,"jetpack_post_was_ever_published":false,"_jetpack_newsletter_access":"","_jetpack_dont_email_post_to_subs":false,"_jetpack_newsletter_tier_id":0,"_jetpack_memberships_contains_paywalled_content":false,"_jetpack_memberships_contains_paid_content":false,"footnotes":"","jetpack_publicize_message":"","jetpack_publicize_feature_enabled":true,"jetpack_social_post_already_shared":true,"jetpack_social_options":{"image_generator_settings":{"template":"highway","default_image_id":0,"font":"","enabled":false},"version":2}},"categories":[13,16,18,9,20,17],"tags":[],"class_list":{"0":"post-1204","1":"post","2":"type-post","3":"status-publish","4":"format-standard","6":"category-algayon","7":"category-altorricon","8":"category-cra","9":"category-novedades","10":"category-secretaria","11":"category-vencillon","12":"h-entry","13":"hentry","14":"h-as-article"},"jetpack_publicize_connections":[],"uagb_featured_image_src":{"full":false,"thumbnail":false,"medium":false,"medium_large":false,"large":false,"1536x1536":false,"2048x2048":false,"custom-header-image":false},"uagb_author_info":{"display_name":"admin","author_link":"https:\/\/craaltorricon.catedu.es\/?author=786"},"uagb_comment_info":0,"uagb_excerpt":"Tal y como se os ha informado por circular, el CRA ha puesto un nuevo canal de comunicaci\u00f3n a los padres a trav\u00e9s de la aplicaci\u00f3n Telegram siguiendo estos pasos: 1.- Instalar la aplicaci\u00f3n en Google Play o App Store dependiendo de si ten\u00e9is m\u00f3vil Android o iPhone. 2.- Abrir Telegram, clicar en la lupa&hellip;","jetpack_featured_media_url":"","jetpack_sharing_enabled":true,"jetpack_shortlink":"https:\/\/wp.me\/p8T00Q-jq","jetpack-related-posts":[{"id":1843,"url":"https:\/\/craaltorricon.catedu.es\/?p=1843","url_meta":{"origin":1204,"position":0},"title":"Fin de curso","author":"admin","date":"19 junio, 2020","format":false,"excerpt":"Este curso ha sido especial y el fin de curso tambi\u00e9n lo est\u00e1 siendo. Hoy es el \u00faltimo d\u00eda y todos en un momento u otro os hab\u00e9is podido despedir de todos los maestros y maestras. Pero no pod\u00eda faltar nuestra especial despedida al alumnado de 6\u00ba. El curso que\u2026","rel":"","context":"En \u00abAlgay\u00f3n\u00bb","block_context":{"text":"Algay\u00f3n","link":"https:\/\/craaltorricon.catedu.es\/?cat=13"},"img":{"alt_text":"","src":"https:\/\/i0.wp.com\/img.youtube.com\/vi\/_hW0DsQW0Yc\/0.jpg?resize=350%2C200","width":350,"height":200},"classes":[]},{"id":3213,"url":"https:\/\/craaltorricon.catedu.es\/?p=3213","url_meta":{"origin":1204,"position":1},"title":"Presentaci\u00f3n en el CRIE de Benabarre","author":"CRA Altorric\u00f3n","date":"17 abril, 2023","format":false,"excerpt":"Ahora mismo, el alumnado de 5\u00ba y algunos de 4\u00ba, estamos presentando nuestro centro con nuestras localidades y a nosotros mismos, en el CRIE de Benabarre. Os iremos informando de nuestra semana en el canal de Telegram creado para la ocasi\u00f3n. Aqu\u00ed pod\u00e9is ver el v\u00eddeo de presentaci\u00f3n que hemos\u2026","rel":"","context":"En \u00abAlgay\u00f3n\u00bb","block_context":{"text":"Algay\u00f3n","link":"https:\/\/craaltorricon.catedu.es\/?cat=13"},"img":{"alt_text":"","src":"","width":0,"height":0},"classes":[]},{"id":3032,"url":"https:\/\/craaltorricon.catedu.es\/?p=3032","url_meta":{"origin":1204,"position":2},"title":"ANIMACI\u00d3N A LA LECTURA EN LA BIBLIOTECA ESCOLAR.","author":"CRA Altorric\u00f3n","date":"14 febrero, 2023","format":false,"excerpt":"La lectura es un aspecto muy importante en la educaci\u00f3n de nuestro alumnado, por lo que este curso hemos querido darle \u201cun empuj\u00f3n\u201d y hacer actividades que fomenten esta parte tan importante de la comunicaci\u00f3n ling\u00fc\u00edstica. Primero, desde el claustro se decidi\u00f3 ordenar y arreglar el espacio f\u00edsico de la\u2026","rel":"","context":"En \u00abAltorric\u00f3n\u00bb","block_context":{"text":"Altorric\u00f3n","link":"https:\/\/craaltorricon.catedu.es\/?cat=16"},"img":{"alt_text":"","src":"","width":0,"height":0},"classes":[]},{"id":3138,"url":"https:\/\/craaltorricon.catedu.es\/?p=3138","url_meta":{"origin":1204,"position":3},"title":"MISI\u00d3N ALBA","author":"CRA Altorric\u00f3n","date":"29 marzo, 2023","format":false,"excerpt":"Durante este trimestre, el alumnado de 5\u00ba y de 6\u00ba de los tres pueblos que conforman el CRA de Altorric\u00f3n, han trabajado la luz en Ciencias Naturales mediante un proyecto: Misi\u00f3n Alba. Este proyecto lo hemos podido realizar gracias a \u201cEl Sincrotr\u00f3n ALBA\u201d que es una de las infraestructuras cient\u00edficas\u2026","rel":"","context":"En \u00abAlgay\u00f3n\u00bb","block_context":{"text":"Algay\u00f3n","link":"https:\/\/craaltorricon.catedu.es\/?cat=13"},"img":{"alt_text":"","src":"","width":0,"height":0},"classes":[]},{"id":3248,"url":"https:\/\/craaltorricon.catedu.es\/?p=3248","url_meta":{"origin":1204,"position":4},"title":"EXCURSI\u00d3N FIN DE CURSO de 3\u00ba a 6\u00ba","author":"CRA Altorric\u00f3n","date":"15 mayo, 2023","format":false,"excerpt":"Y estamos llegando a nuestra recta final, pues vamos adentr\u00e1ndonos en mayo\u2026 sabemos que solo nos quedan un par de meses, y hay que sacarles partido y aprovecharlos al m\u00e1ximo. Ese es el pensamiento que tenemos todos, alumnado y el claustro del profesorado, cada uno con sus razones loables y\u2026","rel":"","context":"En \u00abAlgay\u00f3n\u00bb","block_context":{"text":"Algay\u00f3n","link":"https:\/\/craaltorricon.catedu.es\/?cat=13"},"img":{"alt_text":"","src":"","width":0,"height":0},"classes":[]},{"id":3079,"url":"https:\/\/craaltorricon.catedu.es\/?p=3079","url_meta":{"origin":1204,"position":5},"title":"ACROSPORT EN VENCILL\u00d3N","author":"CRA Altorric\u00f3n","date":"28 febrero, 2023","format":false,"excerpt":"El acrosport, tambi\u00e9n conocido como gimnasia acrob\u00e1tica es una disciplina que se practica por parejas, tr\u00edos o cuartetos. El mismo se encuentra considerado como un deporte acrob\u00e1tico-coreogr\u00e1fico en el cual se integran tres elementos fundamentales: formaci\u00f3n de figuras o pir\u00e1mides corporales, acrobacias y elementos de fuerza, flexibilidad y equilibrios como\u2026","rel":"","context":"En \u00abVencill\u00f3n\u00bb","block_context":{"text":"Vencill\u00f3n","link":"https:\/\/craaltorricon.catedu.es\/?cat=17"},"img":{"alt_text":"","src":"","width":0,"height":0},"classes":[]}],"jetpack_likes_enabled":true,"_links":{"self":[{"href":"https:\/\/craaltorricon.catedu.es\/index.php?rest_route=\/wp\/v2\/posts\/1204","targetHints":{"allow":["GET"]}}],"collection":[{"href":"https:\/\/craaltorricon.catedu.es\/index.php?rest_route=\/wp\/v2\/posts"}],"about":[{"href":"https:\/\/craaltorricon.catedu.es\/index.php?rest_route=\/wp\/v2\/types\/post"}],"author":[{"embeddable":true,"href":"https:\/\/craaltorricon.catedu.es\/index.php?rest_route=\/wp\/v2\/users\/786"}],"replies":[{"embeddable":true,"href":"https:\/\/craaltorricon.catedu.es\/index.php?rest_route=%2Fwp%2Fv2%2Fcomments&post=1204"}],"version-history":[{"count":2,"href":"https:\/\/craaltorricon.catedu.es\/index.php?rest_route=\/wp\/v2\/posts\/1204\/revisions"}],"predecessor-version":[{"id":1207,"href":"https:\/\/craaltorricon.catedu.es\/index.php?rest_route=\/wp\/v2\/posts\/1204\/revisions\/1207"}],"wp:attachment":[{"href":"https:\/\/craaltorricon.catedu.es\/index.php?rest_route=%2Fwp%2Fv2%2Fmedia&parent=1204"}],"wp:term":[{"taxonomy":"category","embeddable":true,"href":"https:\/\/craaltorricon.catedu.es\/index.php?rest_route=%2Fwp%2Fv2%2Fcategories&post=1204"},{"taxonomy":"post_tag","embeddable":true,"href":"https:\/\/craaltorricon.catedu.es\/index.php?rest_route=%2Fwp%2Fv2%2Ftags&post=1204"}],"curies":[{"name":"wp","href":"https:\/\/api.w.org\/{rel}","templated":true}]}}