{"id":1342,"date":"2019-02-01T12:25:38","date_gmt":"2019-02-01T11:25:38","guid":{"rendered":"http:\/\/craaltorricon.catedu.es\/?p=1342"},"modified":"2019-02-01T12:25:38","modified_gmt":"2019-02-01T11:25:38","slug":"pastissos-de-xocolata","status":"publish","type":"post","link":"https:\/\/craaltorricon.catedu.es\/?p=1342","title":{"rendered":"Pastissos de xocolata."},"content":{"rendered":"<p>A partir d'ara ens convertirem en cuiners\/eres. Quan ens va b\u00e9, amb l'ajuda dels nostres pares, fem una recepta a casa i despr\u00e9s la portem a la classe. Entre tots\/es ens la mengem i fem la corresponent fitxa de \"La recepta\": ingredients i elaboraci\u00f3.<\/p>\n<p style=\"text-align: center;\"><a href=\"https:\/\/craaltorricon.catedu.es\/wp-content\/uploads\/sites\/188\/2019\/02\/WhatsApp-Image-2019-01-31-at-19.12.39-1.jpeg\"><img loading=\"lazy\" decoding=\"async\" data-attachment-id=\"1343\" data-permalink=\"https:\/\/craaltorricon.catedu.es\/?attachment_id=1343\" data-orig-file=\"https:\/\/craaltorricon.catedu.es\/wp-content\/uploads\/sites\/188\/2019\/02\/WhatsApp-Image-2019-01-31-at-19.12.39-1.jpeg\" data-orig-size=\"1416,1062\" data-comments-opened=\"1\" data-image-meta=\"{&quot;aperture&quot;:&quot;0&quot;,&quot;credit&quot;:&quot;&quot;,&quot;camera&quot;:&quot;&quot;,&quot;caption&quot;:&quot;&quot;,&quot;created_timestamp&quot;:&quot;0&quot;,&quot;copyright&quot;:&quot;&quot;,&quot;focal_length&quot;:&quot;0&quot;,&quot;iso&quot;:&quot;0&quot;,&quot;shutter_speed&quot;:&quot;0&quot;,&quot;title&quot;:&quot;&quot;,&quot;orientation&quot;:&quot;0&quot;}\" data-image-title=\"WhatsApp Image 2019-01-31 at 19.12.39 (1)\" data-image-description=\"\" data-image-caption=\"\" data-large-file=\"https:\/\/craaltorricon.catedu.es\/wp-content\/uploads\/sites\/188\/2019\/02\/WhatsApp-Image-2019-01-31-at-19.12.39-1-1024x768.jpeg\" class=\"alignnone size-medium wp-image-1343\" src=\"https:\/\/craaltorricon.catedu.es\/wp-content\/uploads\/sites\/188\/2019\/02\/WhatsApp-Image-2019-01-31-at-19.12.39-1-300x225.jpeg\" alt=\"\" width=\"300\" height=\"225\" srcset=\"https:\/\/craaltorricon.catedu.es\/wp-content\/uploads\/sites\/188\/2019\/02\/WhatsApp-Image-2019-01-31-at-19.12.39-1-300x225.jpeg 300w, https:\/\/craaltorricon.catedu.es\/wp-content\/uploads\/sites\/188\/2019\/02\/WhatsApp-Image-2019-01-31-at-19.12.39-1-768x576.jpeg 768w, https:\/\/craaltorricon.catedu.es\/wp-content\/uploads\/sites\/188\/2019\/02\/WhatsApp-Image-2019-01-31-at-19.12.39-1-1024x768.jpeg 1024w, https:\/\/craaltorricon.catedu.es\/wp-content\/uploads\/sites\/188\/2019\/02\/WhatsApp-Image-2019-01-31-at-19.12.39-1-960x720.jpeg 960w, https:\/\/craaltorricon.catedu.es\/wp-content\/uploads\/sites\/188\/2019\/02\/WhatsApp-Image-2019-01-31-at-19.12.39-1.jpeg 1416w\" sizes=\"auto, (max-width: 300px) 100vw, 300px\" \/><\/a>\u00a0 \u00a0 \u00a0<a href=\"https:\/\/craaltorricon.catedu.es\/wp-content\/uploads\/sites\/188\/2019\/02\/WhatsApp-Image-2019-01-31-at-19.12.39.jpeg\"><img loading=\"lazy\" decoding=\"async\" data-attachment-id=\"1344\" data-permalink=\"https:\/\/craaltorricon.catedu.es\/?attachment_id=1344\" data-orig-file=\"https:\/\/craaltorricon.catedu.es\/wp-content\/uploads\/sites\/188\/2019\/02\/WhatsApp-Image-2019-01-31-at-19.12.39.jpeg\" data-orig-size=\"1416,1062\" data-comments-opened=\"1\" data-image-meta=\"{&quot;aperture&quot;:&quot;0&quot;,&quot;credit&quot;:&quot;&quot;,&quot;camera&quot;:&quot;&quot;,&quot;caption&quot;:&quot;&quot;,&quot;created_timestamp&quot;:&quot;0&quot;,&quot;copyright&quot;:&quot;&quot;,&quot;focal_length&quot;:&quot;0&quot;,&quot;iso&quot;:&quot;0&quot;,&quot;shutter_speed&quot;:&quot;0&quot;,&quot;title&quot;:&quot;&quot;,&quot;orientation&quot;:&quot;0&quot;}\" data-image-title=\"WhatsApp Image 2019-01-31 at 19.12.39\" data-image-description=\"\" data-image-caption=\"\" data-large-file=\"https:\/\/craaltorricon.catedu.es\/wp-content\/uploads\/sites\/188\/2019\/02\/WhatsApp-Image-2019-01-31-at-19.12.39-1024x768.jpeg\" class=\"alignnone size-medium wp-image-1344\" src=\"https:\/\/craaltorricon.catedu.es\/wp-content\/uploads\/sites\/188\/2019\/02\/WhatsApp-Image-2019-01-31-at-19.12.39-300x225.jpeg\" alt=\"\" width=\"300\" height=\"225\" srcset=\"https:\/\/craaltorricon.catedu.es\/wp-content\/uploads\/sites\/188\/2019\/02\/WhatsApp-Image-2019-01-31-at-19.12.39-300x225.jpeg 300w, https:\/\/craaltorricon.catedu.es\/wp-content\/uploads\/sites\/188\/2019\/02\/WhatsApp-Image-2019-01-31-at-19.12.39-768x576.jpeg 768w, https:\/\/craaltorricon.catedu.es\/wp-content\/uploads\/sites\/188\/2019\/02\/WhatsApp-Image-2019-01-31-at-19.12.39-1024x768.jpeg 1024w, https:\/\/craaltorricon.catedu.es\/wp-content\/uploads\/sites\/188\/2019\/02\/WhatsApp-Image-2019-01-31-at-19.12.39-960x720.jpeg 960w, https:\/\/craaltorricon.catedu.es\/wp-content\/uploads\/sites\/188\/2019\/02\/WhatsApp-Image-2019-01-31-at-19.12.39.jpeg 1416w\" sizes=\"auto, (max-width: 300px) 100vw, 300px\" \/><\/a><\/p>\n<p style=\"text-align: center;\"><a href=\"https:\/\/craaltorricon.catedu.es\/wp-content\/uploads\/sites\/188\/2019\/02\/WhatsApp-Image-2019-01-31-at-19.13.29-1.jpeg\"><img loading=\"lazy\" decoding=\"async\" data-attachment-id=\"1345\" data-permalink=\"https:\/\/craaltorricon.catedu.es\/?attachment_id=1345\" data-orig-file=\"https:\/\/craaltorricon.catedu.es\/wp-content\/uploads\/sites\/188\/2019\/02\/WhatsApp-Image-2019-01-31-at-19.13.29-1.jpeg\" data-orig-size=\"1416,1062\" data-comments-opened=\"1\" data-image-meta=\"{&quot;aperture&quot;:&quot;0&quot;,&quot;credit&quot;:&quot;&quot;,&quot;camera&quot;:&quot;&quot;,&quot;caption&quot;:&quot;&quot;,&quot;created_timestamp&quot;:&quot;0&quot;,&quot;copyright&quot;:&quot;&quot;,&quot;focal_length&quot;:&quot;0&quot;,&quot;iso&quot;:&quot;0&quot;,&quot;shutter_speed&quot;:&quot;0&quot;,&quot;title&quot;:&quot;&quot;,&quot;orientation&quot;:&quot;0&quot;}\" data-image-title=\"WhatsApp Image 2019-01-31 at 19.13.29 (1)\" data-image-description=\"\" data-image-caption=\"\" data-large-file=\"https:\/\/craaltorricon.catedu.es\/wp-content\/uploads\/sites\/188\/2019\/02\/WhatsApp-Image-2019-01-31-at-19.13.29-1-1024x768.jpeg\" class=\"alignnone size-medium wp-image-1345\" src=\"https:\/\/craaltorricon.catedu.es\/wp-content\/uploads\/sites\/188\/2019\/02\/WhatsApp-Image-2019-01-31-at-19.13.29-1-300x225.jpeg\" alt=\"\" width=\"300\" height=\"225\" srcset=\"https:\/\/craaltorricon.catedu.es\/wp-content\/uploads\/sites\/188\/2019\/02\/WhatsApp-Image-2019-01-31-at-19.13.29-1-300x225.jpeg 300w, https:\/\/craaltorricon.catedu.es\/wp-content\/uploads\/sites\/188\/2019\/02\/WhatsApp-Image-2019-01-31-at-19.13.29-1-768x576.jpeg 768w, https:\/\/craaltorricon.catedu.es\/wp-content\/uploads\/sites\/188\/2019\/02\/WhatsApp-Image-2019-01-31-at-19.13.29-1-1024x768.jpeg 1024w, https:\/\/craaltorricon.catedu.es\/wp-content\/uploads\/sites\/188\/2019\/02\/WhatsApp-Image-2019-01-31-at-19.13.29-1-960x720.jpeg 960w, https:\/\/craaltorricon.catedu.es\/wp-content\/uploads\/sites\/188\/2019\/02\/WhatsApp-Image-2019-01-31-at-19.13.29-1.jpeg 1416w\" sizes=\"auto, (max-width: 300px) 100vw, 300px\" \/><\/a>\u00a0 \u00a0 \u00a0<a href=\"https:\/\/craaltorricon.catedu.es\/wp-content\/uploads\/sites\/188\/2019\/02\/WhatsApp-Image-2019-01-31-at-19.13.29.jpeg\"><img loading=\"lazy\" decoding=\"async\" data-attachment-id=\"1346\" data-permalink=\"https:\/\/craaltorricon.catedu.es\/?attachment_id=1346\" data-orig-file=\"https:\/\/craaltorricon.catedu.es\/wp-content\/uploads\/sites\/188\/2019\/02\/WhatsApp-Image-2019-01-31-at-19.13.29.jpeg\" data-orig-size=\"1416,1062\" data-comments-opened=\"1\" data-image-meta=\"{&quot;aperture&quot;:&quot;0&quot;,&quot;credit&quot;:&quot;&quot;,&quot;camera&quot;:&quot;&quot;,&quot;caption&quot;:&quot;&quot;,&quot;created_timestamp&quot;:&quot;0&quot;,&quot;copyright&quot;:&quot;&quot;,&quot;focal_length&quot;:&quot;0&quot;,&quot;iso&quot;:&quot;0&quot;,&quot;shutter_speed&quot;:&quot;0&quot;,&quot;title&quot;:&quot;&quot;,&quot;orientation&quot;:&quot;0&quot;}\" data-image-title=\"WhatsApp Image 2019-01-31 at 19.13.29\" data-image-description=\"\" data-image-caption=\"\" data-large-file=\"https:\/\/craaltorricon.catedu.es\/wp-content\/uploads\/sites\/188\/2019\/02\/WhatsApp-Image-2019-01-31-at-19.13.29-1024x768.jpeg\" class=\"alignnone size-medium wp-image-1346\" src=\"https:\/\/craaltorricon.catedu.es\/wp-content\/uploads\/sites\/188\/2019\/02\/WhatsApp-Image-2019-01-31-at-19.13.29-300x225.jpeg\" alt=\"\" width=\"300\" height=\"225\" srcset=\"https:\/\/craaltorricon.catedu.es\/wp-content\/uploads\/sites\/188\/2019\/02\/WhatsApp-Image-2019-01-31-at-19.13.29-300x225.jpeg 300w, https:\/\/craaltorricon.catedu.es\/wp-content\/uploads\/sites\/188\/2019\/02\/WhatsApp-Image-2019-01-31-at-19.13.29-768x576.jpeg 768w, https:\/\/craaltorricon.catedu.es\/wp-content\/uploads\/sites\/188\/2019\/02\/WhatsApp-Image-2019-01-31-at-19.13.29-1024x768.jpeg 1024w, https:\/\/craaltorricon.catedu.es\/wp-content\/uploads\/sites\/188\/2019\/02\/WhatsApp-Image-2019-01-31-at-19.13.29-960x720.jpeg 960w, https:\/\/craaltorricon.catedu.es\/wp-content\/uploads\/sites\/188\/2019\/02\/WhatsApp-Image-2019-01-31-at-19.13.29.jpeg 1416w\" sizes=\"auto, (max-width: 300px) 100vw, 300px\" \/><\/a><\/p>\n<p>Els dos estaven BON\u00cdSSIMS!!!<\/p>\n<p>Anirem penjant les fotos a mesura que fem les receptes. Si voleu saber com es fan, podeu preguntar- nos. Us ho explicarem.<\/p>\n","protected":false},"excerpt":{"rendered":"<p>A partir d'ara ens convertirem en cuiners\/eres. Quan ens va b\u00e9, amb l'ajuda dels nostres pares, fem una recepta a casa i despr\u00e9s la portem a la classe. Entre tots\/es ens la mengem i fem la corresponent fitxa de \"La recepta\": ingredients i elaboraci\u00f3. \u00a0 \u00a0 \u00a0 \u00a0 \u00a0 \u00a0 Els dos estaven BON\u00cdSSIMS!!! Anirem <a href=\"https:\/\/craaltorricon.catedu.es\/?p=1342\" class=\"more-link\">...contin\u00faa leyendo<span class=\"screen-reader-text\"> \"Pastissos de xocolata.\"<\/span><\/a><\/p>\n","protected":false},"author":786,"featured_media":0,"comment_status":"open","ping_status":"open","sticky":false,"template":"","format":"standard","meta":{"_uag_custom_page_level_css":"","_monsterinsights_skip_tracking":false,"_monsterinsights_sitenote_active":false,"_monsterinsights_sitenote_note":"","_monsterinsights_sitenote_category":0,"jetpack_post_was_ever_published":false,"_jetpack_newsletter_access":"","_jetpack_dont_email_post_to_subs":false,"_jetpack_newsletter_tier_id":0,"_jetpack_memberships_contains_paywalled_content":false,"_jetpack_memberships_contains_paid_content":false,"footnotes":"","jetpack_publicize_message":"","jetpack_publicize_feature_enabled":true,"jetpack_social_post_already_shared":true,"jetpack_social_options":{"image_generator_settings":{"template":"highway","default_image_id":0,"font":"","enabled":false},"version":2}},"categories":[16],"tags":[],"class_list":{"0":"post-1342","1":"post","2":"type-post","3":"status-publish","4":"format-standard","6":"category-altorricon","7":"h-entry","8":"hentry","9":"h-as-article"},"jetpack_publicize_connections":[],"uagb_featured_image_src":{"full":false,"thumbnail":false,"medium":false,"medium_large":false,"large":false,"1536x1536":false,"2048x2048":false,"custom-header-image":false},"uagb_author_info":{"display_name":"admin","author_link":"https:\/\/craaltorricon.catedu.es\/?author=786"},"uagb_comment_info":0,"uagb_excerpt":"A partir d'ara ens convertirem en cuiners\/eres. Quan ens va b\u00e9, amb l'ajuda dels nostres pares, fem una recepta a casa i despr\u00e9s la portem a la classe. Entre tots\/es ens la mengem i fem la corresponent fitxa de \"La recepta\": ingredients i elaboraci\u00f3. \u00a0 \u00a0 \u00a0 \u00a0 \u00a0 \u00a0 Els dos estaven BON\u00cdSSIMS!!! Anirem&hellip;","jetpack_featured_media_url":"","jetpack_sharing_enabled":true,"jetpack_shortlink":"https:\/\/wp.me\/p8T00Q-lE","jetpack-related-posts":[{"id":2580,"url":"https:\/\/craaltorricon.catedu.es\/?p=2580","url_meta":{"origin":1342,"position":0},"title":"Qu\u00e8 \u00e9s un dron?","author":"admin","date":"9 diciembre, 2021","format":false,"excerpt":"El divendres, 26 de novembre, ha vingut a l'escola d'Altorric\u00f3, Carlos Font, enginyer agr\u00edcola. Ens ha explicat com funciona el dron, quines utilitats t\u00e9, quina normativa segueix per poder enlairar-se i l'hem pogut observar de ben a prop. Com ens ha agradat. Quina passada!!!! \u00a0 \u00a0","rel":"","context":"En \u00abAltorric\u00f3n\u00bb","block_context":{"text":"Altorric\u00f3n","link":"https:\/\/craaltorricon.catedu.es\/?cat=16"},"img":{"alt_text":"","src":"https:\/\/lh3.googleusercontent.com\/refDvJnFmW6aZ8RFUXIqYGWUg-sABuKNrIiSCvYBF834g31M2nXmf8LLAmt4HeBRIp6QsOQk4XZftll2jiwqTHMj1GiRXxB7AISKFjzMYVod9ulR6bk4wzpL70M978a98HvcUgCsuw=w2400","width":350,"height":200,"srcset":"https:\/\/lh3.googleusercontent.com\/refDvJnFmW6aZ8RFUXIqYGWUg-sABuKNrIiSCvYBF834g31M2nXmf8LLAmt4HeBRIp6QsOQk4XZftll2jiwqTHMj1GiRXxB7AISKFjzMYVod9ulR6bk4wzpL70M978a98HvcUgCsuw=w2400 1x, https:\/\/lh3.googleusercontent.com\/refDvJnFmW6aZ8RFUXIqYGWUg-sABuKNrIiSCvYBF834g31M2nXmf8LLAmt4HeBRIp6QsOQk4XZftll2jiwqTHMj1GiRXxB7AISKFjzMYVod9ulR6bk4wzpL70M978a98HvcUgCsuw=w2400 1.5x, https:\/\/lh3.googleusercontent.com\/refDvJnFmW6aZ8RFUXIqYGWUg-sABuKNrIiSCvYBF834g31M2nXmf8LLAmt4HeBRIp6QsOQk4XZftll2jiwqTHMj1GiRXxB7AISKFjzMYVod9ulR6bk4wzpL70M978a98HvcUgCsuw=w2400 2x, https:\/\/lh3.googleusercontent.com\/refDvJnFmW6aZ8RFUXIqYGWUg-sABuKNrIiSCvYBF834g31M2nXmf8LLAmt4HeBRIp6QsOQk4XZftll2jiwqTHMj1GiRXxB7AISKFjzMYVod9ulR6bk4wzpL70M978a98HvcUgCsuw=w2400 3x, https:\/\/lh3.googleusercontent.com\/refDvJnFmW6aZ8RFUXIqYGWUg-sABuKNrIiSCvYBF834g31M2nXmf8LLAmt4HeBRIp6QsOQk4XZftll2jiwqTHMj1GiRXxB7AISKFjzMYVod9ulR6bk4wzpL70M978a98HvcUgCsuw=w2400 4x"},"classes":[]},{"id":1327,"url":"https:\/\/craaltorricon.catedu.es\/?p=1327","url_meta":{"origin":1342,"position":1},"title":"Les funcions de nutrici\u00f3 4t","author":"admin","date":"1 febrero, 2019","format":false,"excerpt":"El divendres dia 26 de gener, ha vingut a la classe de 4t d'Altorric\u00f3, la Carol, mare d'una alumna, que \u00e9s infermera. Com estem estudiant la unitat de \"Les funcions de nutrici\u00f3\", ens ha aprofundit m\u00e9s en aquest tema. Tamb\u00e9 ens\u00a0 ha portat material per anar experimentant: el pulsi, l'otoscopi,\u2026","rel":"","context":"En \u00abAltorric\u00f3n\u00bb","block_context":{"text":"Altorric\u00f3n","link":"https:\/\/craaltorricon.catedu.es\/?cat=16"},"img":{"alt_text":"","src":"https:\/\/i0.wp.com\/craaltorricon.catedu.es\/wp-content\/uploads\/sites\/188\/2019\/02\/WhatsApp-Image-2019-01-31-at-19.03.16-225x300.jpeg?resize=350%2C200","width":350,"height":200},"classes":[]},{"id":1387,"url":"https:\/\/craaltorricon.catedu.es\/?p=1387","url_meta":{"origin":1342,"position":2},"title":"Dissenyadors d&#8217;interiors","author":"admin","date":"3 mayo, 2019","format":false,"excerpt":"Fa uns dies va venir a la classe de 4t, una mare d'una alumna que treballa a la botiga de mobles: \"Muebles Rey\" de Bin\u00e9far. Ens ha explicat com es fa la distribuci\u00f3 dels mobles en les diferents parts d'una casa. A partir d'un programa inform\u00e0tic, es van col\u00b7locant tots\u2026","rel":"","context":"En \u00abAltorric\u00f3n\u00bb","block_context":{"text":"Altorric\u00f3n","link":"https:\/\/craaltorricon.catedu.es\/?cat=16"},"img":{"alt_text":"","src":"https:\/\/i0.wp.com\/craaltorricon.catedu.es\/wp-content\/uploads\/sites\/188\/2019\/05\/WhatsApp-Image-2019-03-29-at-15.54.38-1-150x150.jpeg?resize=350%2C200&ssl=1","width":350,"height":200,"srcset":"https:\/\/i0.wp.com\/craaltorricon.catedu.es\/wp-content\/uploads\/sites\/188\/2019\/05\/WhatsApp-Image-2019-03-29-at-15.54.38-1-150x150.jpeg?resize=350%2C200&ssl=1 1x, https:\/\/i0.wp.com\/craaltorricon.catedu.es\/wp-content\/uploads\/sites\/188\/2019\/05\/WhatsApp-Image-2019-03-29-at-15.54.38-1-150x150.jpeg?resize=525%2C300&ssl=1 1.5x, https:\/\/i0.wp.com\/craaltorricon.catedu.es\/wp-content\/uploads\/sites\/188\/2019\/05\/WhatsApp-Image-2019-03-29-at-15.54.38-1-150x150.jpeg?resize=700%2C400&ssl=1 2x, https:\/\/i0.wp.com\/craaltorricon.catedu.es\/wp-content\/uploads\/sites\/188\/2019\/05\/WhatsApp-Image-2019-03-29-at-15.54.38-1-150x150.jpeg?resize=1050%2C600&ssl=1 3x, https:\/\/i0.wp.com\/craaltorricon.catedu.es\/wp-content\/uploads\/sites\/188\/2019\/05\/WhatsApp-Image-2019-03-29-at-15.54.38-1-150x150.jpeg?resize=1400%2C800&ssl=1 4x"},"classes":[]},{"id":1525,"url":"https:\/\/craaltorricon.catedu.es\/?p=1525","url_meta":{"origin":1342,"position":3},"title":"Les c\u00e8l\u00b7lules","author":"admin","date":"16 octubre, 2019","format":false,"excerpt":"A la classe de 5\u00e8 d'Altorric\u00f3, hem pogut observar les nostres c\u00e8l\u00b7lules epitelials de la mucosa nasal.\u00a0 La mare d'una alumna, ens ha portat un microscopi i despr\u00e9s d'un seguit de protocols: guants, colorant, posar el portaobjectes i el cobreobjectes...OH!!!\u00a0 Estem veient les diferents parts de les nostres c\u00e8l\u00b7lules! Moltes\u2026","rel":"","context":"En \u00abAltorric\u00f3n\u00bb","block_context":{"text":"Altorric\u00f3n","link":"https:\/\/craaltorricon.catedu.es\/?cat=16"},"img":{"alt_text":"","src":"https:\/\/i0.wp.com\/craaltorricon.catedu.es\/wp-content\/uploads\/sites\/188\/2019\/10\/20191010_162652-e1571329000189-150x150.jpg?resize=350%2C200&ssl=1","width":350,"height":200,"srcset":"https:\/\/i0.wp.com\/craaltorricon.catedu.es\/wp-content\/uploads\/sites\/188\/2019\/10\/20191010_162652-e1571329000189-150x150.jpg?resize=350%2C200&ssl=1 1x, https:\/\/i0.wp.com\/craaltorricon.catedu.es\/wp-content\/uploads\/sites\/188\/2019\/10\/20191010_162652-e1571329000189-150x150.jpg?resize=525%2C300&ssl=1 1.5x, https:\/\/i0.wp.com\/craaltorricon.catedu.es\/wp-content\/uploads\/sites\/188\/2019\/10\/20191010_162652-e1571329000189-150x150.jpg?resize=700%2C400&ssl=1 2x, https:\/\/i0.wp.com\/craaltorricon.catedu.es\/wp-content\/uploads\/sites\/188\/2019\/10\/20191010_162652-e1571329000189-150x150.jpg?resize=1050%2C600&ssl=1 3x, https:\/\/i0.wp.com\/craaltorricon.catedu.es\/wp-content\/uploads\/sites\/188\/2019\/10\/20191010_162652-e1571329000189-150x150.jpg?resize=1400%2C800&ssl=1 4x"},"classes":[]},{"id":1235,"url":"https:\/\/craaltorricon.catedu.es\/?p=1235","url_meta":{"origin":1342,"position":4},"title":"Les roques","author":"admin","date":"5 noviembre, 2018","format":false,"excerpt":"El divendres dia 26 d\u2019octubre, va venir a la classe de 4t en Claudio, el pare d\u2019una alumna. Com estem estudiant el tema de les roques, ens va explicar la seva feina a la fundici\u00f3 de Monz\u00f3n. Va ser for\u00e7a interessant.","rel":"","context":"En \u00abAltorric\u00f3n\u00bb","block_context":{"text":"Altorric\u00f3n","link":"https:\/\/craaltorricon.catedu.es\/?cat=16"},"img":{"alt_text":"","src":"https:\/\/i0.wp.com\/craaltorricon.catedu.es\/wp-content\/uploads\/sites\/188\/2018\/11\/IMG-20181029-WA0031-300x169.jpg?resize=350%2C200","width":350,"height":200},"classes":[]},{"id":1553,"url":"https:\/\/craaltorricon.catedu.es\/?p=1553","url_meta":{"origin":1342,"position":5},"title":"Ci\u00e8ncies Socials 4t","author":"admin","date":"16 octubre, 2019","format":false,"excerpt":"A la classe de 4t, ha vingut el pare d'un alumne per explicar-nos amb un power-point molt entenedor, el tema de Ci\u00e8ncies Socials que ara estem estudiant: l'atmosfera, factors i elements clim\u00e0tics, aparells per mesurar-los i els diferents climes de la nostra zona.\u00a0Hem escoltat amb molta atenci\u00f3 perqu\u00e8 ens ha\u2026","rel":"","context":"En \u00abAltorric\u00f3n\u00bb","block_context":{"text":"Altorric\u00f3n","link":"https:\/\/craaltorricon.catedu.es\/?cat=16"},"img":{"alt_text":"","src":"https:\/\/i0.wp.com\/craaltorricon.catedu.es\/wp-content\/uploads\/sites\/188\/2019\/10\/20191010_103217-150x150.jpg?resize=350%2C200&ssl=1","width":350,"height":200,"srcset":"https:\/\/i0.wp.com\/craaltorricon.catedu.es\/wp-content\/uploads\/sites\/188\/2019\/10\/20191010_103217-150x150.jpg?resize=350%2C200&ssl=1 1x, https:\/\/i0.wp.com\/craaltorricon.catedu.es\/wp-content\/uploads\/sites\/188\/2019\/10\/20191010_103217-150x150.jpg?resize=525%2C300&ssl=1 1.5x, https:\/\/i0.wp.com\/craaltorricon.catedu.es\/wp-content\/uploads\/sites\/188\/2019\/10\/20191010_103217-150x150.jpg?resize=700%2C400&ssl=1 2x, https:\/\/i0.wp.com\/craaltorricon.catedu.es\/wp-content\/uploads\/sites\/188\/2019\/10\/20191010_103217-150x150.jpg?resize=1050%2C600&ssl=1 3x, https:\/\/i0.wp.com\/craaltorricon.catedu.es\/wp-content\/uploads\/sites\/188\/2019\/10\/20191010_103217-150x150.jpg?resize=1400%2C800&ssl=1 4x"},"classes":[]}],"jetpack_likes_enabled":true,"_links":{"self":[{"href":"https:\/\/craaltorricon.catedu.es\/index.php?rest_route=\/wp\/v2\/posts\/1342","targetHints":{"allow":["GET"]}}],"collection":[{"href":"https:\/\/craaltorricon.catedu.es\/index.php?rest_route=\/wp\/v2\/posts"}],"about":[{"href":"https:\/\/craaltorricon.catedu.es\/index.php?rest_route=\/wp\/v2\/types\/post"}],"author":[{"embeddable":true,"href":"https:\/\/craaltorricon.catedu.es\/index.php?rest_route=\/wp\/v2\/users\/786"}],"replies":[{"embeddable":true,"href":"https:\/\/craaltorricon.catedu.es\/index.php?rest_route=%2Fwp%2Fv2%2Fcomments&post=1342"}],"version-history":[{"count":1,"href":"https:\/\/craaltorricon.catedu.es\/index.php?rest_route=\/wp\/v2\/posts\/1342\/revisions"}],"predecessor-version":[{"id":1347,"href":"https:\/\/craaltorricon.catedu.es\/index.php?rest_route=\/wp\/v2\/posts\/1342\/revisions\/1347"}],"wp:attachment":[{"href":"https:\/\/craaltorricon.catedu.es\/index.php?rest_route=%2Fwp%2Fv2%2Fmedia&parent=1342"}],"wp:term":[{"taxonomy":"category","embeddable":true,"href":"https:\/\/craaltorricon.catedu.es\/index.php?rest_route=%2Fwp%2Fv2%2Fcategories&post=1342"},{"taxonomy":"post_tag","embeddable":true,"href":"https:\/\/craaltorricon.catedu.es\/index.php?rest_route=%2Fwp%2Fv2%2Ftags&post=1342"}],"curies":[{"name":"wp","href":"https:\/\/api.w.org\/{rel}","templated":true}]}}