{"id":1357,"date":"2019-03-01T12:10:13","date_gmt":"2019-03-01T11:10:13","guid":{"rendered":"http:\/\/craaltorricon.catedu.es\/?p=1357"},"modified":"2019-03-01T12:10:51","modified_gmt":"2019-03-01T11:10:51","slug":"exposicion-de-los-as-alumnos-as-de-4","status":"publish","type":"post","link":"https:\/\/craaltorricon.catedu.es\/?p=1357","title":{"rendered":"EXPOSICI\u00d3N DE LOS\/AS    ALUMNOS\/AS  DE 4 \u00b0"},"content":{"rendered":"\n<p>Los\/as  alumnos\/as  de 4\u00b0  curso ya hemos ido en 2 ocasiones a exponer nuestros proyectos de Ciencias Naturales a los\/as  alumnos\/as  de 3\u00b0 curso. De esta manera interiorizamos m\u00e1s los contenidos, porque as\u00ed investigamos sobre el tema que estudiamos y al hacer los murales correspondientes profundizamos sobre dichos contenidos.<\/p>\n\n\n\n<p>El primer proyecto fue: \"Los Ecosistemas\"<\/p>\n\n\n\n<ul class=\"wp-block-gallery columns-2 is-cropped wp-block-gallery-1 is-layout-flex wp-block-gallery-is-layout-flex\"><li class=\"blocks-gallery-item\"><figure><img loading=\"lazy\" decoding=\"async\" width=\"1024\" height=\"768\" data-attachment-id=\"1364\" data-permalink=\"https:\/\/craaltorricon.catedu.es\/?attachment_id=1364\" data-orig-file=\"https:\/\/craaltorricon.catedu.es\/wp-content\/uploads\/sites\/188\/2019\/03\/WhatsApp-Image-2019-02-12-at-14.08.17-1.jpeg\" data-orig-size=\"1416,1062\" data-comments-opened=\"1\" data-image-meta=\"{&quot;aperture&quot;:&quot;0&quot;,&quot;credit&quot;:&quot;&quot;,&quot;camera&quot;:&quot;&quot;,&quot;caption&quot;:&quot;&quot;,&quot;created_timestamp&quot;:&quot;0&quot;,&quot;copyright&quot;:&quot;&quot;,&quot;focal_length&quot;:&quot;0&quot;,&quot;iso&quot;:&quot;0&quot;,&quot;shutter_speed&quot;:&quot;0&quot;,&quot;title&quot;:&quot;&quot;,&quot;orientation&quot;:&quot;0&quot;}\" data-image-title=\"WhatsApp Image 2019-02-12 at 14.08.17 (1)\" data-image-description=\"\" data-image-caption=\"\" data-large-file=\"https:\/\/craaltorricon.catedu.es\/wp-content\/uploads\/sites\/188\/2019\/03\/WhatsApp-Image-2019-02-12-at-14.08.17-1-1024x768.jpeg\" src=\"https:\/\/craaltorricon.catedu.es\/wp-content\/uploads\/sites\/188\/2019\/03\/WhatsApp-Image-2019-02-12-at-14.08.17-1-1024x768.jpeg\" alt=\"\" data-id=\"1364\" data-link=\"https:\/\/craaltorricon.catedu.es\/?attachment_id=1364\" class=\"wp-image-1364\" srcset=\"https:\/\/craaltorricon.catedu.es\/wp-content\/uploads\/sites\/188\/2019\/03\/WhatsApp-Image-2019-02-12-at-14.08.17-1-1024x768.jpeg 1024w, https:\/\/craaltorricon.catedu.es\/wp-content\/uploads\/sites\/188\/2019\/03\/WhatsApp-Image-2019-02-12-at-14.08.17-1-300x225.jpeg 300w, https:\/\/craaltorricon.catedu.es\/wp-content\/uploads\/sites\/188\/2019\/03\/WhatsApp-Image-2019-02-12-at-14.08.17-1-768x576.jpeg 768w, https:\/\/craaltorricon.catedu.es\/wp-content\/uploads\/sites\/188\/2019\/03\/WhatsApp-Image-2019-02-12-at-14.08.17-1-960x720.jpeg 960w, https:\/\/craaltorricon.catedu.es\/wp-content\/uploads\/sites\/188\/2019\/03\/WhatsApp-Image-2019-02-12-at-14.08.17-1.jpeg 1416w\" sizes=\"auto, (max-width: 1024px) 100vw, 1024px\" \/><\/figure><\/li><li class=\"blocks-gallery-item\"><figure><img loading=\"lazy\" decoding=\"async\" width=\"1024\" height=\"768\" data-attachment-id=\"1358\" data-permalink=\"https:\/\/craaltorricon.catedu.es\/?attachment_id=1358\" data-orig-file=\"https:\/\/craaltorricon.catedu.es\/wp-content\/uploads\/sites\/188\/2019\/03\/WhatsApp-Image-2019-02-12-at-14.08.17.jpeg\" data-orig-size=\"1416,1062\" data-comments-opened=\"1\" data-image-meta=\"{&quot;aperture&quot;:&quot;0&quot;,&quot;credit&quot;:&quot;&quot;,&quot;camera&quot;:&quot;&quot;,&quot;caption&quot;:&quot;&quot;,&quot;created_timestamp&quot;:&quot;0&quot;,&quot;copyright&quot;:&quot;&quot;,&quot;focal_length&quot;:&quot;0&quot;,&quot;iso&quot;:&quot;0&quot;,&quot;shutter_speed&quot;:&quot;0&quot;,&quot;title&quot;:&quot;&quot;,&quot;orientation&quot;:&quot;0&quot;}\" data-image-title=\"WhatsApp Image 2019-02-12 at 14.08.17\" data-image-description=\"\" data-image-caption=\"\" data-large-file=\"https:\/\/craaltorricon.catedu.es\/wp-content\/uploads\/sites\/188\/2019\/03\/WhatsApp-Image-2019-02-12-at-14.08.17-1024x768.jpeg\" src=\"https:\/\/craaltorricon.catedu.es\/wp-content\/uploads\/sites\/188\/2019\/03\/WhatsApp-Image-2019-02-12-at-14.08.17-1024x768.jpeg\" alt=\"\" data-id=\"1358\" data-link=\"https:\/\/craaltorricon.catedu.es\/?attachment_id=1358\" class=\"wp-image-1358\" srcset=\"https:\/\/craaltorricon.catedu.es\/wp-content\/uploads\/sites\/188\/2019\/03\/WhatsApp-Image-2019-02-12-at-14.08.17-1024x768.jpeg 1024w, https:\/\/craaltorricon.catedu.es\/wp-content\/uploads\/sites\/188\/2019\/03\/WhatsApp-Image-2019-02-12-at-14.08.17-300x225.jpeg 300w, https:\/\/craaltorricon.catedu.es\/wp-content\/uploads\/sites\/188\/2019\/03\/WhatsApp-Image-2019-02-12-at-14.08.17-768x576.jpeg 768w, https:\/\/craaltorricon.catedu.es\/wp-content\/uploads\/sites\/188\/2019\/03\/WhatsApp-Image-2019-02-12-at-14.08.17-960x720.jpeg 960w, https:\/\/craaltorricon.catedu.es\/wp-content\/uploads\/sites\/188\/2019\/03\/WhatsApp-Image-2019-02-12-at-14.08.17.jpeg 1416w\" sizes=\"auto, (max-width: 1024px) 100vw, 1024px\" \/><\/figure><\/li><\/ul>\n\n\n\n<p>El segundo proyecto ha sido: \"Las funciones de nutrici\u00f3n\".<\/p>\n\n\n\n<ul class=\"wp-block-gallery columns-3 is-cropped wp-block-gallery-2 is-layout-flex wp-block-gallery-is-layout-flex\"><li class=\"blocks-gallery-item\"><figure><img loading=\"lazy\" decoding=\"async\" width=\"768\" height=\"1024\" data-attachment-id=\"1363\" data-permalink=\"https:\/\/craaltorricon.catedu.es\/?attachment_id=1363\" data-orig-file=\"https:\/\/craaltorricon.catedu.es\/wp-content\/uploads\/sites\/188\/2019\/03\/WhatsApp-Image-2019-02-12-at-14.09.51.jpeg\" data-orig-size=\"1062,1416\" data-comments-opened=\"1\" data-image-meta=\"{&quot;aperture&quot;:&quot;0&quot;,&quot;credit&quot;:&quot;&quot;,&quot;camera&quot;:&quot;&quot;,&quot;caption&quot;:&quot;&quot;,&quot;created_timestamp&quot;:&quot;0&quot;,&quot;copyright&quot;:&quot;&quot;,&quot;focal_length&quot;:&quot;0&quot;,&quot;iso&quot;:&quot;0&quot;,&quot;shutter_speed&quot;:&quot;0&quot;,&quot;title&quot;:&quot;&quot;,&quot;orientation&quot;:&quot;0&quot;}\" data-image-title=\"WhatsApp Image 2019-02-12 at 14.09.51\" data-image-description=\"\" data-image-caption=\"\" data-large-file=\"https:\/\/craaltorricon.catedu.es\/wp-content\/uploads\/sites\/188\/2019\/03\/WhatsApp-Image-2019-02-12-at-14.09.51-768x1024.jpeg\" src=\"https:\/\/craaltorricon.catedu.es\/wp-content\/uploads\/sites\/188\/2019\/03\/WhatsApp-Image-2019-02-12-at-14.09.51-768x1024.jpeg\" alt=\"\" data-id=\"1363\" data-link=\"https:\/\/craaltorricon.catedu.es\/?attachment_id=1363\" class=\"wp-image-1363\" srcset=\"https:\/\/craaltorricon.catedu.es\/wp-content\/uploads\/sites\/188\/2019\/03\/WhatsApp-Image-2019-02-12-at-14.09.51-768x1024.jpeg 768w, https:\/\/craaltorricon.catedu.es\/wp-content\/uploads\/sites\/188\/2019\/03\/WhatsApp-Image-2019-02-12-at-14.09.51-225x300.jpeg 225w, https:\/\/craaltorricon.catedu.es\/wp-content\/uploads\/sites\/188\/2019\/03\/WhatsApp-Image-2019-02-12-at-14.09.51-960x1280.jpeg 960w, https:\/\/craaltorricon.catedu.es\/wp-content\/uploads\/sites\/188\/2019\/03\/WhatsApp-Image-2019-02-12-at-14.09.51.jpeg 1062w\" sizes=\"auto, (max-width: 768px) 100vw, 768px\" \/><\/figure><\/li><li class=\"blocks-gallery-item\"><figure><img loading=\"lazy\" decoding=\"async\" width=\"1024\" height=\"768\" data-attachment-id=\"1362\" data-permalink=\"https:\/\/craaltorricon.catedu.es\/?attachment_id=1362\" data-orig-file=\"https:\/\/craaltorricon.catedu.es\/wp-content\/uploads\/sites\/188\/2019\/03\/WhatsApp-Image-2019-02-12-at-14.09.51-1.jpeg\" data-orig-size=\"1416,1062\" data-comments-opened=\"1\" data-image-meta=\"{&quot;aperture&quot;:&quot;0&quot;,&quot;credit&quot;:&quot;&quot;,&quot;camera&quot;:&quot;&quot;,&quot;caption&quot;:&quot;&quot;,&quot;created_timestamp&quot;:&quot;0&quot;,&quot;copyright&quot;:&quot;&quot;,&quot;focal_length&quot;:&quot;0&quot;,&quot;iso&quot;:&quot;0&quot;,&quot;shutter_speed&quot;:&quot;0&quot;,&quot;title&quot;:&quot;&quot;,&quot;orientation&quot;:&quot;0&quot;}\" data-image-title=\"WhatsApp Image 2019-02-12 at 14.09.51 (1)\" data-image-description=\"\" data-image-caption=\"\" data-large-file=\"https:\/\/craaltorricon.catedu.es\/wp-content\/uploads\/sites\/188\/2019\/03\/WhatsApp-Image-2019-02-12-at-14.09.51-1-1024x768.jpeg\" src=\"https:\/\/craaltorricon.catedu.es\/wp-content\/uploads\/sites\/188\/2019\/03\/WhatsApp-Image-2019-02-12-at-14.09.51-1-1024x768.jpeg\" alt=\"\" data-id=\"1362\" data-link=\"https:\/\/craaltorricon.catedu.es\/?attachment_id=1362\" class=\"wp-image-1362\" srcset=\"https:\/\/craaltorricon.catedu.es\/wp-content\/uploads\/sites\/188\/2019\/03\/WhatsApp-Image-2019-02-12-at-14.09.51-1-1024x768.jpeg 1024w, https:\/\/craaltorricon.catedu.es\/wp-content\/uploads\/sites\/188\/2019\/03\/WhatsApp-Image-2019-02-12-at-14.09.51-1-300x225.jpeg 300w, https:\/\/craaltorricon.catedu.es\/wp-content\/uploads\/sites\/188\/2019\/03\/WhatsApp-Image-2019-02-12-at-14.09.51-1-768x576.jpeg 768w, https:\/\/craaltorricon.catedu.es\/wp-content\/uploads\/sites\/188\/2019\/03\/WhatsApp-Image-2019-02-12-at-14.09.51-1-960x720.jpeg 960w, https:\/\/craaltorricon.catedu.es\/wp-content\/uploads\/sites\/188\/2019\/03\/WhatsApp-Image-2019-02-12-at-14.09.51-1.jpeg 1416w\" sizes=\"auto, (max-width: 1024px) 100vw, 1024px\" \/><\/figure><\/li><li class=\"blocks-gallery-item\"><figure><img loading=\"lazy\" decoding=\"async\" width=\"1024\" height=\"768\" data-attachment-id=\"1361\" data-permalink=\"https:\/\/craaltorricon.catedu.es\/?attachment_id=1361\" data-orig-file=\"https:\/\/craaltorricon.catedu.es\/wp-content\/uploads\/sites\/188\/2019\/03\/WhatsApp-Image-2019-02-12-at-14.09.50.jpeg\" data-orig-size=\"1416,1062\" data-comments-opened=\"1\" data-image-meta=\"{&quot;aperture&quot;:&quot;0&quot;,&quot;credit&quot;:&quot;&quot;,&quot;camera&quot;:&quot;&quot;,&quot;caption&quot;:&quot;&quot;,&quot;created_timestamp&quot;:&quot;0&quot;,&quot;copyright&quot;:&quot;&quot;,&quot;focal_length&quot;:&quot;0&quot;,&quot;iso&quot;:&quot;0&quot;,&quot;shutter_speed&quot;:&quot;0&quot;,&quot;title&quot;:&quot;&quot;,&quot;orientation&quot;:&quot;0&quot;}\" data-image-title=\"WhatsApp Image 2019-02-12 at 14.09.50\" data-image-description=\"\" data-image-caption=\"\" data-large-file=\"https:\/\/craaltorricon.catedu.es\/wp-content\/uploads\/sites\/188\/2019\/03\/WhatsApp-Image-2019-02-12-at-14.09.50-1024x768.jpeg\" src=\"https:\/\/craaltorricon.catedu.es\/wp-content\/uploads\/sites\/188\/2019\/03\/WhatsApp-Image-2019-02-12-at-14.09.50-1024x768.jpeg\" alt=\"\" data-id=\"1361\" data-link=\"https:\/\/craaltorricon.catedu.es\/?attachment_id=1361\" class=\"wp-image-1361\" srcset=\"https:\/\/craaltorricon.catedu.es\/wp-content\/uploads\/sites\/188\/2019\/03\/WhatsApp-Image-2019-02-12-at-14.09.50-1024x768.jpeg 1024w, https:\/\/craaltorricon.catedu.es\/wp-content\/uploads\/sites\/188\/2019\/03\/WhatsApp-Image-2019-02-12-at-14.09.50-300x225.jpeg 300w, https:\/\/craaltorricon.catedu.es\/wp-content\/uploads\/sites\/188\/2019\/03\/WhatsApp-Image-2019-02-12-at-14.09.50-768x576.jpeg 768w, https:\/\/craaltorricon.catedu.es\/wp-content\/uploads\/sites\/188\/2019\/03\/WhatsApp-Image-2019-02-12-at-14.09.50-960x720.jpeg 960w, https:\/\/craaltorricon.catedu.es\/wp-content\/uploads\/sites\/188\/2019\/03\/WhatsApp-Image-2019-02-12-at-14.09.50.jpeg 1416w\" sizes=\"auto, (max-width: 1024px) 100vw, 1024px\" \/><\/figure><\/li><li class=\"blocks-gallery-item\"><figure><img loading=\"lazy\" decoding=\"async\" width=\"1024\" height=\"768\" data-attachment-id=\"1360\" data-permalink=\"https:\/\/craaltorricon.catedu.es\/?attachment_id=1360\" data-orig-file=\"https:\/\/craaltorricon.catedu.es\/wp-content\/uploads\/sites\/188\/2019\/03\/WhatsApp-Image-2019-02-12-at-14.09.50-2.jpeg\" data-orig-size=\"1416,1062\" data-comments-opened=\"1\" data-image-meta=\"{&quot;aperture&quot;:&quot;0&quot;,&quot;credit&quot;:&quot;&quot;,&quot;camera&quot;:&quot;&quot;,&quot;caption&quot;:&quot;&quot;,&quot;created_timestamp&quot;:&quot;0&quot;,&quot;copyright&quot;:&quot;&quot;,&quot;focal_length&quot;:&quot;0&quot;,&quot;iso&quot;:&quot;0&quot;,&quot;shutter_speed&quot;:&quot;0&quot;,&quot;title&quot;:&quot;&quot;,&quot;orientation&quot;:&quot;0&quot;}\" data-image-title=\"WhatsApp Image 2019-02-12 at 14.09.50 (2)\" data-image-description=\"\" data-image-caption=\"\" data-large-file=\"https:\/\/craaltorricon.catedu.es\/wp-content\/uploads\/sites\/188\/2019\/03\/WhatsApp-Image-2019-02-12-at-14.09.50-2-1024x768.jpeg\" src=\"https:\/\/craaltorricon.catedu.es\/wp-content\/uploads\/sites\/188\/2019\/03\/WhatsApp-Image-2019-02-12-at-14.09.50-2-1024x768.jpeg\" alt=\"\" data-id=\"1360\" data-link=\"https:\/\/craaltorricon.catedu.es\/?attachment_id=1360\" class=\"wp-image-1360\" srcset=\"https:\/\/craaltorricon.catedu.es\/wp-content\/uploads\/sites\/188\/2019\/03\/WhatsApp-Image-2019-02-12-at-14.09.50-2-1024x768.jpeg 1024w, https:\/\/craaltorricon.catedu.es\/wp-content\/uploads\/sites\/188\/2019\/03\/WhatsApp-Image-2019-02-12-at-14.09.50-2-300x225.jpeg 300w, https:\/\/craaltorricon.catedu.es\/wp-content\/uploads\/sites\/188\/2019\/03\/WhatsApp-Image-2019-02-12-at-14.09.50-2-768x576.jpeg 768w, https:\/\/craaltorricon.catedu.es\/wp-content\/uploads\/sites\/188\/2019\/03\/WhatsApp-Image-2019-02-12-at-14.09.50-2-960x720.jpeg 960w, https:\/\/craaltorricon.catedu.es\/wp-content\/uploads\/sites\/188\/2019\/03\/WhatsApp-Image-2019-02-12-at-14.09.50-2.jpeg 1416w\" sizes=\"auto, (max-width: 1024px) 100vw, 1024px\" \/><\/figure><\/li><li class=\"blocks-gallery-item\"><figure><img loading=\"lazy\" decoding=\"async\" width=\"1024\" height=\"768\" data-attachment-id=\"1359\" data-permalink=\"https:\/\/craaltorricon.catedu.es\/?attachment_id=1359\" data-orig-file=\"https:\/\/craaltorricon.catedu.es\/wp-content\/uploads\/sites\/188\/2019\/03\/WhatsApp-Image-2019-02-12-at-14.09.50-1.jpeg\" data-orig-size=\"1416,1062\" data-comments-opened=\"1\" data-image-meta=\"{&quot;aperture&quot;:&quot;0&quot;,&quot;credit&quot;:&quot;&quot;,&quot;camera&quot;:&quot;&quot;,&quot;caption&quot;:&quot;&quot;,&quot;created_timestamp&quot;:&quot;0&quot;,&quot;copyright&quot;:&quot;&quot;,&quot;focal_length&quot;:&quot;0&quot;,&quot;iso&quot;:&quot;0&quot;,&quot;shutter_speed&quot;:&quot;0&quot;,&quot;title&quot;:&quot;&quot;,&quot;orientation&quot;:&quot;0&quot;}\" data-image-title=\"WhatsApp Image 2019-02-12 at 14.09.50 (1)\" data-image-description=\"\" data-image-caption=\"\" data-large-file=\"https:\/\/craaltorricon.catedu.es\/wp-content\/uploads\/sites\/188\/2019\/03\/WhatsApp-Image-2019-02-12-at-14.09.50-1-1024x768.jpeg\" src=\"https:\/\/craaltorricon.catedu.es\/wp-content\/uploads\/sites\/188\/2019\/03\/WhatsApp-Image-2019-02-12-at-14.09.50-1-1024x768.jpeg\" alt=\"\" data-id=\"1359\" data-link=\"https:\/\/craaltorricon.catedu.es\/?attachment_id=1359\" class=\"wp-image-1359\" srcset=\"https:\/\/craaltorricon.catedu.es\/wp-content\/uploads\/sites\/188\/2019\/03\/WhatsApp-Image-2019-02-12-at-14.09.50-1-1024x768.jpeg 1024w, https:\/\/craaltorricon.catedu.es\/wp-content\/uploads\/sites\/188\/2019\/03\/WhatsApp-Image-2019-02-12-at-14.09.50-1-300x225.jpeg 300w, https:\/\/craaltorricon.catedu.es\/wp-content\/uploads\/sites\/188\/2019\/03\/WhatsApp-Image-2019-02-12-at-14.09.50-1-768x576.jpeg 768w, https:\/\/craaltorricon.catedu.es\/wp-content\/uploads\/sites\/188\/2019\/03\/WhatsApp-Image-2019-02-12-at-14.09.50-1-960x720.jpeg 960w, https:\/\/craaltorricon.catedu.es\/wp-content\/uploads\/sites\/188\/2019\/03\/WhatsApp-Image-2019-02-12-at-14.09.50-1.jpeg 1416w\" sizes=\"auto, (max-width: 1024px) 100vw, 1024px\" \/><\/figure><\/li><\/ul>\n","protected":false},"excerpt":{"rendered":"<p>Los\/as alumnos\/as de 4\u00b0 curso ya hemos ido en 2 ocasiones a exponer nuestros proyectos de Ciencias Naturales a los\/as alumnos\/as de 3\u00b0 curso. De esta manera interiorizamos m\u00e1s los contenidos, porque as\u00ed investigamos sobre el tema que estudiamos y al hacer los murales correspondientes profundizamos sobre dichos contenidos. El primer proyecto fue: \"Los Ecosistemas\" <a href=\"https:\/\/craaltorricon.catedu.es\/?p=1357\" class=\"more-link\">...contin\u00faa leyendo<span class=\"screen-reader-text\"> \"EXPOSICI\u00d3N DE LOS\/AS    ALUMNOS\/AS  DE 4 \u00b0\"<\/span><\/a><\/p>\n","protected":false},"author":786,"featured_media":0,"comment_status":"open","ping_status":"open","sticky":false,"template":"","format":"standard","meta":{"_uag_custom_page_level_css":"","_monsterinsights_skip_tracking":false,"_monsterinsights_sitenote_active":false,"_monsterinsights_sitenote_note":"","_monsterinsights_sitenote_category":0,"jetpack_post_was_ever_published":false,"_jetpack_newsletter_access":"","_jetpack_dont_email_post_to_subs":false,"_jetpack_newsletter_tier_id":0,"_jetpack_memberships_contains_paywalled_content":false,"_jetpack_memberships_contains_paid_content":false,"footnotes":"","jetpack_publicize_message":"","jetpack_publicize_feature_enabled":true,"jetpack_social_post_already_shared":true,"jetpack_social_options":{"image_generator_settings":{"template":"highway","default_image_id":0,"font":"","enabled":false},"version":2}},"categories":[16,9],"tags":[],"class_list":{"0":"post-1357","1":"post","2":"type-post","3":"status-publish","4":"format-standard","6":"category-altorricon","7":"category-novedades","8":"h-entry","9":"hentry","10":"h-as-article"},"jetpack_publicize_connections":[],"uagb_featured_image_src":{"full":false,"thumbnail":false,"medium":false,"medium_large":false,"large":false,"1536x1536":false,"2048x2048":false,"custom-header-image":false},"uagb_author_info":{"display_name":"admin","author_link":"https:\/\/craaltorricon.catedu.es\/?author=786"},"uagb_comment_info":0,"uagb_excerpt":"Los\/as alumnos\/as de 4\u00b0 curso ya hemos ido en 2 ocasiones a exponer nuestros proyectos de Ciencias Naturales a los\/as alumnos\/as de 3\u00b0 curso. De esta manera interiorizamos m\u00e1s los contenidos, porque as\u00ed investigamos sobre el tema que estudiamos y al hacer los murales correspondientes profundizamos sobre dichos contenidos. El primer proyecto fue: \"Los Ecosistemas\"&hellip;","jetpack_featured_media_url":"","jetpack_sharing_enabled":true,"jetpack_shortlink":"https:\/\/wp.me\/p8T00Q-lT","jetpack-related-posts":[{"id":2799,"url":"https:\/\/craaltorricon.catedu.es\/?p=2799","url_meta":{"origin":1357,"position":0},"title":"M\u00e1s podcasts de Altorric\u00f3n","author":"CRA Altorric\u00f3n","date":"7 abril, 2022","format":false,"excerpt":"En los talleres de podcast, este trimestre les ha tocado el turno a los alumnos de 3\u00ba y de 4\u00ba curso. Pod\u00e9is escuchar los dos programas grabados. En el primero, los alumnos de 3\u00ba de Altorric\u00f3n crearon noticias locas sobre el cole, y en el segundo, los alumnos de 4\u00ba\u2026","rel":"","context":"En \u00abAltorric\u00f3n\u00bb","block_context":{"text":"Altorric\u00f3n","link":"https:\/\/craaltorricon.catedu.es\/?cat=16"},"img":{"alt_text":"","src":"","width":0,"height":0},"classes":[]},{"id":2501,"url":"https:\/\/craaltorricon.catedu.es\/?p=2501","url_meta":{"origin":1357,"position":1},"title":"\u00a1SOMOS LA CLASE DE LOS ASTRONAUTAS!","author":"admin","date":"5 noviembre, 2021","format":false,"excerpt":"Este curso los alumnos de infantil, primero y segundo de Vencill\u00f3n hemos decidido que el nombre para nuestra clase ser\u00e1 \"LOS ASTRONAUTAS\". Hemos decorado la puerta de la clase y pronto empezaremos un proyecto sobre \"Las constelaciones\". \u00a1 Mirad que bonita ha quedado!","rel":"","context":"En \u00abVencill\u00f3n\u00bb","block_context":{"text":"Vencill\u00f3n","link":"https:\/\/craaltorricon.catedu.es\/?cat=17"},"img":{"alt_text":"","src":"https:\/\/i0.wp.com\/craaltorricon.catedu.es\/wp-content\/uploads\/sites\/188\/2021\/11\/20211022_101904-150x150.jpg?resize=350%2C200&ssl=1","width":350,"height":200,"srcset":"https:\/\/i0.wp.com\/craaltorricon.catedu.es\/wp-content\/uploads\/sites\/188\/2021\/11\/20211022_101904-150x150.jpg?resize=350%2C200&ssl=1 1x, https:\/\/i0.wp.com\/craaltorricon.catedu.es\/wp-content\/uploads\/sites\/188\/2021\/11\/20211022_101904-150x150.jpg?resize=525%2C300&ssl=1 1.5x, https:\/\/i0.wp.com\/craaltorricon.catedu.es\/wp-content\/uploads\/sites\/188\/2021\/11\/20211022_101904-150x150.jpg?resize=700%2C400&ssl=1 2x, https:\/\/i0.wp.com\/craaltorricon.catedu.es\/wp-content\/uploads\/sites\/188\/2021\/11\/20211022_101904-150x150.jpg?resize=1050%2C600&ssl=1 3x, https:\/\/i0.wp.com\/craaltorricon.catedu.es\/wp-content\/uploads\/sites\/188\/2021\/11\/20211022_101904-150x150.jpg?resize=1400%2C800&ssl=1 4x"},"classes":[]},{"id":2311,"url":"https:\/\/craaltorricon.catedu.es\/?p=2311","url_meta":{"origin":1357,"position":2},"title":"INDAGAMOS EN EL AULA DE INFORM\u00c1TICA","author":"admin","date":"1 octubre, 2021","format":false,"excerpt":"Los alumnos de 3\u00ba de Altorric\u00f3n hemos ido a los ordenadores a buscar informaci\u00f3n para el Proyecto de Ciencias Naturales. Despu\u00e9s, los contenidos que encontramos, los ponemos en com\u00fan en clase.","rel":"","context":"En \u00abAltorric\u00f3n\u00bb","block_context":{"text":"Altorric\u00f3n","link":"https:\/\/craaltorricon.catedu.es\/?cat=16"},"img":{"alt_text":"","src":"https:\/\/i0.wp.com\/craaltorricon.catedu.es\/wp-content\/uploads\/sites\/188\/2021\/10\/aprendizaje-activo-scaled.jpg?resize=350%2C200&ssl=1","width":350,"height":200,"srcset":"https:\/\/i0.wp.com\/craaltorricon.catedu.es\/wp-content\/uploads\/sites\/188\/2021\/10\/aprendizaje-activo-scaled.jpg?resize=350%2C200&ssl=1 1x, https:\/\/i0.wp.com\/craaltorricon.catedu.es\/wp-content\/uploads\/sites\/188\/2021\/10\/aprendizaje-activo-scaled.jpg?resize=525%2C300&ssl=1 1.5x, https:\/\/i0.wp.com\/craaltorricon.catedu.es\/wp-content\/uploads\/sites\/188\/2021\/10\/aprendizaje-activo-scaled.jpg?resize=700%2C400&ssl=1 2x, https:\/\/i0.wp.com\/craaltorricon.catedu.es\/wp-content\/uploads\/sites\/188\/2021\/10\/aprendizaje-activo-scaled.jpg?resize=1050%2C600&ssl=1 3x, https:\/\/i0.wp.com\/craaltorricon.catedu.es\/wp-content\/uploads\/sites\/188\/2021\/10\/aprendizaje-activo-scaled.jpg?resize=1400%2C800&ssl=1 4x"},"classes":[]},{"id":2323,"url":"https:\/\/craaltorricon.catedu.es\/?p=2323","url_meta":{"origin":1357,"position":3},"title":"PROYECTOS DE CIENCIAS NATURALES","author":"admin","date":"2 octubre, 2021","format":false,"excerpt":"Los detectives de 2\u00b0 curso de Altorric\u00f3n empezamos los proyectos de NATUS. \u00a1\u00a1\u00a1Vamos a investigar!!! \u00a0 Los\/as alumnos\/as de 6\u00b0 tambi\u00e9n empiezan los proyectos en el \u00e1rea de CCNN. \u00a0","rel":"","context":"En \u00abAltorric\u00f3n\u00bb","block_context":{"text":"Altorric\u00f3n","link":"https:\/\/craaltorricon.catedu.es\/?cat=16"},"img":{"alt_text":"","src":"https:\/\/i0.wp.com\/craaltorricon.catedu.es\/wp-content\/uploads\/sites\/188\/2021\/10\/WhatsApp-Image-2021-09-29-at-09.40.09-1-1.jpeg?resize=350%2C200&ssl=1","width":350,"height":200,"srcset":"https:\/\/i0.wp.com\/craaltorricon.catedu.es\/wp-content\/uploads\/sites\/188\/2021\/10\/WhatsApp-Image-2021-09-29-at-09.40.09-1-1.jpeg?resize=350%2C200&ssl=1 1x, https:\/\/i0.wp.com\/craaltorricon.catedu.es\/wp-content\/uploads\/sites\/188\/2021\/10\/WhatsApp-Image-2021-09-29-at-09.40.09-1-1.jpeg?resize=525%2C300&ssl=1 1.5x, https:\/\/i0.wp.com\/craaltorricon.catedu.es\/wp-content\/uploads\/sites\/188\/2021\/10\/WhatsApp-Image-2021-09-29-at-09.40.09-1-1.jpeg?resize=700%2C400&ssl=1 2x, https:\/\/i0.wp.com\/craaltorricon.catedu.es\/wp-content\/uploads\/sites\/188\/2021\/10\/WhatsApp-Image-2021-09-29-at-09.40.09-1-1.jpeg?resize=1050%2C600&ssl=1 3x, https:\/\/i0.wp.com\/craaltorricon.catedu.es\/wp-content\/uploads\/sites\/188\/2021\/10\/WhatsApp-Image-2021-09-29-at-09.40.09-1-1.jpeg?resize=1400%2C800&ssl=1 4x"},"classes":[]},{"id":1843,"url":"https:\/\/craaltorricon.catedu.es\/?p=1843","url_meta":{"origin":1357,"position":4},"title":"Fin de curso","author":"admin","date":"19 junio, 2020","format":false,"excerpt":"Este curso ha sido especial y el fin de curso tambi\u00e9n lo est\u00e1 siendo. Hoy es el \u00faltimo d\u00eda y todos en un momento u otro os hab\u00e9is podido despedir de todos los maestros y maestras. Pero no pod\u00eda faltar nuestra especial despedida al alumnado de 6\u00ba. El curso que\u2026","rel":"","context":"En \u00abAlgay\u00f3n\u00bb","block_context":{"text":"Algay\u00f3n","link":"https:\/\/craaltorricon.catedu.es\/?cat=13"},"img":{"alt_text":"","src":"https:\/\/i0.wp.com\/img.youtube.com\/vi\/_hW0DsQW0Yc\/0.jpg?resize=350%2C200","width":350,"height":200},"classes":[]},{"id":2360,"url":"https:\/\/craaltorricon.catedu.es\/?p=2360","url_meta":{"origin":1357,"position":5},"title":"NOS HEMOS AFICIONADO A LA LECTURA","author":"admin","date":"7 octubre, 2021","format":false,"excerpt":"Los alumnos\/as de 5\u00ba de Altorric\u00f3n, han empezado el curso con muchas ganas de leer. El libro \u201cEl coleccionista de estrellas\u201d nos ha cautivado y motivado. As\u00ed que pronto ya escribiremos en nuestro lect\u00f3metro que lo hemos terminado.","rel":"","context":"En \u00abAltorric\u00f3n\u00bb","block_context":{"text":"Altorric\u00f3n","link":"https:\/\/craaltorricon.catedu.es\/?cat=16"},"img":{"alt_text":"","src":"https:\/\/i0.wp.com\/craaltorricon.catedu.es\/wp-content\/uploads\/sites\/188\/2021\/10\/foto-lectura-5o-scaled.jpg?resize=350%2C200&ssl=1","width":350,"height":200,"srcset":"https:\/\/i0.wp.com\/craaltorricon.catedu.es\/wp-content\/uploads\/sites\/188\/2021\/10\/foto-lectura-5o-scaled.jpg?resize=350%2C200&ssl=1 1x, https:\/\/i0.wp.com\/craaltorricon.catedu.es\/wp-content\/uploads\/sites\/188\/2021\/10\/foto-lectura-5o-scaled.jpg?resize=525%2C300&ssl=1 1.5x, https:\/\/i0.wp.com\/craaltorricon.catedu.es\/wp-content\/uploads\/sites\/188\/2021\/10\/foto-lectura-5o-scaled.jpg?resize=700%2C400&ssl=1 2x, https:\/\/i0.wp.com\/craaltorricon.catedu.es\/wp-content\/uploads\/sites\/188\/2021\/10\/foto-lectura-5o-scaled.jpg?resize=1050%2C600&ssl=1 3x, https:\/\/i0.wp.com\/craaltorricon.catedu.es\/wp-content\/uploads\/sites\/188\/2021\/10\/foto-lectura-5o-scaled.jpg?resize=1400%2C800&ssl=1 4x"},"classes":[]}],"jetpack_likes_enabled":true,"_links":{"self":[{"href":"https:\/\/craaltorricon.catedu.es\/index.php?rest_route=\/wp\/v2\/posts\/1357","targetHints":{"allow":["GET"]}}],"collection":[{"href":"https:\/\/craaltorricon.catedu.es\/index.php?rest_route=\/wp\/v2\/posts"}],"about":[{"href":"https:\/\/craaltorricon.catedu.es\/index.php?rest_route=\/wp\/v2\/types\/post"}],"author":[{"embeddable":true,"href":"https:\/\/craaltorricon.catedu.es\/index.php?rest_route=\/wp\/v2\/users\/786"}],"replies":[{"embeddable":true,"href":"https:\/\/craaltorricon.catedu.es\/index.php?rest_route=%2Fwp%2Fv2%2Fcomments&post=1357"}],"version-history":[{"count":1,"href":"https:\/\/craaltorricon.catedu.es\/index.php?rest_route=\/wp\/v2\/posts\/1357\/revisions"}],"predecessor-version":[{"id":1365,"href":"https:\/\/craaltorricon.catedu.es\/index.php?rest_route=\/wp\/v2\/posts\/1357\/revisions\/1365"}],"wp:attachment":[{"href":"https:\/\/craaltorricon.catedu.es\/index.php?rest_route=%2Fwp%2Fv2%2Fmedia&parent=1357"}],"wp:term":[{"taxonomy":"category","embeddable":true,"href":"https:\/\/craaltorricon.catedu.es\/index.php?rest_route=%2Fwp%2Fv2%2Fcategories&post=1357"},{"taxonomy":"post_tag","embeddable":true,"href":"https:\/\/craaltorricon.catedu.es\/index.php?rest_route=%2Fwp%2Fv2%2Ftags&post=1357"}],"curies":[{"name":"wp","href":"https:\/\/api.w.org\/{rel}","templated":true}]}}