{"id":1366,"date":"2019-03-03T18:07:49","date_gmt":"2019-03-03T17:07:49","guid":{"rendered":"http:\/\/craaltorricon.catedu.es\/?p=1366"},"modified":"2019-03-03T18:21:38","modified_gmt":"2019-03-03T17:21:38","slug":"2o-dia-del-cra","status":"publish","type":"post","link":"https:\/\/craaltorricon.catedu.es\/?p=1366","title":{"rendered":"2\u00ba D\u00cdA DEL CRA"},"content":{"rendered":"\n<p>El pasado mi\u00e9rcoles d\u00eda 13 de febrero nos juntamos las tres\nlocalidades en Altorric\u00f3n para celebrar el 2\u00ba d\u00eda del CRA. Como ya sab\u00e9is el\ntema de este a\u00f1o es \u201cComo cuido, me cuidan\u201d y esta vez el d\u00eda estaba\nrelacionado con el deporte y el ejercicio f\u00edsico.<\/p>\n\n\n\n<p>La primera parte de la ma\u00f1ana la dedicamos a hacer unas\ncarreras solidarias. Desde los m\u00e1s peque\u00f1os, porque corrieron hasta los mayores\nde la guarder\u00eda, hasta los m\u00e1s mayores, vino gente de todas partes!! Cada uno corri\u00f3\ny aport\u00f3 una cantidad de dinero para donarlo a la ONG Save the Children para ayudar\na la educaci\u00f3n de los ni\u00f1os refugiados.<\/p>\n\n\n\n<p>Despu\u00e9s cantamos y bailamos la canci\u00f3n \u201cT\u00fa cuentas\u201d. Es una\ncanci\u00f3n de Celtas Cortos que han versionado en contra del bullying.<\/p>\n\n\n\n<p>Seguidamente, el AMPA de Altorric\u00f3n nos reparti\u00f3 chocolate\ndesecho con bizcochos para reponer fuerzas.<\/p>\n\n\n\n<p>Y acabamos la ma\u00f1ana repartidos por cursos y realizando\ndiferentes pruebas f\u00edsicas que los maestros hab\u00edan preparado.<\/p>\n\n\n\n<p>Pasamos un d\u00eda muy diferente y divertido. Que nos preparar\u00e1n\npara el tercer d\u00eda del CRA\u2026??<\/p>\n\n\n\n<p>Ah!! Y adem\u00e1s, tuvimos la visita de Tele Arag\u00f3n, estuvo\ngrabando y luego lo emitieron en el programa \u201cArag\u00f3n en abierto\u201d.<\/p>\n\n\n\n<p>Aqu\u00ed os dejamos un v\u00eddeo con todas las fotos que nos\nhicieron los maestros, otro de la canci\u00f3n y otro del programa de Tele Arag\u00f3n.<\/p>\n\n\n\n<p>\u00a1\u00a1Disfrutad tanto como lo hicimos nosotros!!<\/p>\n\n\n\n<figure class=\"wp-block-embed-youtube wp-block-embed is-type-video is-provider-youtube wp-embed-aspect-16-9 wp-has-aspect-ratio\"><div class=\"wp-block-embed__wrapper\">\n<span class=\"embed-youtube\" style=\"text-align:center; display: block;\"><iframe loading=\"lazy\" class=\"youtube-player\" width=\"625\" height=\"352\" src=\"https:\/\/www.youtube.com\/embed\/W2MTiHLNqZ8?version=3&#038;rel=1&#038;showsearch=0&#038;showinfo=1&#038;iv_load_policy=1&#038;fs=1&#038;hl=es-ES&#038;autohide=2&#038;wmode=transparent\" allowfullscreen=\"true\" style=\"border:0;\" sandbox=\"allow-scripts allow-same-origin allow-popups allow-presentation allow-popups-to-escape-sandbox\"><\/iframe><\/span>\n<\/div><\/figure>\n\n\n\n<figure class=\"wp-block-embed-youtube wp-block-embed is-type-video is-provider-youtube wp-embed-aspect-16-9 wp-has-aspect-ratio\"><div class=\"wp-block-embed__wrapper\">\n<span class=\"embed-youtube\" style=\"text-align:center; display: block;\"><iframe loading=\"lazy\" class=\"youtube-player\" width=\"625\" height=\"352\" src=\"https:\/\/www.youtube.com\/embed\/Q96Qp-emCC8?version=3&#038;rel=1&#038;showsearch=0&#038;showinfo=1&#038;iv_load_policy=1&#038;fs=1&#038;hl=es-ES&#038;autohide=2&#038;wmode=transparent\" allowfullscreen=\"true\" style=\"border:0;\" sandbox=\"allow-scripts allow-same-origin allow-popups allow-presentation allow-popups-to-escape-sandbox\"><\/iframe><\/span>\n<\/div><\/figure>\n\n\n\n<figure class=\"wp-block-embed-youtube wp-block-embed is-type-video is-provider-youtube wp-embed-aspect-16-9 wp-has-aspect-ratio\"><div class=\"wp-block-embed__wrapper\">\n<span class=\"embed-youtube\" style=\"text-align:center; display: block;\"><iframe loading=\"lazy\" class=\"youtube-player\" width=\"625\" height=\"352\" src=\"https:\/\/www.youtube.com\/embed\/YGbzZDMRpjA?version=3&#038;rel=1&#038;showsearch=0&#038;showinfo=1&#038;iv_load_policy=1&#038;fs=1&#038;hl=es-ES&#038;autohide=2&#038;wmode=transparent\" allowfullscreen=\"true\" style=\"border:0;\" sandbox=\"allow-scripts allow-same-origin allow-popups allow-presentation allow-popups-to-escape-sandbox\"><\/iframe><\/span>\n<\/div><\/figure>\n","protected":false},"excerpt":{"rendered":"<p>El pasado mi\u00e9rcoles d\u00eda 13 de febrero nos juntamos las tres localidades en Altorric\u00f3n para celebrar el 2\u00ba d\u00eda del CRA. Como ya sab\u00e9is el tema de este a\u00f1o es \u201cComo cuido, me cuidan\u201d y esta vez el d\u00eda estaba relacionado con el deporte y el ejercicio f\u00edsico. La primera parte de la ma\u00f1ana la <a href=\"https:\/\/craaltorricon.catedu.es\/?p=1366\" class=\"more-link\">...contin\u00faa leyendo<span class=\"screen-reader-text\"> \"2\u00ba D\u00cdA DEL CRA\"<\/span><\/a><\/p>\n","protected":false},"author":786,"featured_media":0,"comment_status":"open","ping_status":"open","sticky":false,"template":"","format":"standard","meta":{"_uag_custom_page_level_css":"","_monsterinsights_skip_tracking":false,"_monsterinsights_sitenote_active":false,"_monsterinsights_sitenote_note":"","_monsterinsights_sitenote_category":0,"jetpack_post_was_ever_published":false,"_jetpack_newsletter_access":"","_jetpack_dont_email_post_to_subs":false,"_jetpack_newsletter_tier_id":0,"_jetpack_memberships_contains_paywalled_content":false,"_jetpack_memberships_contains_paid_content":false,"footnotes":"","jetpack_publicize_message":"","jetpack_publicize_feature_enabled":true,"jetpack_social_post_already_shared":true,"jetpack_social_options":{"image_generator_settings":{"template":"highway","default_image_id":0,"font":"","enabled":false},"version":2}},"categories":[13,16,18,9,17],"tags":[],"class_list":{"0":"post-1366","1":"post","2":"type-post","3":"status-publish","4":"format-standard","6":"category-algayon","7":"category-altorricon","8":"category-cra","9":"category-novedades","10":"category-vencillon","11":"h-entry","12":"hentry","13":"h-as-article"},"jetpack_publicize_connections":[],"uagb_featured_image_src":{"full":false,"thumbnail":false,"medium":false,"medium_large":false,"large":false,"1536x1536":false,"2048x2048":false,"custom-header-image":false},"uagb_author_info":{"display_name":"admin","author_link":"https:\/\/craaltorricon.catedu.es\/?author=786"},"uagb_comment_info":1,"uagb_excerpt":"El pasado mi\u00e9rcoles d\u00eda 13 de febrero nos juntamos las tres localidades en Altorric\u00f3n para celebrar el 2\u00ba d\u00eda del CRA. Como ya sab\u00e9is el tema de este a\u00f1o es \u201cComo cuido, me cuidan\u201d y esta vez el d\u00eda estaba relacionado con el deporte y el ejercicio f\u00edsico. La primera parte de la ma\u00f1ana la&hellip;","jetpack_featured_media_url":"","jetpack_sharing_enabled":true,"jetpack_shortlink":"https:\/\/wp.me\/p8T00Q-m2","jetpack-related-posts":[{"id":3703,"url":"https:\/\/craaltorricon.catedu.es\/?p=3703","url_meta":{"origin":1366,"position":0},"title":"D\u00cdA DE CRA EN ALGAY\u00d3N","author":"CRA Altorric\u00f3n","date":"21 abril, 2025","format":false,"excerpt":"El pasado 28 de marzo celebramos el d\u00eda de CRA todos juntos en Algay\u00f3n. Empezamos preparando los bocadillos para el almuerzo y seguidamente empezaron los kil\u00f3metros de Solidaridad. Todos corrimos o caminamos con ilusi\u00f3n y con muchas ganas y as\u00ed pudimos recoger 545,51\u20ac para donarlo a los ni\u00f1os y ni\u00f1as\u2026","rel":"","context":"En \u00abAlgay\u00f3n\u00bb","block_context":{"text":"Algay\u00f3n","link":"https:\/\/craaltorricon.catedu.es\/?cat=13"},"img":{"alt_text":"","src":"","width":0,"height":0},"classes":[]},{"id":3337,"url":"https:\/\/craaltorricon.catedu.es\/?p=3337","url_meta":{"origin":1366,"position":1},"title":"TERMINA OTRO CURSO M\u00c1S.","author":"CRA Altorric\u00f3n","date":"2 julio, 2023","format":false,"excerpt":"\u00a1Qu\u00e9 r\u00e1pido que ha pasado el curso! \u00a1Casi sin darnos cuenta! Como llevamos unos d\u00edas comentando, la \u00faltima semana lectiva, nuestro alumnado disfrut\u00f3 de actividades de un car\u00e1cter m\u00e1s l\u00fadico, un poco m\u00e1s distendidas.Pero tambi\u00e9n quedaba el 3er encuentro del CRA, que pudimos disfrutar en Vencill\u00f3n.\u00a0As\u00ed, las 3 localidades nos\u2026","rel":"","context":"En \u00abAlgay\u00f3n\u00bb","block_context":{"text":"Algay\u00f3n","link":"https:\/\/craaltorricon.catedu.es\/?cat=13"},"img":{"alt_text":"","src":"","width":0,"height":0},"classes":[]},{"id":3845,"url":"https:\/\/craaltorricon.catedu.es\/?p=3845","url_meta":{"origin":1366,"position":2},"title":"CASTAWEEN","author":"CRA Altorric\u00f3n","date":"4 diciembre, 2025","format":false,"excerpt":"El pasado viernes 31 de octubre celebramos el primer encuentro del CRA en Vencill\u00f3n con la tem\u00e1tica de Castaween. Fue un d\u00eda con muchas actividades. Tuvimos un teatro en el que nos explicaron, a trav\u00e9s de una experiencia vivencial, la importancia de la ganader\u00eda extensiva y el pastoralismo, con valores\u2026","rel":"","context":"En \u00abAlgay\u00f3n\u00bb","block_context":{"text":"Algay\u00f3n","link":"https:\/\/craaltorricon.catedu.es\/?cat=13"},"img":{"alt_text":"","src":"","width":0,"height":0},"classes":[]},{"id":2961,"url":"https:\/\/craaltorricon.catedu.es\/?p=2961","url_meta":{"origin":1366,"position":3},"title":"D\u00eda de CRA","author":"CRA Altorric\u00f3n","date":"12 noviembre, 2022","format":false,"excerpt":"El jueves 27 de Octubre, celebramos en el colegio de Altorric\u00f3n el Primer Encuentro del CRA, en el que como ya sabeis, nos reunimos los tres pueblos (Algay\u00f3n, Altorric\u00f3n y Vencill\u00f3n) que forman el mismo, y realizamos diversas actividades. Este a\u00f1o, nuestro Primer d\u00eda del CRA ten\u00eda como tem\u00e1tica la\u2026","rel":"","context":"En \u00abAlgay\u00f3n\u00bb","block_context":{"text":"Algay\u00f3n","link":"https:\/\/craaltorricon.catedu.es\/?cat=13"},"img":{"alt_text":"","src":"https:\/\/i0.wp.com\/img.youtube.com\/vi\/VxP_C0MoxLE\/0.jpg?resize=350%2C200","width":350,"height":200},"classes":[]},{"id":3899,"url":"https:\/\/craaltorricon.catedu.es\/?p=3899","url_meta":{"origin":1366,"position":4},"title":"P\u00edldoras","author":"CRA Altorric\u00f3n","date":"10 febrero, 2026","format":false,"excerpt":"Desde el proyecto\u00a0JACARDI en Escuelas Promotoras de Salud, queremos compartir con vosotros peque\u00f1os mensajes que nos ayuden a reflexionar sobre c\u00f3mo cuidamos nuestra salud y la de nuestros hijos e hijas. Cada dos semanas recibir\u00e9is una\u00a0mini p\u00edldora saludable, con una idea sencilla para incorporar h\u00e1bitos m\u00e1s sanos en el d\u00eda\u2026","rel":"","context":"En \u00abAlgay\u00f3n\u00bb","block_context":{"text":"Algay\u00f3n","link":"https:\/\/craaltorricon.catedu.es\/?cat=13"},"img":{"alt_text":"","src":"","width":0,"height":0},"classes":[]},{"id":3105,"url":"https:\/\/craaltorricon.catedu.es\/?p=3105","url_meta":{"origin":1366,"position":5},"title":"8 MARZO. D\u00cdA INTERNACIONAL DE LA MUJER EN EL C.R.A. ALTORRIC\u00d3N.","author":"CRA Altorric\u00f3n","date":"13 marzo, 2023","format":false,"excerpt":"El pasado 8 de marzo conmemoramos en las tres localidades del CRA el D\u00eda Internacional de la mujer. Durante todo el d\u00eda estuvimos realizando diversas actividades relacionadas con la igualdad. Comenzamos ilustrando partes de la canci\u00f3n \u201cDepende de los dos\u201d para luego bailarla todos juntos en el patio del cole.\u2026","rel":"","context":"En \u00abAlgay\u00f3n\u00bb","block_context":{"text":"Algay\u00f3n","link":"https:\/\/craaltorricon.catedu.es\/?cat=13"},"img":{"alt_text":"","src":"","width":0,"height":0},"classes":[]}],"jetpack_likes_enabled":true,"_links":{"self":[{"href":"https:\/\/craaltorricon.catedu.es\/index.php?rest_route=\/wp\/v2\/posts\/1366","targetHints":{"allow":["GET"]}}],"collection":[{"href":"https:\/\/craaltorricon.catedu.es\/index.php?rest_route=\/wp\/v2\/posts"}],"about":[{"href":"https:\/\/craaltorricon.catedu.es\/index.php?rest_route=\/wp\/v2\/types\/post"}],"author":[{"embeddable":true,"href":"https:\/\/craaltorricon.catedu.es\/index.php?rest_route=\/wp\/v2\/users\/786"}],"replies":[{"embeddable":true,"href":"https:\/\/craaltorricon.catedu.es\/index.php?rest_route=%2Fwp%2Fv2%2Fcomments&post=1366"}],"version-history":[{"count":1,"href":"https:\/\/craaltorricon.catedu.es\/index.php?rest_route=\/wp\/v2\/posts\/1366\/revisions"}],"predecessor-version":[{"id":1367,"href":"https:\/\/craaltorricon.catedu.es\/index.php?rest_route=\/wp\/v2\/posts\/1366\/revisions\/1367"}],"wp:attachment":[{"href":"https:\/\/craaltorricon.catedu.es\/index.php?rest_route=%2Fwp%2Fv2%2Fmedia&parent=1366"}],"wp:term":[{"taxonomy":"category","embeddable":true,"href":"https:\/\/craaltorricon.catedu.es\/index.php?rest_route=%2Fwp%2Fv2%2Fcategories&post=1366"},{"taxonomy":"post_tag","embeddable":true,"href":"https:\/\/craaltorricon.catedu.es\/index.php?rest_route=%2Fwp%2Fv2%2Ftags&post=1366"}],"curies":[{"name":"wp","href":"https:\/\/api.w.org\/{rel}","templated":true}]}}