{"id":1385,"date":"2019-04-11T16:23:25","date_gmt":"2019-04-11T14:23:25","guid":{"rendered":"http:\/\/craaltorricon.catedu.es\/?p=1385"},"modified":"2019-04-11T16:24:05","modified_gmt":"2019-04-11T14:24:05","slug":"programa-de-radio-somos-litera","status":"publish","type":"post","link":"https:\/\/craaltorricon.catedu.es\/?p=1385","title":{"rendered":"Programa de Radio &#8211; Somos Litera"},"content":{"rendered":"\n<p>Los alumn@s de sexto del cole van a realizar ma\u00f1ana d\u00eda 12 de abril un programa de radio en directo de 11 a 12 de la ma\u00f1ana con la emisora digital Somos Litera.<\/p>\n\n\n\n<p>Os invitamos a escucharlo!!!<\/p>\n\n\n\n<p>Si no pod\u00e9is hacerlo en directo, luego queda colgado en Internet.<\/p>\n\n\n\n<p>Este primer programa ser\u00e1 realizado por la localidad de Altorric\u00f3n y el segundo, que ser\u00e1 el 14 de junio, ser\u00e1 por las localidades de Algay\u00f3n y Vencill\u00f3n.<\/p>\n","protected":false},"excerpt":{"rendered":"<p>Los alumn@s de sexto del cole van a realizar ma\u00f1ana d\u00eda 12 de abril un programa de radio en directo de 11 a 12 de la ma\u00f1ana con la emisora digital Somos Litera. Os invitamos a escucharlo!!! Si no pod\u00e9is hacerlo en directo, luego queda colgado en Internet. Este primer programa ser\u00e1 realizado por la <a href=\"https:\/\/craaltorricon.catedu.es\/?p=1385\" class=\"more-link\">...contin\u00faa leyendo<span class=\"screen-reader-text\"> \"Programa de Radio &#8211; Somos Litera\"<\/span><\/a><\/p>\n","protected":false},"author":786,"featured_media":0,"comment_status":"open","ping_status":"open","sticky":false,"template":"","format":"standard","meta":{"_uag_custom_page_level_css":"","_monsterinsights_skip_tracking":false,"_monsterinsights_sitenote_active":false,"_monsterinsights_sitenote_note":"","_monsterinsights_sitenote_category":0,"jetpack_post_was_ever_published":false,"_jetpack_newsletter_access":"","_jetpack_dont_email_post_to_subs":false,"_jetpack_newsletter_tier_id":0,"_jetpack_memberships_contains_paywalled_content":false,"_jetpack_memberships_contains_paid_content":false,"footnotes":"","jetpack_publicize_message":"","jetpack_publicize_feature_enabled":true,"jetpack_social_post_already_shared":true,"jetpack_social_options":{"image_generator_settings":{"template":"highway","default_image_id":0,"font":"","enabled":false},"version":2}},"categories":[13,16,18,9,17],"tags":[],"class_list":{"0":"post-1385","1":"post","2":"type-post","3":"status-publish","4":"format-standard","6":"category-algayon","7":"category-altorricon","8":"category-cra","9":"category-novedades","10":"category-vencillon","11":"h-entry","12":"hentry","13":"h-as-article"},"jetpack_publicize_connections":[],"uagb_featured_image_src":{"full":false,"thumbnail":false,"medium":false,"medium_large":false,"large":false,"1536x1536":false,"2048x2048":false,"custom-header-image":false},"uagb_author_info":{"display_name":"admin","author_link":"https:\/\/craaltorricon.catedu.es\/?author=786"},"uagb_comment_info":0,"uagb_excerpt":"Los alumn@s de sexto del cole van a realizar ma\u00f1ana d\u00eda 12 de abril un programa de radio en directo de 11 a 12 de la ma\u00f1ana con la emisora digital Somos Litera. Os invitamos a escucharlo!!! Si no pod\u00e9is hacerlo en directo, luego queda colgado en Internet. Este primer programa ser\u00e1 realizado por la&hellip;","jetpack_featured_media_url":"","jetpack_sharing_enabled":true,"jetpack_shortlink":"https:\/\/wp.me\/p8T00Q-ml","jetpack-related-posts":[{"id":1272,"url":"https:\/\/craaltorricon.catedu.es\/?p=1272","url_meta":{"origin":1385,"position":0},"title":"AULA EN BICI EN EL C.R.A.","author":"admin","date":"3 diciembre, 2018","format":false,"excerpt":"Este martes 28 de noviembre los alumn@s de 5\u00ba y 6\u00ba realizamos las actividades de Aula en Bici en el C.R.A. Se trata de un programa que pretende potenciar el uso de la bicicleta. Para ello se realizaron dos actividades una el Altorric\u00f3n en la que tambi\u00e9n particip\u00f3 el alumnado\u2026","rel":"","context":"En \u00abAlgay\u00f3n\u00bb","block_context":{"text":"Algay\u00f3n","link":"https:\/\/craaltorricon.catedu.es\/?cat=13"},"img":{"alt_text":"","src":"","width":0,"height":0},"classes":[]},{"id":3674,"url":"https:\/\/craaltorricon.catedu.es\/?p=3674","url_meta":{"origin":1385,"position":1},"title":"Desayunos saludables","author":"admin","date":"19 febrero, 2025","format":false,"excerpt":"Somos escuela promotora de salud y estamos dentro del programa Jacardi. \u00a1\u00a1POR ESO QUEREMOS DESAYUNOS SALUDABLES!! Siempre hay excepciones ... un cumplea\u00f1os, un d\u00eda de CRA, ...","rel":"","context":"En \u00abAlgay\u00f3n\u00bb","block_context":{"text":"Algay\u00f3n","link":"https:\/\/craaltorricon.catedu.es\/?cat=13"},"img":{"alt_text":"","src":"","width":0,"height":0},"classes":[]},{"id":2125,"url":"https:\/\/craaltorricon.catedu.es\/?p=2125","url_meta":{"origin":1385,"position":2},"title":"RECUPERACI\u00d3N DIAS FILOMENA","author":"admin","date":"23 marzo, 2021","format":false,"excerpt":"Tras la solicitud que os explicamos en una entrada anterior, el Ayuntamiento de Altorric\u00f3n y Vencill\u00f3n ya ha recibido respuesta y se ha confirmado el cambio de fecha para recuperar uno de los d\u00edas propuestos por la Administraci\u00f3n. Estamos a la espera de Algay\u00f3n, aunque damos por hecho que ser\u00e1\u2026","rel":"","context":"En \u00abAlgay\u00f3n\u00bb","block_context":{"text":"Algay\u00f3n","link":"https:\/\/craaltorricon.catedu.es\/?cat=13"},"img":{"alt_text":"","src":"","width":0,"height":0},"classes":[]},{"id":2087,"url":"https:\/\/craaltorricon.catedu.es\/?p=2087","url_meta":{"origin":1385,"position":3},"title":"NUEVAS MASCARILLAS","author":"admin","date":"29 enero, 2021","format":false,"excerpt":"Durante esta semana hemos recibido una mascarilla para todo el alumnado de nuestro CRA, de parte de la Comarca de La Litera. Hoy se las han llevado los ni\u00f1os y ni\u00f1as de Altorric\u00f3n, y la pr\u00f3xima semana les llegar\u00e1n a trav\u00e9s de nuestros profes itinerantes a los de Vencill\u00f3n y\u2026","rel":"","context":"En \u00abCRA\u00bb","block_context":{"text":"CRA","link":"https:\/\/craaltorricon.catedu.es\/?cat=18"},"img":{"alt_text":"","src":"https:\/\/i0.wp.com\/craaltorricon.catedu.es\/wp-content\/uploads\/sites\/188\/2021\/01\/IMG_20210129_083328-300x225.jpg?resize=350%2C200","width":350,"height":200},"classes":[]},{"id":1366,"url":"https:\/\/craaltorricon.catedu.es\/?p=1366","url_meta":{"origin":1385,"position":4},"title":"2\u00ba D\u00cdA DEL CRA","author":"admin","date":"3 marzo, 2019","format":false,"excerpt":"El pasado mi\u00e9rcoles d\u00eda 13 de febrero nos juntamos las tres localidades en Altorric\u00f3n para celebrar el 2\u00ba d\u00eda del CRA. Como ya sab\u00e9is el tema de este a\u00f1o es \u201cComo cuido, me cuidan\u201d y esta vez el d\u00eda estaba relacionado con el deporte y el ejercicio f\u00edsico. La primera\u2026","rel":"","context":"En \u00abAlgay\u00f3n\u00bb","block_context":{"text":"Algay\u00f3n","link":"https:\/\/craaltorricon.catedu.es\/?cat=13"},"img":{"alt_text":"","src":"https:\/\/i0.wp.com\/img.youtube.com\/vi\/W2MTiHLNqZ8\/0.jpg?resize=350%2C200","width":350,"height":200},"classes":[]},{"id":1628,"url":"https:\/\/craaltorricon.catedu.es\/?p=1628","url_meta":{"origin":1385,"position":5},"title":"Coro escolar","author":"admin","date":"27 noviembre, 2019","format":false,"excerpt":"Este a\u00f1o seguimos con el programa de coros escolares de la DGA. Tenemos muchas ganas que pronto nos escuch\u00e9is, trabajamos muy duro y disfrutamos mucho. Aqu\u00ed nos pod\u00e9is ver en uno de los ensayos, cada uno en su localidad.","rel":"","context":"En \u00abAlgay\u00f3n\u00bb","block_context":{"text":"Algay\u00f3n","link":"https:\/\/craaltorricon.catedu.es\/?cat=13"},"img":{"alt_text":"","src":"https:\/\/i0.wp.com\/craaltorricon.catedu.es\/wp-content\/uploads\/sites\/188\/2019\/11\/IMG-20191120-WA0005.jpg?resize=350%2C200&ssl=1","width":350,"height":200,"srcset":"https:\/\/i0.wp.com\/craaltorricon.catedu.es\/wp-content\/uploads\/sites\/188\/2019\/11\/IMG-20191120-WA0005.jpg?resize=350%2C200&ssl=1 1x, https:\/\/i0.wp.com\/craaltorricon.catedu.es\/wp-content\/uploads\/sites\/188\/2019\/11\/IMG-20191120-WA0005.jpg?resize=525%2C300&ssl=1 1.5x"},"classes":[]}],"jetpack_likes_enabled":true,"_links":{"self":[{"href":"https:\/\/craaltorricon.catedu.es\/index.php?rest_route=\/wp\/v2\/posts\/1385","targetHints":{"allow":["GET"]}}],"collection":[{"href":"https:\/\/craaltorricon.catedu.es\/index.php?rest_route=\/wp\/v2\/posts"}],"about":[{"href":"https:\/\/craaltorricon.catedu.es\/index.php?rest_route=\/wp\/v2\/types\/post"}],"author":[{"embeddable":true,"href":"https:\/\/craaltorricon.catedu.es\/index.php?rest_route=\/wp\/v2\/users\/786"}],"replies":[{"embeddable":true,"href":"https:\/\/craaltorricon.catedu.es\/index.php?rest_route=%2Fwp%2Fv2%2Fcomments&post=1385"}],"version-history":[{"count":1,"href":"https:\/\/craaltorricon.catedu.es\/index.php?rest_route=\/wp\/v2\/posts\/1385\/revisions"}],"predecessor-version":[{"id":1386,"href":"https:\/\/craaltorricon.catedu.es\/index.php?rest_route=\/wp\/v2\/posts\/1385\/revisions\/1386"}],"wp:attachment":[{"href":"https:\/\/craaltorricon.catedu.es\/index.php?rest_route=%2Fwp%2Fv2%2Fmedia&parent=1385"}],"wp:term":[{"taxonomy":"category","embeddable":true,"href":"https:\/\/craaltorricon.catedu.es\/index.php?rest_route=%2Fwp%2Fv2%2Fcategories&post=1385"},{"taxonomy":"post_tag","embeddable":true,"href":"https:\/\/craaltorricon.catedu.es\/index.php?rest_route=%2Fwp%2Fv2%2Ftags&post=1385"}],"curies":[{"name":"wp","href":"https:\/\/api.w.org\/{rel}","templated":true}]}}