{"id":1461,"date":"2019-05-19T22:17:56","date_gmt":"2019-05-19T20:17:56","guid":{"rendered":"http:\/\/craaltorricon.catedu.es\/?p=1461"},"modified":"2019-05-19T22:46:30","modified_gmt":"2019-05-19T20:46:30","slug":"cuestionario-igualdad","status":"publish","type":"post","link":"https:\/\/craaltorricon.catedu.es\/?p=1461","title":{"rendered":"Cuestionario Igualdad"},"content":{"rendered":"\n<p>Buenos d\u00edas, el centro est\u00e1 comenzando a elaborar el Plan de Igualdad. Para realizar un diagn\u00f3stico adecuado de la realidad del mismo necesitar\u00edamos conocer la opini\u00f3n de las familias. Por ello os solicitamos que rellen\u00e9is el siguiente cuestionario al que pod\u00e9is acceder a trav\u00e9s del enlace adjunto.<\/p>\n\n\n\n<p>Muchas gracias por vuestra colaboraci\u00f3n.<\/p>\n\n\n\n<p><a href=\"https:\/\/forms.gle\/5BEtNqk9BV6Huecw6\">https:\/\/forms.gle\/5BEtNqk9BV6Huecw6<\/a><\/p>\n","protected":false},"excerpt":{"rendered":"<p>Buenos d\u00edas, el centro est\u00e1 comenzando a elaborar el Plan de Igualdad. Para realizar un diagn\u00f3stico adecuado de la realidad del mismo necesitar\u00edamos conocer la opini\u00f3n de las familias. Por ello os solicitamos que rellen\u00e9is el siguiente cuestionario al que pod\u00e9is acceder a trav\u00e9s del enlace adjunto. Muchas gracias por vuestra colaboraci\u00f3n. https:\/\/forms.gle\/5BEtNqk9BV6Huecw6<\/p>\n","protected":false},"author":786,"featured_media":0,"comment_status":"open","ping_status":"open","sticky":false,"template":"","format":"standard","meta":{"_uag_custom_page_level_css":"","_monsterinsights_skip_tracking":false,"_monsterinsights_sitenote_active":false,"_monsterinsights_sitenote_note":"","_monsterinsights_sitenote_category":0,"jetpack_post_was_ever_published":false,"_jetpack_newsletter_access":"","_jetpack_dont_email_post_to_subs":false,"_jetpack_newsletter_tier_id":0,"_jetpack_memberships_contains_paywalled_content":false,"_jetpack_memberships_contains_paid_content":false,"footnotes":"","jetpack_publicize_message":"","jetpack_publicize_feature_enabled":true,"jetpack_social_post_already_shared":true,"jetpack_social_options":{"image_generator_settings":{"template":"highway","default_image_id":0,"font":"","enabled":false},"version":2}},"categories":[13,16,18,9,17],"tags":[],"class_list":{"0":"post-1461","1":"post","2":"type-post","3":"status-publish","4":"format-standard","6":"category-algayon","7":"category-altorricon","8":"category-cra","9":"category-novedades","10":"category-vencillon","11":"h-entry","12":"hentry","13":"h-as-article"},"jetpack_publicize_connections":[],"uagb_featured_image_src":{"full":false,"thumbnail":false,"medium":false,"medium_large":false,"large":false,"1536x1536":false,"2048x2048":false,"custom-header-image":false},"uagb_author_info":{"display_name":"admin","author_link":"https:\/\/craaltorricon.catedu.es\/?author=786"},"uagb_comment_info":0,"uagb_excerpt":"Buenos d\u00edas, el centro est\u00e1 comenzando a elaborar el Plan de Igualdad. Para realizar un diagn\u00f3stico adecuado de la realidad del mismo necesitar\u00edamos conocer la opini\u00f3n de las familias. Por ello os solicitamos que rellen\u00e9is el siguiente cuestionario al que pod\u00e9is acceder a trav\u00e9s del enlace adjunto. Muchas gracias por vuestra colaboraci\u00f3n. https:\/\/forms.gle\/5BEtNqk9BV6Huecw6","jetpack_featured_media_url":"","jetpack_sharing_enabled":true,"jetpack_shortlink":"https:\/\/wp.me\/p8T00Q-nz","jetpack-related-posts":[{"id":2900,"url":"https:\/\/craaltorricon.catedu.es\/?p=2900","url_meta":{"origin":1461,"position":0},"title":"AULA MADRUGADORA","author":"admin","date":"9 septiembre, 2022","format":false,"excerpt":"Del mismo modo que el curso anterior, la Secretar\u00eda de Estado de Igualdad y contra la Violencia de G\u00e9nero del Ministerio de Igualdad ofrece un servicio para facilitar la conciliaci\u00f3n de la vida laboral, familiar y personal de mujeres y hombres. Dentro del Plan Corresponsables se ofrece \"Aula madrugadora\". Consiste\u2026","rel":"","context":"En \u00abAltorric\u00f3n\u00bb","block_context":{"text":"Altorric\u00f3n","link":"https:\/\/craaltorricon.catedu.es\/?cat=16"},"img":{"alt_text":"","src":"","width":0,"height":0},"classes":[]},{"id":2961,"url":"https:\/\/craaltorricon.catedu.es\/?p=2961","url_meta":{"origin":1461,"position":1},"title":"D\u00eda de CRA","author":"CRA Altorric\u00f3n","date":"12 noviembre, 2022","format":false,"excerpt":"El jueves 27 de Octubre, celebramos en el colegio de Altorric\u00f3n el Primer Encuentro del CRA, en el que como ya sabeis, nos reunimos los tres pueblos (Algay\u00f3n, Altorric\u00f3n y Vencill\u00f3n) que forman el mismo, y realizamos diversas actividades. Este a\u00f1o, nuestro Primer d\u00eda del CRA ten\u00eda como tem\u00e1tica la\u2026","rel":"","context":"En \u00abAlgay\u00f3n\u00bb","block_context":{"text":"Algay\u00f3n","link":"https:\/\/craaltorricon.catedu.es\/?cat=13"},"img":{"alt_text":"","src":"https:\/\/i0.wp.com\/img.youtube.com\/vi\/VxP_C0MoxLE\/0.jpg?resize=350%2C200","width":350,"height":200},"classes":[]},{"id":3105,"url":"https:\/\/craaltorricon.catedu.es\/?p=3105","url_meta":{"origin":1461,"position":2},"title":"8 MARZO. D\u00cdA INTERNACIONAL DE LA MUJER EN EL C.R.A. ALTORRIC\u00d3N.","author":"CRA Altorric\u00f3n","date":"13 marzo, 2023","format":false,"excerpt":"El pasado 8 de marzo conmemoramos en las tres localidades del CRA el D\u00eda Internacional de la mujer. Durante todo el d\u00eda estuvimos realizando diversas actividades relacionadas con la igualdad. Comenzamos ilustrando partes de la canci\u00f3n \u201cDepende de los dos\u201d para luego bailarla todos juntos en el patio del cole.\u2026","rel":"","context":"En \u00abAlgay\u00f3n\u00bb","block_context":{"text":"Algay\u00f3n","link":"https:\/\/craaltorricon.catedu.es\/?cat=13"},"img":{"alt_text":"","src":"","width":0,"height":0},"classes":[]},{"id":3055,"url":"https:\/\/craaltorricon.catedu.es\/?p=3055","url_meta":{"origin":1461,"position":3},"title":"11 DE FEBRERO. D\u00cdA DE LA MUJER Y LA NI\u00d1A EN LA CIENCIA.","author":"CRA Altorric\u00f3n","date":"20 febrero, 2023","format":false,"excerpt":"Los d\u00edas anteriores al 11 de febrero, celebramos en todo nuestro CRA el d\u00eda de la mujer y la ni\u00f1a en la ciencia. Desde la comisi\u00f3n de Igualdad, se prepar\u00f3 una serie de actividades, que se extrapolaron a los tres colegios, trabaj\u00e1ndolas cada uno a su manera. En general, a\u2026","rel":"","context":"En \u00abAlgay\u00f3n\u00bb","block_context":{"text":"Algay\u00f3n","link":"https:\/\/craaltorricon.catedu.es\/?cat=13"},"img":{"alt_text":"","src":"https:\/\/i0.wp.com\/img.youtube.com\/vi\/t_cEX0KyXlw\/0.jpg?resize=350%2C200","width":350,"height":200},"classes":[]},{"id":3687,"url":"https:\/\/craaltorricon.catedu.es\/?p=3687","url_meta":{"origin":1461,"position":4},"title":"Celebrando el D\u00eda de la Mujer en Nuestro CRA","author":"admin","date":"14 marzo, 2025","format":false,"excerpt":"El pasado s\u00e1bado 8 de marzo, se celebr\u00f3 el D\u00eda Internacional de la Mujer. Durante esa semana, las alumnas y alumnos de Altorric\u00f3n, Algay\u00f3n y Vencill\u00f3n realizaron una serie de actividades para comprender la importancia de este d\u00eda y los motivos detr\u00e1s de su celebraci\u00f3n. Desde los m\u00e1s peque\u00f1os hasta\u2026","rel":"","context":"En \u00abAlgay\u00f3n\u00bb","block_context":{"text":"Algay\u00f3n","link":"https:\/\/craaltorricon.catedu.es\/?cat=13"},"img":{"alt_text":"","src":"","width":0,"height":0},"classes":[]},{"id":3034,"url":"https:\/\/craaltorricon.catedu.es\/?p=3034","url_meta":{"origin":1461,"position":5},"title":"CONVIVENCIA DEL ALUMNADO DE INFANTIL EN ALTORRIC\u00d3N","author":"CRA Altorric\u00f3n","date":"13 febrero, 2023","format":false,"excerpt":"Este viernes 27 de enero, recibimos en Altorric\u00f3n al alumnado de educaci\u00f3n infantil de Algay\u00f3n y de Vencill\u00f3n. Fue una jornada estupenda, de convivencia, una ma\u00f1ana de ambientes did\u00e1cticos y l\u00fadicos, en la que los ni\u00f1os y ni\u00f1as disfrutaron de propuestas como la elaboraci\u00f3n de un gorro pirata, un pinta-caras\u2026","rel":"","context":"En \u00abAlgay\u00f3n\u00bb","block_context":{"text":"Algay\u00f3n","link":"https:\/\/craaltorricon.catedu.es\/?cat=13"},"img":{"alt_text":"","src":"","width":0,"height":0},"classes":[]}],"jetpack_likes_enabled":true,"_links":{"self":[{"href":"https:\/\/craaltorricon.catedu.es\/index.php?rest_route=\/wp\/v2\/posts\/1461","targetHints":{"allow":["GET"]}}],"collection":[{"href":"https:\/\/craaltorricon.catedu.es\/index.php?rest_route=\/wp\/v2\/posts"}],"about":[{"href":"https:\/\/craaltorricon.catedu.es\/index.php?rest_route=\/wp\/v2\/types\/post"}],"author":[{"embeddable":true,"href":"https:\/\/craaltorricon.catedu.es\/index.php?rest_route=\/wp\/v2\/users\/786"}],"replies":[{"embeddable":true,"href":"https:\/\/craaltorricon.catedu.es\/index.php?rest_route=%2Fwp%2Fv2%2Fcomments&post=1461"}],"version-history":[{"count":1,"href":"https:\/\/craaltorricon.catedu.es\/index.php?rest_route=\/wp\/v2\/posts\/1461\/revisions"}],"predecessor-version":[{"id":1462,"href":"https:\/\/craaltorricon.catedu.es\/index.php?rest_route=\/wp\/v2\/posts\/1461\/revisions\/1462"}],"wp:attachment":[{"href":"https:\/\/craaltorricon.catedu.es\/index.php?rest_route=%2Fwp%2Fv2%2Fmedia&parent=1461"}],"wp:term":[{"taxonomy":"category","embeddable":true,"href":"https:\/\/craaltorricon.catedu.es\/index.php?rest_route=%2Fwp%2Fv2%2Fcategories&post=1461"},{"taxonomy":"post_tag","embeddable":true,"href":"https:\/\/craaltorricon.catedu.es\/index.php?rest_route=%2Fwp%2Fv2%2Ftags&post=1461"}],"curies":[{"name":"wp","href":"https:\/\/api.w.org\/{rel}","templated":true}]}}