{"id":1644,"date":"2020-01-15T13:35:34","date_gmt":"2020-01-15T12:35:34","guid":{"rendered":"http:\/\/craaltorricon.catedu.es\/?p=1644"},"modified":"2020-01-15T13:36:26","modified_gmt":"2020-01-15T12:36:26","slug":"1r-dia-de-cra","status":"publish","type":"post","link":"https:\/\/craaltorricon.catedu.es\/?p=1644","title":{"rendered":"1r d\u00eda de CRA"},"content":{"rendered":"\n<p>Aqu\u00ed os dejamos un v\u00eddeo con todas las fotos del primer d\u00eda de CRA que realizamos. Podr\u00e9is ver todas las diversas actividades que realizamos, nos lo pasamos muy bien y aprendimos mucho.<\/p>\n\n\n\n<figure class=\"wp-block-embed-youtube wp-block-embed is-type-video is-provider-youtube wp-embed-aspect-16-9 wp-has-aspect-ratio\"><div class=\"wp-block-embed__wrapper\">\n<span class=\"embed-youtube\" style=\"text-align:center; display: block;\"><iframe loading=\"lazy\" class=\"youtube-player\" width=\"625\" height=\"352\" src=\"https:\/\/www.youtube.com\/embed\/zwWSH4druEU?version=3&#038;rel=1&#038;showsearch=0&#038;showinfo=1&#038;iv_load_policy=1&#038;fs=1&#038;hl=es-ES&#038;autohide=2&#038;wmode=transparent\" allowfullscreen=\"true\" style=\"border:0;\" sandbox=\"allow-scripts allow-same-origin allow-popups allow-presentation allow-popups-to-escape-sandbox\"><\/iframe><\/span>\n<\/div><\/figure>\n","protected":false},"excerpt":{"rendered":"<p>Aqu\u00ed os dejamos un v\u00eddeo con todas las fotos del primer d\u00eda de CRA que realizamos. Podr\u00e9is ver todas las diversas actividades que realizamos, nos lo pasamos muy bien y aprendimos mucho.<\/p>\n","protected":false},"author":786,"featured_media":0,"comment_status":"open","ping_status":"open","sticky":false,"template":"","format":"standard","meta":{"_uag_custom_page_level_css":"","_monsterinsights_skip_tracking":false,"_monsterinsights_sitenote_active":false,"_monsterinsights_sitenote_note":"","_monsterinsights_sitenote_category":0,"jetpack_post_was_ever_published":false,"_jetpack_newsletter_access":"","_jetpack_dont_email_post_to_subs":false,"_jetpack_newsletter_tier_id":0,"_jetpack_memberships_contains_paywalled_content":false,"_jetpack_memberships_contains_paid_content":false,"footnotes":"","jetpack_publicize_message":"","jetpack_publicize_feature_enabled":true,"jetpack_social_post_already_shared":true,"jetpack_social_options":{"image_generator_settings":{"template":"highway","default_image_id":0,"font":"","enabled":false},"version":2}},"categories":[13,16,18,9,17],"tags":[],"class_list":{"0":"post-1644","1":"post","2":"type-post","3":"status-publish","4":"format-standard","6":"category-algayon","7":"category-altorricon","8":"category-cra","9":"category-novedades","10":"category-vencillon","11":"h-entry","12":"hentry","13":"h-as-article"},"jetpack_publicize_connections":[],"uagb_featured_image_src":{"full":false,"thumbnail":false,"medium":false,"medium_large":false,"large":false,"1536x1536":false,"2048x2048":false,"custom-header-image":false},"uagb_author_info":{"display_name":"admin","author_link":"https:\/\/craaltorricon.catedu.es\/?author=786"},"uagb_comment_info":0,"uagb_excerpt":"Aqu\u00ed os dejamos un v\u00eddeo con todas las fotos del primer d\u00eda de CRA que realizamos. Podr\u00e9is ver todas las diversas actividades que realizamos, nos lo pasamos muy bien y aprendimos mucho.","jetpack_featured_media_url":"","jetpack_sharing_enabled":true,"jetpack_shortlink":"https:\/\/wp.me\/p8T00Q-qw","jetpack-related-posts":[{"id":2121,"url":"https:\/\/craaltorricon.catedu.es\/?p=2121","url_meta":{"origin":1644,"position":0},"title":"CIENCIA EN NUESTRO CRA","author":"admin","date":"19 marzo, 2021","format":false,"excerpt":"Hace ya varias semana realizamos un mont\u00f3n de actividades de ciencia. Aqu\u00ed os dejamos un recopilatorio de fotos para que pod\u00e1is ver cu\u00e1nto trabajaron y aprendieron los chicos y chicas de nuestro CRA. Queremos agradecer a nuestro profe Miguel por toda su dedicaci\u00f3n en las charlas que ofreci\u00f3 en los\u2026","rel":"","context":"En \u00abAlgay\u00f3n\u00bb","block_context":{"text":"Algay\u00f3n","link":"https:\/\/craaltorricon.catedu.es\/?cat=13"},"img":{"alt_text":"","src":"https:\/\/i0.wp.com\/craaltorricon.catedu.es\/wp-content\/uploads\/sites\/188\/2021\/03\/ciencia_1-300x39.jpg?resize=350%2C200","width":350,"height":200},"classes":[]},{"id":3703,"url":"https:\/\/craaltorricon.catedu.es\/?p=3703","url_meta":{"origin":1644,"position":1},"title":"D\u00cdA DE CRA EN ALGAY\u00d3N","author":"CRA Altorric\u00f3n","date":"21 abril, 2025","format":false,"excerpt":"El pasado 28 de marzo celebramos el d\u00eda de CRA todos juntos en Algay\u00f3n. Empezamos preparando los bocadillos para el almuerzo y seguidamente empezaron los kil\u00f3metros de Solidaridad. Todos corrimos o caminamos con ilusi\u00f3n y con muchas ganas y as\u00ed pudimos recoger 545,51\u20ac para donarlo a los ni\u00f1os y ni\u00f1as\u2026","rel":"","context":"En \u00abAlgay\u00f3n\u00bb","block_context":{"text":"Algay\u00f3n","link":"https:\/\/craaltorricon.catedu.es\/?cat=13"},"img":{"alt_text":"","src":"","width":0,"height":0},"classes":[]},{"id":3105,"url":"https:\/\/craaltorricon.catedu.es\/?p=3105","url_meta":{"origin":1644,"position":2},"title":"8 MARZO. D\u00cdA INTERNACIONAL DE LA MUJER EN EL C.R.A. ALTORRIC\u00d3N.","author":"CRA Altorric\u00f3n","date":"13 marzo, 2023","format":false,"excerpt":"El pasado 8 de marzo conmemoramos en las tres localidades del CRA el D\u00eda Internacional de la mujer. Durante todo el d\u00eda estuvimos realizando diversas actividades relacionadas con la igualdad. Comenzamos ilustrando partes de la canci\u00f3n \u201cDepende de los dos\u201d para luego bailarla todos juntos en el patio del cole.\u2026","rel":"","context":"En \u00abAlgay\u00f3n\u00bb","block_context":{"text":"Algay\u00f3n","link":"https:\/\/craaltorricon.catedu.es\/?cat=13"},"img":{"alt_text":"","src":"","width":0,"height":0},"classes":[]},{"id":2961,"url":"https:\/\/craaltorricon.catedu.es\/?p=2961","url_meta":{"origin":1644,"position":3},"title":"D\u00eda de CRA","author":"CRA Altorric\u00f3n","date":"12 noviembre, 2022","format":false,"excerpt":"El jueves 27 de Octubre, celebramos en el colegio de Altorric\u00f3n el Primer Encuentro del CRA, en el que como ya sabeis, nos reunimos los tres pueblos (Algay\u00f3n, Altorric\u00f3n y Vencill\u00f3n) que forman el mismo, y realizamos diversas actividades. Este a\u00f1o, nuestro Primer d\u00eda del CRA ten\u00eda como tem\u00e1tica la\u2026","rel":"","context":"En \u00abAlgay\u00f3n\u00bb","block_context":{"text":"Algay\u00f3n","link":"https:\/\/craaltorricon.catedu.es\/?cat=13"},"img":{"alt_text":"","src":"https:\/\/i0.wp.com\/img.youtube.com\/vi\/VxP_C0MoxLE\/0.jpg?resize=350%2C200","width":350,"height":200},"classes":[]},{"id":3187,"url":"https:\/\/craaltorricon.catedu.es\/?p=3187","url_meta":{"origin":1644,"position":4},"title":"Actividades de pascua.","author":"CRA Altorric\u00f3n","date":"6 abril, 2023","format":false,"excerpt":"El \u00faltimo d\u00eda de trimestre lo dedicamos \u00edntegramente a realizar actividades relacionadas con pascua. Primero buscamos huevos de pascua por el patio, no dejamos ni un sitio por mirar, encontramos un mont\u00f3n!! Despu\u00e9s hicimos la mona, untamos bien de crema de chocolate por los bizcochos, pusimos bolitas de colores para\u2026","rel":"","context":"En \u00abAlgay\u00f3n\u00bb","block_context":{"text":"Algay\u00f3n","link":"https:\/\/craaltorricon.catedu.es\/?cat=13"},"img":{"alt_text":"","src":"","width":0,"height":0},"classes":[]},{"id":1269,"url":"https:\/\/craaltorricon.catedu.es\/?p=1269","url_meta":{"origin":1644,"position":5},"title":"D\u00eda del CRA","author":"admin","date":"30 noviembre, 2018","format":false,"excerpt":"Aqu\u00ed os dejamos un v\u00eddeo con las fotos del primer d\u00eda del CRA de este curso. Como podr\u00e9is ver fue un d\u00eda muy intenso pero todos nos lo pasamos muy bien e hicimos muchas actividades todas relacionadas con el tema de la alimentaci\u00f3n. Esperamos que disfrut\u00e9is vi\u00e9ndolo como nosotros hicimos.","rel":"","context":"En \u00abAlgay\u00f3n\u00bb","block_context":{"text":"Algay\u00f3n","link":"https:\/\/craaltorricon.catedu.es\/?cat=13"},"img":{"alt_text":"","src":"","width":0,"height":0},"classes":[]}],"jetpack_likes_enabled":true,"_links":{"self":[{"href":"https:\/\/craaltorricon.catedu.es\/index.php?rest_route=\/wp\/v2\/posts\/1644","targetHints":{"allow":["GET"]}}],"collection":[{"href":"https:\/\/craaltorricon.catedu.es\/index.php?rest_route=\/wp\/v2\/posts"}],"about":[{"href":"https:\/\/craaltorricon.catedu.es\/index.php?rest_route=\/wp\/v2\/types\/post"}],"author":[{"embeddable":true,"href":"https:\/\/craaltorricon.catedu.es\/index.php?rest_route=\/wp\/v2\/users\/786"}],"replies":[{"embeddable":true,"href":"https:\/\/craaltorricon.catedu.es\/index.php?rest_route=%2Fwp%2Fv2%2Fcomments&post=1644"}],"version-history":[{"count":1,"href":"https:\/\/craaltorricon.catedu.es\/index.php?rest_route=\/wp\/v2\/posts\/1644\/revisions"}],"predecessor-version":[{"id":1645,"href":"https:\/\/craaltorricon.catedu.es\/index.php?rest_route=\/wp\/v2\/posts\/1644\/revisions\/1645"}],"wp:attachment":[{"href":"https:\/\/craaltorricon.catedu.es\/index.php?rest_route=%2Fwp%2Fv2%2Fmedia&parent=1644"}],"wp:term":[{"taxonomy":"category","embeddable":true,"href":"https:\/\/craaltorricon.catedu.es\/index.php?rest_route=%2Fwp%2Fv2%2Fcategories&post=1644"},{"taxonomy":"post_tag","embeddable":true,"href":"https:\/\/craaltorricon.catedu.es\/index.php?rest_route=%2Fwp%2Fv2%2Ftags&post=1644"}],"curies":[{"name":"wp","href":"https:\/\/api.w.org\/{rel}","templated":true}]}}