{"id":1688,"date":"2020-03-12T11:48:05","date_gmt":"2020-03-12T10:48:05","guid":{"rendered":"http:\/\/craaltorricon.catedu.es\/?p=1688"},"modified":"2020-03-12T11:48:05","modified_gmt":"2020-03-12T10:48:05","slug":"infografia-resumen-del-coronavirus-con-telefonos-de-interes","status":"publish","type":"post","link":"https:\/\/craaltorricon.catedu.es\/?p=1688","title":{"rendered":"Infograf\u00eda resumen del Coronavirus con tel\u00e9fonos de inter\u00e9s"},"content":{"rendered":"<a href=\"https:\/\/craaltorricon.catedu.es\/wp-content\/uploads\/sites\/188\/2020\/03\/v2.A4Coronavirus.pdf\" class=\"pdfemb-viewer\" style=\"\" data-width=\"max\" data-height=\"max\" data-toolbar=\"bottom\" data-toolbar-fixed=\"off\">v2.A4Coronavirus<\/a>\n<p class=\"wp-block-pdfemb-pdf-embedder-viewer\"><\/p>\n","protected":false},"excerpt":{"rendered":"","protected":false},"author":786,"featured_media":0,"comment_status":"open","ping_status":"open","sticky":false,"template":"","format":"standard","meta":{"_monsterinsights_skip_tracking":false,"_monsterinsights_sitenote_active":false,"_monsterinsights_sitenote_note":"","_monsterinsights_sitenote_category":0,"jetpack_post_was_ever_published":false,"_jetpack_newsletter_access":"","_jetpack_dont_email_post_to_subs":false,"_jetpack_newsletter_tier_id":0,"_jetpack_memberships_contains_paywalled_content":false,"_jetpack_memberships_contains_paid_content":false,"footnotes":"","jetpack_publicize_message":"","jetpack_publicize_feature_enabled":true,"jetpack_social_post_already_shared":true,"jetpack_social_options":{"image_generator_settings":{"template":"highway","default_image_id":0,"font":"","enabled":false},"version":2}},"categories":[13,16,18,9,20,17],"tags":[],"class_list":{"0":"post-1688","1":"post","2":"type-post","3":"status-publish","4":"format-standard","6":"category-algayon","7":"category-altorricon","8":"category-cra","9":"category-novedades","10":"category-secretaria","11":"category-vencillon","12":"h-entry","13":"hentry","14":"h-as-article"},"jetpack_publicize_connections":[],"jetpack_featured_media_url":"","jetpack_sharing_enabled":true,"jetpack_shortlink":"https:\/\/wp.me\/p8T00Q-re","jetpack-related-posts":[{"id":1680,"url":"https:\/\/craaltorricon.catedu.es\/?p=1680","url_meta":{"origin":1688,"position":0},"title":"Infograf\u00edas sobre coronavirus","author":"admin","date":"10 marzo, 2020","format":false,"excerpt":"Adjuntamos infograf\u00edas facilitadas por la Direcci\u00f3n General de Salud P\u00fablica con informaci\u00f3n relativa a la prevenci\u00f3n del Coronavirus.","rel":"","context":"En \u00abAlgay\u00f3n\u00bb","block_context":{"text":"Algay\u00f3n","link":"https:\/\/craaltorricon.catedu.es\/?cat=13"},"img":{"alt_text":"","src":"","width":0,"height":0},"classes":[]},{"id":1793,"url":"https:\/\/craaltorricon.catedu.es\/?p=1793","url_meta":{"origin":1688,"position":1},"title":"Orden ECD\/357\/2020 de 29 de abril","author":"admin","date":"15 mayo, 2020","format":false,"excerpt":"Recientemente se public\u00f3 la siguiente Orden: \u00a0\u00a0ECD\/357\/2020, de 29 de abril, por la que se establecen las directrices de actuaci\u00f3n para el desarrollo del tercer trimestre del curso escolar 2019\/2020 y la flexibilizaci\u00f3n de los procesos de evaluaci\u00f3n en los diferentes niveles y reg\u00edmenes de ense\u00f1anza.\u00a0 La misma tiene por\u2026","rel":"","context":"En \u00abAlgay\u00f3n\u00bb","block_context":{"text":"Algay\u00f3n","link":"https:\/\/craaltorricon.catedu.es\/?cat=13"},"img":{"alt_text":"","src":"","width":0,"height":0},"classes":[]},{"id":1949,"url":"https:\/\/craaltorricon.catedu.es\/?p=1949","url_meta":{"origin":1688,"position":2},"title":"Plan De Contingencia","author":"admin","date":"22 septiembre, 2020","format":false,"excerpt":"","rel":"","context":"En \u00abAlgay\u00f3n\u00bb","block_context":{"text":"Algay\u00f3n","link":"https:\/\/craaltorricon.catedu.es\/?cat=13"},"img":{"alt_text":"","src":"","width":0,"height":0},"classes":[]},{"id":3245,"url":"https:\/\/craaltorricon.catedu.es\/?p=3245","url_meta":{"origin":1688,"position":3},"title":"Semana en el CRIE de 4\u00ba y 5\u00ba","author":"CRA Altorric\u00f3n","date":"6 mayo, 2023","format":false,"excerpt":"La semana del 17 al 21 de abril el alumnado de 4\u00ba de Vencill\u00f3n y Algay\u00f3n y el de 5\u00ba de las tres localidades fuimos al CRIE de Benabarre junto con el CRA La Llitera. Pasamos una semana estupenda, llena de actividades, excursiones y pudimos conocernos entre todos y hacer\u2026","rel":"","context":"En \u00abAlgay\u00f3n\u00bb","block_context":{"text":"Algay\u00f3n","link":"https:\/\/craaltorricon.catedu.es\/?cat=13"},"img":{"alt_text":"","src":"","width":0,"height":0},"classes":[]},{"id":1695,"url":"https:\/\/craaltorricon.catedu.es\/?p=1695","url_meta":{"origin":1688,"position":4},"title":"Proceso de matriculaci\u00f3n","author":"admin","date":"16 marzo, 2020","format":false,"excerpt":"","rel":"","context":"En \u00abAlgay\u00f3n\u00bb","block_context":{"text":"Algay\u00f3n","link":"https:\/\/craaltorricon.catedu.es\/?cat=13"},"img":{"alt_text":"","src":"","width":0,"height":0},"classes":[]},{"id":1883,"url":"https:\/\/craaltorricon.catedu.es\/?p=1883","url_meta":{"origin":1688,"position":5},"title":"Plan De Contingencia","author":"admin","date":"2 septiembre, 2020","format":false,"excerpt":"","rel":"","context":"En \u00abAlgay\u00f3n\u00bb","block_context":{"text":"Algay\u00f3n","link":"https:\/\/craaltorricon.catedu.es\/?cat=13"},"img":{"alt_text":"","src":"","width":0,"height":0},"classes":[]}],"jetpack_likes_enabled":true,"_links":{"self":[{"href":"https:\/\/craaltorricon.catedu.es\/index.php?rest_route=\/wp\/v2\/posts\/1688","targetHints":{"allow":["GET"]}}],"collection":[{"href":"https:\/\/craaltorricon.catedu.es\/index.php?rest_route=\/wp\/v2\/posts"}],"about":[{"href":"https:\/\/craaltorricon.catedu.es\/index.php?rest_route=\/wp\/v2\/types\/post"}],"author":[{"embeddable":true,"href":"https:\/\/craaltorricon.catedu.es\/index.php?rest_route=\/wp\/v2\/users\/786"}],"replies":[{"embeddable":true,"href":"https:\/\/craaltorricon.catedu.es\/index.php?rest_route=%2Fwp%2Fv2%2Fcomments&post=1688"}],"version-history":[{"count":2,"href":"https:\/\/craaltorricon.catedu.es\/index.php?rest_route=\/wp\/v2\/posts\/1688\/revisions"}],"predecessor-version":[{"id":1691,"href":"https:\/\/craaltorricon.catedu.es\/index.php?rest_route=\/wp\/v2\/posts\/1688\/revisions\/1691"}],"wp:attachment":[{"href":"https:\/\/craaltorricon.catedu.es\/index.php?rest_route=%2Fwp%2Fv2%2Fmedia&parent=1688"}],"wp:term":[{"taxonomy":"category","embeddable":true,"href":"https:\/\/craaltorricon.catedu.es\/index.php?rest_route=%2Fwp%2Fv2%2Fcategories&post=1688"},{"taxonomy":"post_tag","embeddable":true,"href":"https:\/\/craaltorricon.catedu.es\/index.php?rest_route=%2Fwp%2Fv2%2Ftags&post=1688"}],"curies":[{"name":"wp","href":"https:\/\/api.w.org\/{rel}","templated":true}]}}