{"id":1699,"date":"2020-03-16T21:04:17","date_gmt":"2020-03-16T20:04:17","guid":{"rendered":"http:\/\/craaltorricon.catedu.es\/?p=1699"},"modified":"2020-03-16T21:04:17","modified_gmt":"2020-03-16T20:04:17","slug":"atencion-pedagogica-alumnado-de-altorricon","status":"publish","type":"post","link":"https:\/\/craaltorricon.catedu.es\/?p=1699","title":{"rendered":"ATENCI\u00d3N PEDAG\u00d3GICA ALUMNADO DE ALTORRIC\u00d3N"},"content":{"rendered":"<a href=\"https:\/\/craaltorricon.catedu.es\/wp-content\/uploads\/sites\/188\/2020\/03\/TAREAS-ALTORRIC\u00d3N-1.pdf\" class=\"pdfemb-viewer\" style=\"\" data-width=\"max\" data-height=\"max\" data-toolbar=\"bottom\" data-toolbar-fixed=\"off\">TAREAS-ALTORRIC\u00d3N-1<\/a>\n<p class=\"wp-block-pdfemb-pdf-embedder-viewer\"><\/p>\n","protected":false},"excerpt":{"rendered":"","protected":false},"author":786,"featured_media":0,"comment_status":"open","ping_status":"open","sticky":false,"template":"","format":"standard","meta":{"_monsterinsights_skip_tracking":false,"_monsterinsights_sitenote_active":false,"_monsterinsights_sitenote_note":"","_monsterinsights_sitenote_category":0,"jetpack_post_was_ever_published":false,"_jetpack_newsletter_access":"","_jetpack_dont_email_post_to_subs":false,"_jetpack_newsletter_tier_id":0,"_jetpack_memberships_contains_paywalled_content":false,"_jetpack_memberships_contains_paid_content":false,"footnotes":"","jetpack_publicize_message":"","jetpack_publicize_feature_enabled":true,"jetpack_social_post_already_shared":true,"jetpack_social_options":{"image_generator_settings":{"template":"highway","default_image_id":0,"font":"","enabled":false},"version":2}},"categories":[16],"tags":[],"class_list":{"0":"post-1699","1":"post","2":"type-post","3":"status-publish","4":"format-standard","6":"category-altorricon","7":"h-entry","8":"hentry","9":"h-as-article"},"jetpack_publicize_connections":[],"jetpack_featured_media_url":"","jetpack_sharing_enabled":true,"jetpack_shortlink":"https:\/\/wp.me\/p8T00Q-rp","jetpack-related-posts":[{"id":1722,"url":"https:\/\/craaltorricon.catedu.es\/?p=1722","url_meta":{"origin":1699,"position":0},"title":"ATENCI\u00d3N PEDAG\u00d3GICA ALUMNADO DE ALGAY\u00d3N y ALTORRIC\u00d3N &#8211; ED. F\u00cdSICA","author":"admin","date":"17 marzo, 2020","format":false,"excerpt":"Son propuestas para 1\u00ba y 2\u00ba de primaria, pero lo pueden hacer todos los que quieran. No es para que se hagan todos, seg\u00fan el material que teng\u00e1is. Los juegos que se realicen los usaremos en clase a la vuelta. Disfrutad haci\u00e9ndolos.","rel":"","context":"En \u00abAlgay\u00f3n\u00bb","block_context":{"text":"Algay\u00f3n","link":"https:\/\/craaltorricon.catedu.es\/?cat=13"},"img":{"alt_text":"","src":"","width":0,"height":0},"classes":[]},{"id":1719,"url":"https:\/\/craaltorricon.catedu.es\/?p=1719","url_meta":{"origin":1699,"position":1},"title":"ATENCI\u00d3N PEDAG\u00d3GICA ALUMNADO DE RELIGI\u00d3N","author":"admin","date":"17 marzo, 2020","format":false,"excerpt":"PARA LAS TRES LOCALIDADES. Canci\u00f3n para 3 a\u00f1os -\u00a03 a\u00f1 cancion JESUS ES MI AMIGO Canci\u00f3n para 4 a\u00f1os - Canci\u00f3n para 5 a\u00f1os - 5 a\u00f1 cancion YO TE PERDONO Canci\u00f3n para 1\u00ba primaria -\u00a0La semana santa Canci\u00f3n para 2\u00ba primaria - 2\u00ba canc EN ESTA SEMANA SANTA","rel":"","context":"En \u00abAlgay\u00f3n\u00bb","block_context":{"text":"Algay\u00f3n","link":"https:\/\/craaltorricon.catedu.es\/?cat=13"},"img":{"alt_text":"","src":"","width":0,"height":0},"classes":[]},{"id":3015,"url":"https:\/\/craaltorricon.catedu.es\/?p=3015","url_meta":{"origin":1699,"position":2},"title":"SINFON\u00cdA DE SEGUNDO CURSO DE ALTORRIC\u00d3N.","author":"CRA Altorric\u00f3n","date":"27 enero, 2023","format":false,"excerpt":"Hoy os queremos presentar algo muy especial. El alumnado de 2\u00ba de Educaci\u00f3n Primaria, junto con su tutora, Magaly, han preparado una canci\u00f3n. Dicha pieza forma parte de su programaci\u00f3n, en la que est\u00e1n trabajando diferentes instrumentaciones. La canci\u00f3n que interpretan, en este caso, se llama Big Band. En el\u2026","rel":"","context":"En \u00abAltorric\u00f3n\u00bb","block_context":{"text":"Altorric\u00f3n","link":"https:\/\/craaltorricon.catedu.es\/?cat=16"},"img":{"alt_text":"","src":"","width":0,"height":0},"classes":[]},{"id":3252,"url":"https:\/\/craaltorricon.catedu.es\/?p=3252","url_meta":{"origin":1699,"position":3},"title":"EL ALUMNADO DE ATENCI\u00d3N EDUCATIVA DE 5\u00ba Y 6\u00ba COLABORA CON EL PROYECTO DEL NOMBRE EN INFANTIL 3 A\u00d1OS.","author":"CRA Altorric\u00f3n","date":"15 mayo, 2023","format":false,"excerpt":"Ya sab\u00e9is que nos gusta hacer estas cosas. Solo tienen que llamarnos y vamos\u2026. Con todas las ganas del mundo. Los ni\u00f1os de 3 a\u00f1os, del colegio de Altorric\u00f3n, est\u00e1n trabajando en su proyecto sobre el nombre. Su maestra, Luci, nos propuso que fu\u00e9ramos a ayudarles a dibujar y escribir.\u2026","rel":"","context":"En \u00abAltorric\u00f3n\u00bb","block_context":{"text":"Altorric\u00f3n","link":"https:\/\/craaltorricon.catedu.es\/?cat=16"},"img":{"alt_text":"","src":"","width":0,"height":0},"classes":[]},{"id":3259,"url":"https:\/\/craaltorricon.catedu.es\/?p=3259","url_meta":{"origin":1699,"position":4},"title":"EL ALUMNADO DE 5\u00ba Y 6\u00ba TRABAJA CON 1\u00ba EN INGL\u00c9S CON TIC","author":"CRA Altorric\u00f3n","date":"15 mayo, 2023","format":false,"excerpt":"Y una vez m\u00e1s, Jos\u00e9 Luis, el maestro de ingl\u00e9s de 1\u00ba, nos invita a trabajar con su alumnado con los ordenadores, que como chicos y chicas m\u00e1s mayores del colegio de Altorric\u00f3n, dominamos y manejamos con soltura. As\u00ed, esta semana pasada, el jueves, fuimos a ayudar a los ni\u00f1os\u2026","rel":"","context":"En \u00abAltorric\u00f3n\u00bb","block_context":{"text":"Altorric\u00f3n","link":"https:\/\/craaltorricon.catedu.es\/?cat=16"},"img":{"alt_text":"","src":"","width":0,"height":0},"classes":[]},{"id":3512,"url":"https:\/\/craaltorricon.catedu.es\/?p=3512","url_meta":{"origin":1699,"position":5},"title":"AULA EN BICI","author":"CRA Altorric\u00f3n","date":"26 abril, 2024","format":false,"excerpt":"El pasado viernes 19 de abril el alumnado de 3\u00ba a 6\u00ba participa\u00f3 en el proyecto aula en bici.El alumnado de 5\u00ba y 6\u00ba realiz\u00f3 una salida a Tamarite de Litera, junto a Juan y Bel\u00e9n profesores de educaci\u00f3n f\u00edsica y con unos monitores de aula en bici. Antes de\u2026","rel":"","context":"En \u00abAltorric\u00f3n\u00bb","block_context":{"text":"Altorric\u00f3n","link":"https:\/\/craaltorricon.catedu.es\/?cat=16"},"img":{"alt_text":"","src":"","width":0,"height":0},"classes":[]}],"jetpack_likes_enabled":true,"_links":{"self":[{"href":"https:\/\/craaltorricon.catedu.es\/index.php?rest_route=\/wp\/v2\/posts\/1699","targetHints":{"allow":["GET"]}}],"collection":[{"href":"https:\/\/craaltorricon.catedu.es\/index.php?rest_route=\/wp\/v2\/posts"}],"about":[{"href":"https:\/\/craaltorricon.catedu.es\/index.php?rest_route=\/wp\/v2\/types\/post"}],"author":[{"embeddable":true,"href":"https:\/\/craaltorricon.catedu.es\/index.php?rest_route=\/wp\/v2\/users\/786"}],"replies":[{"embeddable":true,"href":"https:\/\/craaltorricon.catedu.es\/index.php?rest_route=%2Fwp%2Fv2%2Fcomments&post=1699"}],"version-history":[{"count":1,"href":"https:\/\/craaltorricon.catedu.es\/index.php?rest_route=\/wp\/v2\/posts\/1699\/revisions"}],"predecessor-version":[{"id":1708,"href":"https:\/\/craaltorricon.catedu.es\/index.php?rest_route=\/wp\/v2\/posts\/1699\/revisions\/1708"}],"wp:attachment":[{"href":"https:\/\/craaltorricon.catedu.es\/index.php?rest_route=%2Fwp%2Fv2%2Fmedia&parent=1699"}],"wp:term":[{"taxonomy":"category","embeddable":true,"href":"https:\/\/craaltorricon.catedu.es\/index.php?rest_route=%2Fwp%2Fv2%2Fcategories&post=1699"},{"taxonomy":"post_tag","embeddable":true,"href":"https:\/\/craaltorricon.catedu.es\/index.php?rest_route=%2Fwp%2Fv2%2Ftags&post=1699"}],"curies":[{"name":"wp","href":"https:\/\/api.w.org\/{rel}","templated":true}]}}