{"id":1700,"date":"2020-03-16T21:04:14","date_gmt":"2020-03-16T20:04:14","guid":{"rendered":"http:\/\/craaltorricon.catedu.es\/?p=1700"},"modified":"2020-03-16T21:04:14","modified_gmt":"2020-03-16T20:04:14","slug":"atencion-pedagogica-alumnado-de-vencillon","status":"publish","type":"post","link":"https:\/\/craaltorricon.catedu.es\/?p=1700","title":{"rendered":"ATENCI\u00d3N PEDAG\u00d3GICA ALUMNADO DE VENCILL\u00d3N"},"content":{"rendered":"<a href=\"https:\/\/craaltorricon.catedu.es\/wp-content\/uploads\/sites\/188\/2020\/03\/VENCILL\u00d3N-de-infantil-a-4\u00ba.pdf\" class=\"pdfemb-viewer\" style=\"\" data-width=\"max\" data-height=\"max\" data-toolbar=\"bottom\" data-toolbar-fixed=\"off\">VENCILL\u00d3N-de-infantil-a-4\u00ba<\/a>\n<p class=\"wp-block-pdfemb-pdf-embedder-viewer\"><\/p>\n\n\n<a href=\"https:\/\/craaltorricon.catedu.es\/wp-content\/uploads\/sites\/188\/2020\/03\/Vencill\u00f3n-Quinto-pdf.pdf\" class=\"pdfemb-viewer\" style=\"\" data-width=\"max\" data-height=\"max\" data-toolbar=\"bottom\" data-toolbar-fixed=\"off\">Vencill\u00f3n-Quinto-pdf<\/a>\n<p class=\"wp-block-pdfemb-pdf-embedder-viewer\"><\/p>\n\n\n<a href=\"https:\/\/craaltorricon.catedu.es\/wp-content\/uploads\/sites\/188\/2020\/03\/6\u00ba-Vencill\u00f3n.pdf\" class=\"pdfemb-viewer\" style=\"\" data-width=\"max\" data-height=\"max\" data-toolbar=\"bottom\" data-toolbar-fixed=\"off\">6\u00ba-Vencill\u00f3n<\/a>\n<p class=\"wp-block-pdfemb-pdf-embedder-viewer\"><\/p>\n","protected":false},"excerpt":{"rendered":"","protected":false},"author":786,"featured_media":0,"comment_status":"open","ping_status":"open","sticky":false,"template":"","format":"standard","meta":{"_monsterinsights_skip_tracking":false,"_monsterinsights_sitenote_active":false,"_monsterinsights_sitenote_note":"","_monsterinsights_sitenote_category":0,"jetpack_post_was_ever_published":false,"_jetpack_newsletter_access":"","_jetpack_dont_email_post_to_subs":false,"_jetpack_newsletter_tier_id":0,"_jetpack_memberships_contains_paywalled_content":false,"_jetpack_memberships_contains_paid_content":false,"footnotes":"","jetpack_publicize_message":"","jetpack_publicize_feature_enabled":true,"jetpack_social_post_already_shared":true,"jetpack_social_options":{"image_generator_settings":{"template":"highway","default_image_id":0,"font":"","enabled":false},"version":2}},"categories":[17],"tags":[],"class_list":{"0":"post-1700","1":"post","2":"type-post","3":"status-publish","4":"format-standard","6":"category-vencillon","7":"h-entry","8":"hentry","9":"h-as-article"},"jetpack_publicize_connections":[],"jetpack_featured_media_url":"","jetpack_sharing_enabled":true,"jetpack_shortlink":"https:\/\/wp.me\/p8T00Q-rq","jetpack-related-posts":[{"id":1719,"url":"https:\/\/craaltorricon.catedu.es\/?p=1719","url_meta":{"origin":1700,"position":0},"title":"ATENCI\u00d3N PEDAG\u00d3GICA ALUMNADO DE RELIGI\u00d3N","author":"admin","date":"17 marzo, 2020","format":false,"excerpt":"PARA LAS TRES LOCALIDADES. Canci\u00f3n para 3 a\u00f1os -\u00a03 a\u00f1 cancion JESUS ES MI AMIGO Canci\u00f3n para 4 a\u00f1os - Canci\u00f3n para 5 a\u00f1os - 5 a\u00f1 cancion YO TE PERDONO Canci\u00f3n para 1\u00ba primaria -\u00a0La semana santa Canci\u00f3n para 2\u00ba primaria - 2\u00ba canc EN ESTA SEMANA SANTA","rel":"","context":"En \u00abAlgay\u00f3n\u00bb","block_context":{"text":"Algay\u00f3n","link":"https:\/\/craaltorricon.catedu.es\/?cat=13"},"img":{"alt_text":"","src":"","width":0,"height":0},"classes":[]},{"id":3064,"url":"https:\/\/craaltorricon.catedu.es\/?p=3064","url_meta":{"origin":1700,"position":1},"title":"CARNAVAL EN VENCILL\u00d3N","author":"CRA Altorric\u00f3n","date":"24 febrero, 2023","format":false,"excerpt":"El alumnado de Vencill\u00f3n realiz\u00f3 unas actividades de forma internivelar con motivo de la celebraci\u00f3n del d\u00eda de Carnaval. Lo primero que hicimos fue un desfile por el colegio para ense\u00f1ar al resto de alumnos y alumnas nuestros disfraces. Antes de almorzar realizaron un scape room divididos en 4 grupos\u2026","rel":"","context":"En \u00abVencill\u00f3n\u00bb","block_context":{"text":"Vencill\u00f3n","link":"https:\/\/craaltorricon.catedu.es\/?cat=17"},"img":{"alt_text":"","src":"","width":0,"height":0},"classes":[]},{"id":3079,"url":"https:\/\/craaltorricon.catedu.es\/?p=3079","url_meta":{"origin":1700,"position":2},"title":"ACROSPORT EN VENCILL\u00d3N","author":"CRA Altorric\u00f3n","date":"28 febrero, 2023","format":false,"excerpt":"El acrosport, tambi\u00e9n conocido como gimnasia acrob\u00e1tica es una disciplina que se practica por parejas, tr\u00edos o cuartetos. El mismo se encuentra considerado como un deporte acrob\u00e1tico-coreogr\u00e1fico en el cual se integran tres elementos fundamentales: formaci\u00f3n de figuras o pir\u00e1mides corporales, acrobacias y elementos de fuerza, flexibilidad y equilibrios como\u2026","rel":"","context":"En \u00abVencill\u00f3n\u00bb","block_context":{"text":"Vencill\u00f3n","link":"https:\/\/craaltorricon.catedu.es\/?cat=17"},"img":{"alt_text":"","src":"","width":0,"height":0},"classes":[]},{"id":1808,"url":"https:\/\/craaltorricon.catedu.es\/?p=1808","url_meta":{"origin":1700,"position":3},"title":"Informaci\u00f3n para el alumnado de 6\u00ba","author":"admin","date":"18 mayo, 2020","format":false,"excerpt":"Os dejamos esta informaci\u00f3n para el alumnado de 6\u00ba.","rel":"","context":"En \u00abAlgay\u00f3n\u00bb","block_context":{"text":"Algay\u00f3n","link":"https:\/\/craaltorricon.catedu.es\/?cat=13"},"img":{"alt_text":"","src":"","width":0,"height":0},"classes":[]},{"id":1416,"url":"https:\/\/craaltorricon.catedu.es\/?p=1416","url_meta":{"origin":1700,"position":4},"title":"Cuentacuentos","author":"admin","date":"3 mayo, 2019","format":false,"excerpt":"El pasado jueves 25 de abril, recibimos la grata visita de nuestra querida 'Cuchufleta' de la Editorial Edelvives. Primero ha amenizado con sus extraordinarios cuentos a los alumnos de Altorric\u00f3n y Algay\u00f3n, y por \u00faltimo a los de Vencill\u00f3n. Qu\u00e9 bien se lo han pasado todos!!!! Aqu\u00ed os dejamos unas\u2026","rel":"","context":"En \u00abAlgay\u00f3n\u00bb","block_context":{"text":"Algay\u00f3n","link":"https:\/\/craaltorricon.catedu.es\/?cat=13"},"img":{"alt_text":"","src":"https:\/\/i0.wp.com\/craaltorricon.catedu.es\/wp-content\/uploads\/sites\/188\/2019\/05\/WhatsApp-Image-2019-04-25-at-11.34.53-150x150.jpeg?resize=350%2C200&ssl=1","width":350,"height":200,"srcset":"https:\/\/i0.wp.com\/craaltorricon.catedu.es\/wp-content\/uploads\/sites\/188\/2019\/05\/WhatsApp-Image-2019-04-25-at-11.34.53-150x150.jpeg?resize=350%2C200&ssl=1 1x, https:\/\/i0.wp.com\/craaltorricon.catedu.es\/wp-content\/uploads\/sites\/188\/2019\/05\/WhatsApp-Image-2019-04-25-at-11.34.53-150x150.jpeg?resize=525%2C300&ssl=1 1.5x, https:\/\/i0.wp.com\/craaltorricon.catedu.es\/wp-content\/uploads\/sites\/188\/2019\/05\/WhatsApp-Image-2019-04-25-at-11.34.53-150x150.jpeg?resize=700%2C400&ssl=1 2x, https:\/\/i0.wp.com\/craaltorricon.catedu.es\/wp-content\/uploads\/sites\/188\/2019\/05\/WhatsApp-Image-2019-04-25-at-11.34.53-150x150.jpeg?resize=1050%2C600&ssl=1 3x, https:\/\/i0.wp.com\/craaltorricon.catedu.es\/wp-content\/uploads\/sites\/188\/2019\/05\/WhatsApp-Image-2019-04-25-at-11.34.53-150x150.jpeg?resize=1400%2C800&ssl=1 4x"},"classes":[]},{"id":1784,"url":"https:\/\/craaltorricon.catedu.es\/?p=1784","url_meta":{"origin":1700,"position":5},"title":"Banco de libros curso 2020\/21","author":"admin","date":"20 abril, 2020","format":false,"excerpt":"Podr\u00e1 incorporarse el alumnado que este curso, 2019\/20, est\u00e1 cursando de 2\u00ba a 6\u00ba de primaria. El alumnado de 6\u00ba de primaria dejar\u00e1 el material en el colegio y recibir\u00e1 el pr\u00f3ximo material de 1\u00ba de ESO en el instituto.","rel":"","context":"En \u00abAlgay\u00f3n\u00bb","block_context":{"text":"Algay\u00f3n","link":"https:\/\/craaltorricon.catedu.es\/?cat=13"},"img":{"alt_text":"","src":"","width":0,"height":0},"classes":[]}],"jetpack_likes_enabled":true,"_links":{"self":[{"href":"https:\/\/craaltorricon.catedu.es\/index.php?rest_route=\/wp\/v2\/posts\/1700","targetHints":{"allow":["GET"]}}],"collection":[{"href":"https:\/\/craaltorricon.catedu.es\/index.php?rest_route=\/wp\/v2\/posts"}],"about":[{"href":"https:\/\/craaltorricon.catedu.es\/index.php?rest_route=\/wp\/v2\/types\/post"}],"author":[{"embeddable":true,"href":"https:\/\/craaltorricon.catedu.es\/index.php?rest_route=\/wp\/v2\/users\/786"}],"replies":[{"embeddable":true,"href":"https:\/\/craaltorricon.catedu.es\/index.php?rest_route=%2Fwp%2Fv2%2Fcomments&post=1700"}],"version-history":[{"count":1,"href":"https:\/\/craaltorricon.catedu.es\/index.php?rest_route=\/wp\/v2\/posts\/1700\/revisions"}],"predecessor-version":[{"id":1709,"href":"https:\/\/craaltorricon.catedu.es\/index.php?rest_route=\/wp\/v2\/posts\/1700\/revisions\/1709"}],"wp:attachment":[{"href":"https:\/\/craaltorricon.catedu.es\/index.php?rest_route=%2Fwp%2Fv2%2Fmedia&parent=1700"}],"wp:term":[{"taxonomy":"category","embeddable":true,"href":"https:\/\/craaltorricon.catedu.es\/index.php?rest_route=%2Fwp%2Fv2%2Fcategories&post=1700"},{"taxonomy":"post_tag","embeddable":true,"href":"https:\/\/craaltorricon.catedu.es\/index.php?rest_route=%2Fwp%2Fv2%2Ftags&post=1700"}],"curies":[{"name":"wp","href":"https:\/\/api.w.org\/{rel}","templated":true}]}}