{"id":1744,"date":"2020-03-19T17:18:04","date_gmt":"2020-03-19T16:18:04","guid":{"rendered":"http:\/\/craaltorricon.catedu.es\/?p=1744"},"modified":"2020-03-19T17:18:04","modified_gmt":"2020-03-19T16:18:04","slug":"recursos-recomendaciones-para-5-anos-y-1o-educacion-primaria","status":"publish","type":"post","link":"https:\/\/craaltorricon.catedu.es\/?p=1744","title":{"rendered":"Recursos\/recomendaciones para 5 a\u00f1os y 1\u00ba Educaci\u00f3n primaria"},"content":{"rendered":"\n<figure class=\"wp-block-gallery columns-1 is-cropped wp-block-gallery-1 is-layout-flex wp-block-gallery-is-layout-flex\"><ul class=\"blocks-gallery-grid\"><li class=\"blocks-gallery-item\"><figure><img loading=\"lazy\" decoding=\"async\" width=\"1557\" height=\"2076\" data-attachment-id=\"1745\" data-permalink=\"https:\/\/craaltorricon.catedu.es\/?attachment_id=1745\" data-orig-file=\"https:\/\/craaltorricon.catedu.es\/wp-content\/uploads\/sites\/188\/2020\/03\/Diapositiva1.jpg\" data-orig-size=\"1557,2076\" data-comments-opened=\"1\" data-image-meta=\"{&quot;aperture&quot;:&quot;0&quot;,&quot;credit&quot;:&quot;&quot;,&quot;camera&quot;:&quot;&quot;,&quot;caption&quot;:&quot;&quot;,&quot;created_timestamp&quot;:&quot;0&quot;,&quot;copyright&quot;:&quot;&quot;,&quot;focal_length&quot;:&quot;0&quot;,&quot;iso&quot;:&quot;0&quot;,&quot;shutter_speed&quot;:&quot;0&quot;,&quot;title&quot;:&quot;&quot;,&quot;orientation&quot;:&quot;0&quot;}\" data-image-title=\"Diapositiva1\" data-image-description=\"\" data-image-caption=\"\" data-large-file=\"https:\/\/craaltorricon.catedu.es\/wp-content\/uploads\/sites\/188\/2020\/03\/Diapositiva1-768x1024.jpg\" src=\"https:\/\/i2.wp.com\/craaltorricon.catedu.es\/wp-content\/uploads\/sites\/188\/2020\/03\/Diapositiva1.jpg?fit=625%2C833\" alt=\"\" data-id=\"1745\" data-full-url=\"https:\/\/i2.wp.com\/craaltorricon.catedu.es\/wp-content\/uploads\/sites\/188\/2020\/03\/Diapositiva1.jpg?fit=1557%2C2076\" data-link=\"https:\/\/craaltorricon.catedu.es\/?attachment_id=1745\" class=\"wp-image-1745\" srcset=\"https:\/\/craaltorricon.catedu.es\/wp-content\/uploads\/sites\/188\/2020\/03\/Diapositiva1.jpg 1557w, https:\/\/craaltorricon.catedu.es\/wp-content\/uploads\/sites\/188\/2020\/03\/Diapositiva1-225x300.jpg 225w, https:\/\/craaltorricon.catedu.es\/wp-content\/uploads\/sites\/188\/2020\/03\/Diapositiva1-768x1024.jpg 768w, https:\/\/craaltorricon.catedu.es\/wp-content\/uploads\/sites\/188\/2020\/03\/Diapositiva1-1152x1536.jpg 1152w, https:\/\/craaltorricon.catedu.es\/wp-content\/uploads\/sites\/188\/2020\/03\/Diapositiva1-1536x2048.jpg 1536w, https:\/\/craaltorricon.catedu.es\/wp-content\/uploads\/sites\/188\/2020\/03\/Diapositiva1-960x1280.jpg 960w\" sizes=\"auto, (max-width: 1557px) 100vw, 1557px\" \/><\/figure><\/li><\/ul><\/figure>\n","protected":false},"excerpt":{"rendered":"","protected":false},"author":786,"featured_media":0,"comment_status":"open","ping_status":"open","sticky":false,"template":"","format":"standard","meta":{"_monsterinsights_skip_tracking":false,"_monsterinsights_sitenote_active":false,"_monsterinsights_sitenote_note":"","_monsterinsights_sitenote_category":0,"jetpack_post_was_ever_published":false,"_jetpack_newsletter_access":"","_jetpack_dont_email_post_to_subs":false,"_jetpack_newsletter_tier_id":0,"_jetpack_memberships_contains_paywalled_content":false,"_jetpack_memberships_contains_paid_content":false,"footnotes":"","jetpack_publicize_message":"","jetpack_publicize_feature_enabled":true,"jetpack_social_post_already_shared":true,"jetpack_social_options":{"image_generator_settings":{"template":"highway","default_image_id":0,"font":"","enabled":false},"version":2}},"categories":[13,16,9,17],"tags":[],"class_list":{"0":"post-1744","1":"post","2":"type-post","3":"status-publish","4":"format-standard","6":"category-algayon","7":"category-altorricon","8":"category-novedades","9":"category-vencillon","10":"h-entry","11":"hentry","12":"h-as-article"},"jetpack_publicize_connections":[],"jetpack_featured_media_url":"","jetpack_sharing_enabled":true,"jetpack_shortlink":"https:\/\/wp.me\/p8T00Q-s8","jetpack-related-posts":[{"id":1091,"url":"https:\/\/craaltorricon.catedu.es\/?p=1091","url_meta":{"origin":1744,"position":0},"title":"Organizaci\u00f3n Escolar curso 2018-19","author":"admin","date":"4 septiembre, 2018","format":false,"excerpt":"\u00a0 ALGAY\u00d3N Ed. Infantil y1\u00ba de Primaria Tutora: Gloria Zaragoza \u00a0 2\u00ba, 4\u00ba, 5\u00ba y 6\u00ba de Primaria Tutora: Stella Mitjans \u00a0 ALTORRIC\u00d3N Ed. Infantil 3 a\u00f1os Tutora: M\u00aa Dolores Buil \u00a0 Ed. Infantil 4\u00a0 a\u00f1os Tutora: Luc\u00eda Altemir \u00a0 Ed. Infantil 5 a\u00f1os Tutora: M\u00aa \u00c1ngeles Ripoll\u00e9s \u00a0 1\u00ba-2\u00ba\u2026","rel":"","context":"En \u00abAlgay\u00f3n\u00bb","block_context":{"text":"Algay\u00f3n","link":"https:\/\/craaltorricon.catedu.es\/?cat=13"},"img":{"alt_text":"","src":"","width":0,"height":0},"classes":[]},{"id":1719,"url":"https:\/\/craaltorricon.catedu.es\/?p=1719","url_meta":{"origin":1744,"position":1},"title":"ATENCI\u00d3N PEDAG\u00d3GICA ALUMNADO DE RELIGI\u00d3N","author":"admin","date":"17 marzo, 2020","format":false,"excerpt":"PARA LAS TRES LOCALIDADES. Canci\u00f3n para 3 a\u00f1os -\u00a03 a\u00f1 cancion JESUS ES MI AMIGO Canci\u00f3n para 4 a\u00f1os - Canci\u00f3n para 5 a\u00f1os - 5 a\u00f1 cancion YO TE PERDONO Canci\u00f3n para 1\u00ba primaria -\u00a0La semana santa Canci\u00f3n para 2\u00ba primaria - 2\u00ba canc EN ESTA SEMANA SANTA","rel":"","context":"En \u00abAlgay\u00f3n\u00bb","block_context":{"text":"Algay\u00f3n","link":"https:\/\/craaltorricon.catedu.es\/?cat=13"},"img":{"alt_text":"","src":"","width":0,"height":0},"classes":[]},{"id":1747,"url":"https:\/\/craaltorricon.catedu.es\/?p=1747","url_meta":{"origin":1744,"position":2},"title":"Recomendaciones 3 y 4 a\u00f1os","author":"admin","date":"19 marzo, 2020","format":false,"excerpt":"","rel":"","context":"En \u00abAlgay\u00f3n\u00bb","block_context":{"text":"Algay\u00f3n","link":"https:\/\/craaltorricon.catedu.es\/?cat=13"},"img":{"alt_text":"","src":"https:\/\/i0.wp.com\/craaltorricon.catedu.es\/wp-content\/uploads\/sites\/188\/2020\/03\/Diapositiva1-1-150x150.jpg?resize=350%2C200&ssl=1","width":350,"height":200,"srcset":"https:\/\/i0.wp.com\/craaltorricon.catedu.es\/wp-content\/uploads\/sites\/188\/2020\/03\/Diapositiva1-1-150x150.jpg?resize=350%2C200&ssl=1 1x, https:\/\/i0.wp.com\/craaltorricon.catedu.es\/wp-content\/uploads\/sites\/188\/2020\/03\/Diapositiva1-1-150x150.jpg?resize=525%2C300&ssl=1 1.5x, https:\/\/i0.wp.com\/craaltorricon.catedu.es\/wp-content\/uploads\/sites\/188\/2020\/03\/Diapositiva1-1-150x150.jpg?resize=700%2C400&ssl=1 2x, https:\/\/i0.wp.com\/craaltorricon.catedu.es\/wp-content\/uploads\/sites\/188\/2020\/03\/Diapositiva1-1-150x150.jpg?resize=1050%2C600&ssl=1 3x, https:\/\/i0.wp.com\/craaltorricon.catedu.es\/wp-content\/uploads\/sites\/188\/2020\/03\/Diapositiva1-1-150x150.jpg?resize=1400%2C800&ssl=1 4x"},"classes":[]},{"id":1416,"url":"https:\/\/craaltorricon.catedu.es\/?p=1416","url_meta":{"origin":1744,"position":3},"title":"Cuentacuentos","author":"admin","date":"3 mayo, 2019","format":false,"excerpt":"El pasado jueves 25 de abril, recibimos la grata visita de nuestra querida 'Cuchufleta' de la Editorial Edelvives. Primero ha amenizado con sus extraordinarios cuentos a los alumnos de Altorric\u00f3n y Algay\u00f3n, y por \u00faltimo a los de Vencill\u00f3n. Qu\u00e9 bien se lo han pasado todos!!!! Aqu\u00ed os dejamos unas\u2026","rel":"","context":"En \u00abAlgay\u00f3n\u00bb","block_context":{"text":"Algay\u00f3n","link":"https:\/\/craaltorricon.catedu.es\/?cat=13"},"img":{"alt_text":"","src":"https:\/\/i0.wp.com\/craaltorricon.catedu.es\/wp-content\/uploads\/sites\/188\/2019\/05\/WhatsApp-Image-2019-04-25-at-11.34.53-150x150.jpeg?resize=350%2C200&ssl=1","width":350,"height":200,"srcset":"https:\/\/i0.wp.com\/craaltorricon.catedu.es\/wp-content\/uploads\/sites\/188\/2019\/05\/WhatsApp-Image-2019-04-25-at-11.34.53-150x150.jpeg?resize=350%2C200&ssl=1 1x, https:\/\/i0.wp.com\/craaltorricon.catedu.es\/wp-content\/uploads\/sites\/188\/2019\/05\/WhatsApp-Image-2019-04-25-at-11.34.53-150x150.jpeg?resize=525%2C300&ssl=1 1.5x, https:\/\/i0.wp.com\/craaltorricon.catedu.es\/wp-content\/uploads\/sites\/188\/2019\/05\/WhatsApp-Image-2019-04-25-at-11.34.53-150x150.jpeg?resize=700%2C400&ssl=1 2x, https:\/\/i0.wp.com\/craaltorricon.catedu.es\/wp-content\/uploads\/sites\/188\/2019\/05\/WhatsApp-Image-2019-04-25-at-11.34.53-150x150.jpeg?resize=1050%2C600&ssl=1 3x, https:\/\/i0.wp.com\/craaltorricon.catedu.es\/wp-content\/uploads\/sites\/188\/2019\/05\/WhatsApp-Image-2019-04-25-at-11.34.53-150x150.jpeg?resize=1400%2C800&ssl=1 4x"},"classes":[]},{"id":2620,"url":"https:\/\/craaltorricon.catedu.es\/?p=2620","url_meta":{"origin":1744,"position":4},"title":"AMBIENTES EN PRIMARIA","author":"admin","date":"21 diciembre, 2021","format":false,"excerpt":"Durante la \u00faltima semana de noviembre el alumnado de primaria estren\u00f3 y disfrut\u00f3 los ambientes. Infantil lleva todo el trimestre trabajando en ellos pero para primaria era una novedad e incluso un deseo.\u00a0 Hoy os mostramos los ambientes de Altorric\u00f3n. Pr\u00f3ximamente segunda entrega: Algay\u00f3n y Vencill\u00f3n. No os contamos m\u00e1s...\u2026","rel":"","context":"En \u00abAltorric\u00f3n\u00bb","block_context":{"text":"Altorric\u00f3n","link":"https:\/\/craaltorricon.catedu.es\/?cat=16"},"img":{"alt_text":"","src":"","width":0,"height":0},"classes":[]},{"id":2961,"url":"https:\/\/craaltorricon.catedu.es\/?p=2961","url_meta":{"origin":1744,"position":5},"title":"D\u00eda de CRA","author":"CRA Altorric\u00f3n","date":"12 noviembre, 2022","format":false,"excerpt":"El jueves 27 de Octubre, celebramos en el colegio de Altorric\u00f3n el Primer Encuentro del CRA, en el que como ya sabeis, nos reunimos los tres pueblos (Algay\u00f3n, Altorric\u00f3n y Vencill\u00f3n) que forman el mismo, y realizamos diversas actividades. Este a\u00f1o, nuestro Primer d\u00eda del CRA ten\u00eda como tem\u00e1tica la\u2026","rel":"","context":"En \u00abAlgay\u00f3n\u00bb","block_context":{"text":"Algay\u00f3n","link":"https:\/\/craaltorricon.catedu.es\/?cat=13"},"img":{"alt_text":"","src":"https:\/\/i0.wp.com\/img.youtube.com\/vi\/VxP_C0MoxLE\/0.jpg?resize=350%2C200","width":350,"height":200},"classes":[]}],"jetpack_likes_enabled":true,"_links":{"self":[{"href":"https:\/\/craaltorricon.catedu.es\/index.php?rest_route=\/wp\/v2\/posts\/1744","targetHints":{"allow":["GET"]}}],"collection":[{"href":"https:\/\/craaltorricon.catedu.es\/index.php?rest_route=\/wp\/v2\/posts"}],"about":[{"href":"https:\/\/craaltorricon.catedu.es\/index.php?rest_route=\/wp\/v2\/types\/post"}],"author":[{"embeddable":true,"href":"https:\/\/craaltorricon.catedu.es\/index.php?rest_route=\/wp\/v2\/users\/786"}],"replies":[{"embeddable":true,"href":"https:\/\/craaltorricon.catedu.es\/index.php?rest_route=%2Fwp%2Fv2%2Fcomments&post=1744"}],"version-history":[{"count":2,"href":"https:\/\/craaltorricon.catedu.es\/index.php?rest_route=\/wp\/v2\/posts\/1744\/revisions"}],"predecessor-version":[{"id":1750,"href":"https:\/\/craaltorricon.catedu.es\/index.php?rest_route=\/wp\/v2\/posts\/1744\/revisions\/1750"}],"wp:attachment":[{"href":"https:\/\/craaltorricon.catedu.es\/index.php?rest_route=%2Fwp%2Fv2%2Fmedia&parent=1744"}],"wp:term":[{"taxonomy":"category","embeddable":true,"href":"https:\/\/craaltorricon.catedu.es\/index.php?rest_route=%2Fwp%2Fv2%2Fcategories&post=1744"},{"taxonomy":"post_tag","embeddable":true,"href":"https:\/\/craaltorricon.catedu.es\/index.php?rest_route=%2Fwp%2Fv2%2Ftags&post=1744"}],"curies":[{"name":"wp","href":"https:\/\/api.w.org\/{rel}","templated":true}]}}