{"id":1765,"date":"2020-03-27T21:33:02","date_gmt":"2020-03-27T20:33:02","guid":{"rendered":"http:\/\/craaltorricon.catedu.es\/?p=1765"},"modified":"2020-04-01T09:25:09","modified_gmt":"2020-04-01T07:25:09","slug":"os-echamos-de-menos","status":"publish","type":"post","link":"https:\/\/craaltorricon.catedu.es\/?p=1765","title":{"rendered":"Os echamos de menos"},"content":{"rendered":"\n<figure class=\"wp-block-embed-youtube wp-block-embed is-type-video is-provider-youtube wp-embed-aspect-16-9 wp-has-aspect-ratio\"><div class=\"wp-block-embed__wrapper\">\n<span class=\"embed-youtube\" style=\"text-align:center; display: block;\"><iframe loading=\"lazy\" class=\"youtube-player\" width=\"625\" height=\"352\" src=\"https:\/\/www.youtube.com\/embed\/TMUkjaN9d9E?version=3&#038;rel=1&#038;showsearch=0&#038;showinfo=1&#038;iv_load_policy=1&#038;fs=1&#038;hl=es-ES&#038;autohide=2&#038;wmode=transparent\" allowfullscreen=\"true\" style=\"border:0;\" sandbox=\"allow-scripts allow-same-origin allow-popups allow-presentation allow-popups-to-escape-sandbox\"><\/iframe><\/span>\n<\/div><\/figure>\n","protected":false},"excerpt":{"rendered":"","protected":false},"author":786,"featured_media":0,"comment_status":"open","ping_status":"open","sticky":false,"template":"","format":"standard","meta":{"_monsterinsights_skip_tracking":false,"_monsterinsights_sitenote_active":false,"_monsterinsights_sitenote_note":"","_monsterinsights_sitenote_category":0,"jetpack_post_was_ever_published":false,"_jetpack_newsletter_access":"","_jetpack_dont_email_post_to_subs":false,"_jetpack_newsletter_tier_id":0,"_jetpack_memberships_contains_paywalled_content":false,"_jetpack_memberships_contains_paid_content":false,"footnotes":"","jetpack_publicize_message":"","jetpack_publicize_feature_enabled":true,"jetpack_social_post_already_shared":true,"jetpack_social_options":{"image_generator_settings":{"template":"highway","default_image_id":0,"font":"","enabled":false},"version":2}},"categories":[13,16,18,17],"tags":[],"class_list":{"0":"post-1765","1":"post","2":"type-post","3":"status-publish","4":"format-standard","6":"category-algayon","7":"category-altorricon","8":"category-cra","9":"category-vencillon","10":"h-entry","11":"hentry","12":"h-as-article"},"jetpack_publicize_connections":[],"jetpack_featured_media_url":"","jetpack_sharing_enabled":true,"jetpack_shortlink":"https:\/\/wp.me\/p8T00Q-st","jetpack-related-posts":[{"id":1644,"url":"https:\/\/craaltorricon.catedu.es\/?p=1644","url_meta":{"origin":1765,"position":0},"title":"1r d\u00eda de CRA","author":"admin","date":"15 enero, 2020","format":false,"excerpt":"Aqu\u00ed os dejamos un v\u00eddeo con todas las fotos del primer d\u00eda de CRA que realizamos. Podr\u00e9is ver todas las diversas actividades que realizamos, nos lo pasamos muy bien y aprendimos mucho. https:\/\/youtu.be\/zwWSH4druEU","rel":"","context":"En \u00abAlgay\u00f3n\u00bb","block_context":{"text":"Algay\u00f3n","link":"https:\/\/craaltorricon.catedu.es\/?cat=13"},"img":{"alt_text":"","src":"https:\/\/i0.wp.com\/img.youtube.com\/vi\/zwWSH4druEU\/0.jpg?resize=350%2C200","width":350,"height":200},"classes":[]},{"id":1269,"url":"https:\/\/craaltorricon.catedu.es\/?p=1269","url_meta":{"origin":1765,"position":1},"title":"D\u00eda del CRA","author":"admin","date":"30 noviembre, 2018","format":false,"excerpt":"Aqu\u00ed os dejamos un v\u00eddeo con las fotos del primer d\u00eda del CRA de este curso. Como podr\u00e9is ver fue un d\u00eda muy intenso pero todos nos lo pasamos muy bien e hicimos muchas actividades todas relacionadas con el tema de la alimentaci\u00f3n. Esperamos que disfrut\u00e9is vi\u00e9ndolo como nosotros hicimos.","rel":"","context":"En \u00abAlgay\u00f3n\u00bb","block_context":{"text":"Algay\u00f3n","link":"https:\/\/craaltorricon.catedu.es\/?cat=13"},"img":{"alt_text":"","src":"","width":0,"height":0},"classes":[]},{"id":2620,"url":"https:\/\/craaltorricon.catedu.es\/?p=2620","url_meta":{"origin":1765,"position":2},"title":"AMBIENTES EN PRIMARIA","author":"admin","date":"21 diciembre, 2021","format":false,"excerpt":"Durante la \u00faltima semana de noviembre el alumnado de primaria estren\u00f3 y disfrut\u00f3 los ambientes. Infantil lleva todo el trimestre trabajando en ellos pero para primaria era una novedad e incluso un deseo.\u00a0 Hoy os mostramos los ambientes de Altorric\u00f3n. Pr\u00f3ximamente segunda entrega: Algay\u00f3n y Vencill\u00f3n. No os contamos m\u00e1s...\u2026","rel":"","context":"En \u00abAltorric\u00f3n\u00bb","block_context":{"text":"Altorric\u00f3n","link":"https:\/\/craaltorricon.catedu.es\/?cat=16"},"img":{"alt_text":"","src":"","width":0,"height":0},"classes":[]},{"id":2952,"url":"https:\/\/craaltorricon.catedu.es\/?p=2952","url_meta":{"origin":1765,"position":3},"title":"PRIMEROS AUXILIOS EN ALGAY\u00d3N Y ALTORRIC\u00d3N.","author":"CRA Altorric\u00f3n","date":"13 noviembre, 2022","format":false,"excerpt":"Este viernes 28 de octubre recibimos en Algay\u00f3n y en Altorric\u00f3n la visita de dos enfermeras de la Generalitat de Catalunya. Ellas eran Bel\u00e9n y Mireia, esta \u00faltima hija de nuestra compa\u00f1era Olga, maestra de catal\u00e1n del CRA. As\u00ed, nuestras protagonistas ense\u00f1aron al alumnado y a los maestros, diferentes t\u00e9cnicas\u2026","rel":"","context":"En \u00abAlgay\u00f3n\u00bb","block_context":{"text":"Algay\u00f3n","link":"https:\/\/craaltorricon.catedu.es\/?cat=13"},"img":{"alt_text":"","src":"https:\/\/i0.wp.com\/img.youtube.com\/vi\/vJMkNsUakJM\/0.jpg?resize=350%2C200","width":350,"height":200},"classes":[]},{"id":1843,"url":"https:\/\/craaltorricon.catedu.es\/?p=1843","url_meta":{"origin":1765,"position":4},"title":"Fin de curso","author":"admin","date":"19 junio, 2020","format":false,"excerpt":"Este curso ha sido especial y el fin de curso tambi\u00e9n lo est\u00e1 siendo. Hoy es el \u00faltimo d\u00eda y todos en un momento u otro os hab\u00e9is podido despedir de todos los maestros y maestras. Pero no pod\u00eda faltar nuestra especial despedida al alumnado de 6\u00ba. El curso que\u2026","rel":"","context":"En \u00abAlgay\u00f3n\u00bb","block_context":{"text":"Algay\u00f3n","link":"https:\/\/craaltorricon.catedu.es\/?cat=13"},"img":{"alt_text":"","src":"https:\/\/i0.wp.com\/img.youtube.com\/vi\/_hW0DsQW0Yc\/0.jpg?resize=350%2C200","width":350,"height":200},"classes":[]},{"id":1272,"url":"https:\/\/craaltorricon.catedu.es\/?p=1272","url_meta":{"origin":1765,"position":5},"title":"AULA EN BICI EN EL C.R.A.","author":"admin","date":"3 diciembre, 2018","format":false,"excerpt":"Este martes 28 de noviembre los alumn@s de 5\u00ba y 6\u00ba realizamos las actividades de Aula en Bici en el C.R.A. Se trata de un programa que pretende potenciar el uso de la bicicleta. Para ello se realizaron dos actividades una el Altorric\u00f3n en la que tambi\u00e9n particip\u00f3 el alumnado\u2026","rel":"","context":"En \u00abAlgay\u00f3n\u00bb","block_context":{"text":"Algay\u00f3n","link":"https:\/\/craaltorricon.catedu.es\/?cat=13"},"img":{"alt_text":"","src":"","width":0,"height":0},"classes":[]}],"jetpack_likes_enabled":true,"_links":{"self":[{"href":"https:\/\/craaltorricon.catedu.es\/index.php?rest_route=\/wp\/v2\/posts\/1765","targetHints":{"allow":["GET"]}}],"collection":[{"href":"https:\/\/craaltorricon.catedu.es\/index.php?rest_route=\/wp\/v2\/posts"}],"about":[{"href":"https:\/\/craaltorricon.catedu.es\/index.php?rest_route=\/wp\/v2\/types\/post"}],"author":[{"embeddable":true,"href":"https:\/\/craaltorricon.catedu.es\/index.php?rest_route=\/wp\/v2\/users\/786"}],"replies":[{"embeddable":true,"href":"https:\/\/craaltorricon.catedu.es\/index.php?rest_route=%2Fwp%2Fv2%2Fcomments&post=1765"}],"version-history":[{"count":4,"href":"https:\/\/craaltorricon.catedu.es\/index.php?rest_route=\/wp\/v2\/posts\/1765\/revisions"}],"predecessor-version":[{"id":1779,"href":"https:\/\/craaltorricon.catedu.es\/index.php?rest_route=\/wp\/v2\/posts\/1765\/revisions\/1779"}],"wp:attachment":[{"href":"https:\/\/craaltorricon.catedu.es\/index.php?rest_route=%2Fwp%2Fv2%2Fmedia&parent=1765"}],"wp:term":[{"taxonomy":"category","embeddable":true,"href":"https:\/\/craaltorricon.catedu.es\/index.php?rest_route=%2Fwp%2Fv2%2Fcategories&post=1765"},{"taxonomy":"post_tag","embeddable":true,"href":"https:\/\/craaltorricon.catedu.es\/index.php?rest_route=%2Fwp%2Fv2%2Ftags&post=1765"}],"curies":[{"name":"wp","href":"https:\/\/api.w.org\/{rel}","templated":true}]}}