{"id":1808,"date":"2020-05-18T12:20:10","date_gmt":"2020-05-18T10:20:10","guid":{"rendered":"http:\/\/craaltorricon.catedu.es\/?p=1808"},"modified":"2020-05-18T12:20:10","modified_gmt":"2020-05-18T10:20:10","slug":"informacion-para-el-alumnado-de-6o","status":"publish","type":"post","link":"https:\/\/craaltorricon.catedu.es\/?p=1808","title":{"rendered":"Informaci\u00f3n para el alumnado de 6\u00ba"},"content":{"rendered":"\n<p>Os dejamos esta informaci\u00f3n para el alumnado de 6\u00ba.<\/p>\n\n\n<a href=\"https:\/\/craaltorricon.catedu.es\/wp-content\/uploads\/sites\/188\/2020\/05\/PAI-19-20-1.pdf\" class=\"pdfemb-viewer\" style=\"\" data-width=\"max\" data-height=\"max\" data-toolbar=\"bottom\" data-toolbar-fixed=\"off\">PAI-19-20-1<\/a>\n<p class=\"wp-block-pdfemb-pdf-embedder-viewer\"><\/p>\n","protected":false},"excerpt":{"rendered":"<p>Os dejamos esta informaci\u00f3n para el alumnado de 6\u00ba.<\/p>\n","protected":false},"author":786,"featured_media":0,"comment_status":"open","ping_status":"open","sticky":false,"template":"","format":"standard","meta":{"_monsterinsights_skip_tracking":false,"_monsterinsights_sitenote_active":false,"_monsterinsights_sitenote_note":"","_monsterinsights_sitenote_category":0,"jetpack_post_was_ever_published":false,"_jetpack_newsletter_access":"","_jetpack_dont_email_post_to_subs":false,"_jetpack_newsletter_tier_id":0,"_jetpack_memberships_contains_paywalled_content":false,"_jetpack_memberships_contains_paid_content":false,"footnotes":"","jetpack_publicize_message":"","jetpack_publicize_feature_enabled":true,"jetpack_social_post_already_shared":true,"jetpack_social_options":{"image_generator_settings":{"template":"highway","default_image_id":0,"font":"","enabled":false},"version":2}},"categories":[13,16,18,9,20,17],"tags":[],"class_list":{"0":"post-1808","1":"post","2":"type-post","3":"status-publish","4":"format-standard","6":"category-algayon","7":"category-altorricon","8":"category-cra","9":"category-novedades","10":"category-secretaria","11":"category-vencillon","12":"h-entry","13":"hentry","14":"h-as-article"},"jetpack_publicize_connections":[],"jetpack_featured_media_url":"","jetpack_sharing_enabled":true,"jetpack_shortlink":"https:\/\/wp.me\/p8T00Q-ta","jetpack-related-posts":[{"id":2153,"url":"https:\/\/craaltorricon.catedu.es\/?p=2153","url_meta":{"origin":1808,"position":0},"title":"BANCO DE LIBROS     &#8211;     Curso 2021\/2022","author":"admin","date":"21 abril, 2021","format":false,"excerpt":"Durante el pr\u00f3ximo curso nuestro CRA continuar\u00e1 con el Banco de Libros. Podr\u00e1 incorporarse el alumnado que durante el 2020\/21 est\u00e1 cursando de 2\u00ba a 6\u00ba de primaria. El alumnado de 6\u00ba de primaria dejar\u00e1 el material en el colegio y recibir\u00e1 el pr\u00f3ximo material de 1\u00ba de ESO en\u2026","rel":"","context":"En \u00abAlgay\u00f3n\u00bb","block_context":{"text":"Algay\u00f3n","link":"https:\/\/craaltorricon.catedu.es\/?cat=13"},"img":{"alt_text":"","src":"","width":0,"height":0},"classes":[]},{"id":2179,"url":"https:\/\/craaltorricon.catedu.es\/?p=2179","url_meta":{"origin":1808,"position":1},"title":"ENCUESTA ALUMNADO","author":"admin","date":"31 mayo, 2021","format":false,"excerpt":"ENCUESTA DIRIGIDA AL ALUMNADO QUE DURANTE EL CURSO 2019-2020 CURSABA 3\u00ba, 4\u00ba, 5\u00ba Y 6\u00ba DE PRIMARIA SOBRE IMPACTO COVID EN LA EDUCACI\u00d3N ARAGONESA. A trav\u00e9s del enlace destacado, debajo de este p\u00e1rrafo, el alumnado que estaba el curso pasado en 3\u00ba, 4\u00ba, 5\u00ba y 6\u00ba de primaria podr\u00e1 responder\u2026","rel":"","context":"En \u00abAlgay\u00f3n\u00bb","block_context":{"text":"Algay\u00f3n","link":"https:\/\/craaltorricon.catedu.es\/?cat=13"},"img":{"alt_text":"","src":"","width":0,"height":0},"classes":[]},{"id":1784,"url":"https:\/\/craaltorricon.catedu.es\/?p=1784","url_meta":{"origin":1808,"position":2},"title":"Banco de libros curso 2020\/21","author":"admin","date":"20 abril, 2020","format":false,"excerpt":"Podr\u00e1 incorporarse el alumnado que este curso, 2019\/20, est\u00e1 cursando de 2\u00ba a 6\u00ba de primaria. El alumnado de 6\u00ba de primaria dejar\u00e1 el material en el colegio y recibir\u00e1 el pr\u00f3ximo material de 1\u00ba de ESO en el instituto.","rel":"","context":"En \u00abAlgay\u00f3n\u00bb","block_context":{"text":"Algay\u00f3n","link":"https:\/\/craaltorricon.catedu.es\/?cat=13"},"img":{"alt_text":"","src":"","width":0,"height":0},"classes":[]},{"id":1272,"url":"https:\/\/craaltorricon.catedu.es\/?p=1272","url_meta":{"origin":1808,"position":3},"title":"AULA EN BICI EN EL C.R.A.","author":"admin","date":"3 diciembre, 2018","format":false,"excerpt":"Este martes 28 de noviembre los alumn@s de 5\u00ba y 6\u00ba realizamos las actividades de Aula en Bici en el C.R.A. Se trata de un programa que pretende potenciar el uso de la bicicleta. Para ello se realizaron dos actividades una el Altorric\u00f3n en la que tambi\u00e9n particip\u00f3 el alumnado\u2026","rel":"","context":"En \u00abAlgay\u00f3n\u00bb","block_context":{"text":"Algay\u00f3n","link":"https:\/\/craaltorricon.catedu.es\/?cat=13"},"img":{"alt_text":"","src":"","width":0,"height":0},"classes":[]},{"id":1416,"url":"https:\/\/craaltorricon.catedu.es\/?p=1416","url_meta":{"origin":1808,"position":4},"title":"Cuentacuentos","author":"admin","date":"3 mayo, 2019","format":false,"excerpt":"El pasado jueves 25 de abril, recibimos la grata visita de nuestra querida 'Cuchufleta' de la Editorial Edelvives. Primero ha amenizado con sus extraordinarios cuentos a los alumnos de Altorric\u00f3n y Algay\u00f3n, y por \u00faltimo a los de Vencill\u00f3n. Qu\u00e9 bien se lo han pasado todos!!!! Aqu\u00ed os dejamos unas\u2026","rel":"","context":"En \u00abAlgay\u00f3n\u00bb","block_context":{"text":"Algay\u00f3n","link":"https:\/\/craaltorricon.catedu.es\/?cat=13"},"img":{"alt_text":"","src":"https:\/\/i0.wp.com\/craaltorricon.catedu.es\/wp-content\/uploads\/sites\/188\/2019\/05\/WhatsApp-Image-2019-04-25-at-11.34.53-150x150.jpeg?resize=350%2C200&ssl=1","width":350,"height":200,"srcset":"https:\/\/i0.wp.com\/craaltorricon.catedu.es\/wp-content\/uploads\/sites\/188\/2019\/05\/WhatsApp-Image-2019-04-25-at-11.34.53-150x150.jpeg?resize=350%2C200&ssl=1 1x, https:\/\/i0.wp.com\/craaltorricon.catedu.es\/wp-content\/uploads\/sites\/188\/2019\/05\/WhatsApp-Image-2019-04-25-at-11.34.53-150x150.jpeg?resize=525%2C300&ssl=1 1.5x, https:\/\/i0.wp.com\/craaltorricon.catedu.es\/wp-content\/uploads\/sites\/188\/2019\/05\/WhatsApp-Image-2019-04-25-at-11.34.53-150x150.jpeg?resize=700%2C400&ssl=1 2x, https:\/\/i0.wp.com\/craaltorricon.catedu.es\/wp-content\/uploads\/sites\/188\/2019\/05\/WhatsApp-Image-2019-04-25-at-11.34.53-150x150.jpeg?resize=1050%2C600&ssl=1 3x, https:\/\/i0.wp.com\/craaltorricon.catedu.es\/wp-content\/uploads\/sites\/188\/2019\/05\/WhatsApp-Image-2019-04-25-at-11.34.53-150x150.jpeg?resize=1400%2C800&ssl=1 4x"},"classes":[]},{"id":3248,"url":"https:\/\/craaltorricon.catedu.es\/?p=3248","url_meta":{"origin":1808,"position":5},"title":"EXCURSI\u00d3N FIN DE CURSO de 3\u00ba a 6\u00ba","author":"CRA Altorric\u00f3n","date":"15 mayo, 2023","format":false,"excerpt":"Y estamos llegando a nuestra recta final, pues vamos adentr\u00e1ndonos en mayo\u2026 sabemos que solo nos quedan un par de meses, y hay que sacarles partido y aprovecharlos al m\u00e1ximo. Ese es el pensamiento que tenemos todos, alumnado y el claustro del profesorado, cada uno con sus razones loables y\u2026","rel":"","context":"En \u00abAlgay\u00f3n\u00bb","block_context":{"text":"Algay\u00f3n","link":"https:\/\/craaltorricon.catedu.es\/?cat=13"},"img":{"alt_text":"","src":"","width":0,"height":0},"classes":[]}],"jetpack_likes_enabled":true,"_links":{"self":[{"href":"https:\/\/craaltorricon.catedu.es\/index.php?rest_route=\/wp\/v2\/posts\/1808","targetHints":{"allow":["GET"]}}],"collection":[{"href":"https:\/\/craaltorricon.catedu.es\/index.php?rest_route=\/wp\/v2\/posts"}],"about":[{"href":"https:\/\/craaltorricon.catedu.es\/index.php?rest_route=\/wp\/v2\/types\/post"}],"author":[{"embeddable":true,"href":"https:\/\/craaltorricon.catedu.es\/index.php?rest_route=\/wp\/v2\/users\/786"}],"replies":[{"embeddable":true,"href":"https:\/\/craaltorricon.catedu.es\/index.php?rest_route=%2Fwp%2Fv2%2Fcomments&post=1808"}],"version-history":[{"count":1,"href":"https:\/\/craaltorricon.catedu.es\/index.php?rest_route=\/wp\/v2\/posts\/1808\/revisions"}],"predecessor-version":[{"id":1810,"href":"https:\/\/craaltorricon.catedu.es\/index.php?rest_route=\/wp\/v2\/posts\/1808\/revisions\/1810"}],"wp:attachment":[{"href":"https:\/\/craaltorricon.catedu.es\/index.php?rest_route=%2Fwp%2Fv2%2Fmedia&parent=1808"}],"wp:term":[{"taxonomy":"category","embeddable":true,"href":"https:\/\/craaltorricon.catedu.es\/index.php?rest_route=%2Fwp%2Fv2%2Fcategories&post=1808"},{"taxonomy":"post_tag","embeddable":true,"href":"https:\/\/craaltorricon.catedu.es\/index.php?rest_route=%2Fwp%2Fv2%2Ftags&post=1808"}],"curies":[{"name":"wp","href":"https:\/\/api.w.org\/{rel}","templated":true}]}}