{"id":1843,"date":"2020-06-19T08:06:43","date_gmt":"2020-06-19T06:06:43","guid":{"rendered":"http:\/\/craaltorricon.catedu.es\/?p=1843"},"modified":"2020-06-24T13:22:48","modified_gmt":"2020-06-24T11:22:48","slug":"fin-de-curso","status":"publish","type":"post","link":"https:\/\/craaltorricon.catedu.es\/?p=1843","title":{"rendered":"Fin de curso"},"content":{"rendered":"\n<p>Este curso ha sido especial y el fin de curso tambi\u00e9n lo est\u00e1 siendo.<\/p>\n<p>Hoy es el \u00faltimo d\u00eda y todos en un momento u otro os hab\u00e9is podido despedir de todos los maestros y maestras.<\/p>\n<p>Pero no pod\u00eda faltar nuestra especial despedida al alumnado de 6\u00ba. El curso que viene los veremos pasar pero estar\u00e1n en el instituto. As\u00ed que entre todos los que formamos el CRA Altorric\u00f3n os hemos preparado este v\u00eddeo de despedida. Esperamos que os guste y nos llev\u00e9is siempre con vosotros.<\/p>\n\n\n\n<figure class=\"wp-block-embed-youtube wp-block-embed is-type-video is-provider-youtube wp-embed-aspect-16-9 wp-has-aspect-ratio\"><div class=\"wp-block-embed__wrapper\">\n<span class=\"embed-youtube\" style=\"text-align:center; display: block;\"><iframe loading=\"lazy\" class=\"youtube-player\" width=\"625\" height=\"352\" src=\"https:\/\/www.youtube.com\/embed\/_hW0DsQW0Yc?version=3&#038;rel=1&#038;showsearch=0&#038;showinfo=1&#038;iv_load_policy=1&#038;fs=1&#038;hl=es-ES&#038;autohide=2&#038;wmode=transparent\" allowfullscreen=\"true\" style=\"border:0;\" sandbox=\"allow-scripts allow-same-origin allow-popups allow-presentation allow-popups-to-escape-sandbox\"><\/iframe><\/span>\n<\/div><\/figure>\n\n\n\n<p>Pero nuestros alumnos y alumnas de 6\u00ba tambi\u00e9n se han querido despedir de todos nosotros. Lo han hecho explic\u00e1ndonos lo siguiente :<\/p>\n\n\n\n<figure class=\"wp-block-embed-youtube wp-block-embed is-type-video is-provider-youtube wp-embed-aspect-16-9 wp-has-aspect-ratio\"><div class=\"wp-block-embed__wrapper\">\n<span class=\"embed-youtube\" style=\"text-align:center; display: block;\"><iframe loading=\"lazy\" class=\"youtube-player\" width=\"625\" height=\"352\" src=\"https:\/\/www.youtube.com\/embed\/9i-7BvZMc18?version=3&#038;rel=1&#038;showsearch=0&#038;showinfo=1&#038;iv_load_policy=1&#038;fs=1&#038;hl=es-ES&#038;autohide=2&#038;wmode=transparent\" allowfullscreen=\"true\" style=\"border:0;\" sandbox=\"allow-scripts allow-same-origin allow-popups allow-presentation allow-popups-to-escape-sandbox\"><\/iframe><\/span>\n<\/div><\/figure>\n\n\n\n<p>Y acabadas las despedidas solo nos queda desearos a todos y todas un buen verano y agradeceros todo el esfuerzo que hab\u00e9is hecho.<\/p>\n<h1 style=\"text-align: center;\"><span style=\"color: #00ccff;\"><strong>\u00a1\u00a1FELIZ VERANO!!<\/strong><\/span><\/h1>\n","protected":false},"excerpt":{"rendered":"<p>Este curso ha sido especial y el fin de curso tambi\u00e9n lo est\u00e1 siendo. Hoy es el \u00faltimo d\u00eda y todos en un momento u otro os hab\u00e9is podido despedir de todos los maestros y maestras. Pero no pod\u00eda faltar nuestra especial despedida al alumnado de 6\u00ba. El curso que viene los veremos pasar pero <a href=\"https:\/\/craaltorricon.catedu.es\/?p=1843\" class=\"more-link\">...contin\u00faa leyendo<span class=\"screen-reader-text\"> \"Fin de curso\"<\/span><\/a><\/p>\n","protected":false},"author":786,"featured_media":0,"comment_status":"open","ping_status":"open","sticky":false,"template":"","format":"standard","meta":{"_monsterinsights_skip_tracking":false,"_monsterinsights_sitenote_active":false,"_monsterinsights_sitenote_note":"","_monsterinsights_sitenote_category":0,"jetpack_post_was_ever_published":false,"_jetpack_newsletter_access":"","_jetpack_dont_email_post_to_subs":false,"_jetpack_newsletter_tier_id":0,"_jetpack_memberships_contains_paywalled_content":false,"_jetpack_memberships_contains_paid_content":false,"footnotes":"","jetpack_publicize_message":"","jetpack_publicize_feature_enabled":true,"jetpack_social_post_already_shared":true,"jetpack_social_options":{"image_generator_settings":{"template":"highway","default_image_id":0,"font":"","enabled":false},"version":2}},"categories":[13,16,18,9,17],"tags":[],"class_list":{"0":"post-1843","1":"post","2":"type-post","3":"status-publish","4":"format-standard","6":"category-algayon","7":"category-altorricon","8":"category-cra","9":"category-novedades","10":"category-vencillon","11":"h-entry","12":"hentry","13":"h-as-article"},"jetpack_publicize_connections":[],"jetpack_featured_media_url":"","jetpack_sharing_enabled":true,"jetpack_shortlink":"https:\/\/wp.me\/p8T00Q-tJ","jetpack-related-posts":[{"id":2228,"url":"https:\/\/craaltorricon.catedu.es\/?p=2228","url_meta":{"origin":1843,"position":0},"title":"Fin de curso","author":"admin","date":"19 junio, 2021","format":false,"excerpt":"No ha sido un curso f\u00e1cil pero juntos hemos logrado llegar hasta el final, sois unos campeones y campeonas, \u00a1\u00a1ENHORABUENA!! Cada final de curso nos toca despedir al alumnado de 6\u00ba, este a\u00f1o tambi\u00e9n ha sido especial y no nos hemos podido juntar presencialmente, pero s\u00ed virtualmente.\u00a0 Empezamos con la\u2026","rel":"","context":"En \u00abAlgay\u00f3n\u00bb","block_context":{"text":"Algay\u00f3n","link":"https:\/\/craaltorricon.catedu.es\/?cat=13"},"img":{"alt_text":"","src":"https:\/\/i0.wp.com\/img.youtube.com\/vi\/yxc1OwknGLE\/0.jpg?resize=350%2C200","width":350,"height":200},"classes":[]},{"id":3248,"url":"https:\/\/craaltorricon.catedu.es\/?p=3248","url_meta":{"origin":1843,"position":1},"title":"EXCURSI\u00d3N FIN DE CURSO de 3\u00ba a 6\u00ba","author":"CRA Altorric\u00f3n","date":"15 mayo, 2023","format":false,"excerpt":"Y estamos llegando a nuestra recta final, pues vamos adentr\u00e1ndonos en mayo\u2026 sabemos que solo nos quedan un par de meses, y hay que sacarles partido y aprovecharlos al m\u00e1ximo. Ese es el pensamiento que tenemos todos, alumnado y el claustro del profesorado, cada uno con sus razones loables y\u2026","rel":"","context":"En \u00abAlgay\u00f3n\u00bb","block_context":{"text":"Algay\u00f3n","link":"https:\/\/craaltorricon.catedu.es\/?cat=13"},"img":{"alt_text":"","src":"","width":0,"height":0},"classes":[]},{"id":2063,"url":"https:\/\/craaltorricon.catedu.es\/?p=2063","url_meta":{"origin":1843,"position":2},"title":"FESTIVAL VIRTUAL","author":"admin","date":"22 diciembre, 2020","format":false,"excerpt":"Este curso est\u00e1 siendo diferente, pero no por ello hemos perdido la ilusi\u00f3n por celebrar el fin del trimestre y el inicio de las vacaciones. Aqu\u00ed ten\u00e9is una nueva versi\u00f3n de festival, nuestro FESTIVAL VIRTUAL en el que han participado todos los alumnos y alumnas del CRA. Esperamos que lo\u2026","rel":"","context":"En \u00abAlgay\u00f3n\u00bb","block_context":{"text":"Algay\u00f3n","link":"https:\/\/craaltorricon.catedu.es\/?cat=13"},"img":{"alt_text":"","src":"","width":0,"height":0},"classes":[]},{"id":3333,"url":"https:\/\/craaltorricon.catedu.es\/?p=3333","url_meta":{"origin":1843,"position":3},"title":"Un buen regalo de Reyes","author":"CRA Altorric\u00f3n","date":"29 junio, 2023","format":false,"excerpt":"Pues s\u00ed, los Reyes Magos nos trajeron entre otras cosas un puzle muy especial. Consiste en poner las piezas de una manera concreta para que salga la fecha y el mes. Nos ha gustado mucho, todos ten\u00edamos ganas de acabar el trabajo que nos mandaban para poder probar e intentar\u2026","rel":"","context":"En \u00abAlgay\u00f3n\u00bb","block_context":{"text":"Algay\u00f3n","link":"https:\/\/craaltorricon.catedu.es\/?cat=13"},"img":{"alt_text":"","src":"","width":0,"height":0},"classes":[]},{"id":3316,"url":"https:\/\/craaltorricon.catedu.es\/?p=3316","url_meta":{"origin":1843,"position":4},"title":"2\u00ba DE EDUCACI\u00d3N PRIMARIA DE ALTORRIC\u00d3N PRACTICA EL SPEAKING","author":"CRA Altorric\u00f3n","date":"26 junio, 2023","format":false,"excerpt":"Estamos en la recta final de curso como todos sabemos\u2026 y los diferentes docentes vamos haciendo actividades un poco m\u00e1s l\u00fadicas y entretenidas, pero sin dejar de lado lo curricular. En este caso, les ha tocado el turno a los ni\u00f1os y ni\u00f1as de 2\u00ba de Altorric\u00f3n. Su maestro de\u2026","rel":"","context":"En \u00abAltorric\u00f3n\u00bb","block_context":{"text":"Altorric\u00f3n","link":"https:\/\/craaltorricon.catedu.es\/?cat=16"},"img":{"alt_text":"","src":"","width":0,"height":0},"classes":[]},{"id":3318,"url":"https:\/\/craaltorricon.catedu.es\/?p=3318","url_meta":{"origin":1843,"position":5},"title":"ACTUACIONES CIRCENSES EN ALTORRIC\u00d3N: 5\u00ba Y 6\u00ba Y EL CIRCO","author":"CRA Altorric\u00f3n","date":"27 junio, 2023","format":false,"excerpt":"En esta \u00faltima semana curso, se han planteado diferentes actividades m\u00e1s l\u00fadicas, pero siempre con un componente did\u00e1ctico. En Altorric\u00f3n, el alumnado de Infantil ha estado trabajando con el proyecto del circo durante todo el trimestre. As\u00ed, nos plantearon a los m\u00e1s mayores del colegio, que hici\u00e9ramos una serie de\u2026","rel":"","context":"En \u00abAltorric\u00f3n\u00bb","block_context":{"text":"Altorric\u00f3n","link":"https:\/\/craaltorricon.catedu.es\/?cat=16"},"img":{"alt_text":"","src":"","width":0,"height":0},"classes":[]}],"jetpack_likes_enabled":true,"_links":{"self":[{"href":"https:\/\/craaltorricon.catedu.es\/index.php?rest_route=\/wp\/v2\/posts\/1843","targetHints":{"allow":["GET"]}}],"collection":[{"href":"https:\/\/craaltorricon.catedu.es\/index.php?rest_route=\/wp\/v2\/posts"}],"about":[{"href":"https:\/\/craaltorricon.catedu.es\/index.php?rest_route=\/wp\/v2\/types\/post"}],"author":[{"embeddable":true,"href":"https:\/\/craaltorricon.catedu.es\/index.php?rest_route=\/wp\/v2\/users\/786"}],"replies":[{"embeddable":true,"href":"https:\/\/craaltorricon.catedu.es\/index.php?rest_route=%2Fwp%2Fv2%2Fcomments&post=1843"}],"version-history":[{"count":5,"href":"https:\/\/craaltorricon.catedu.es\/index.php?rest_route=\/wp\/v2\/posts\/1843\/revisions"}],"predecessor-version":[{"id":1851,"href":"https:\/\/craaltorricon.catedu.es\/index.php?rest_route=\/wp\/v2\/posts\/1843\/revisions\/1851"}],"wp:attachment":[{"href":"https:\/\/craaltorricon.catedu.es\/index.php?rest_route=%2Fwp%2Fv2%2Fmedia&parent=1843"}],"wp:term":[{"taxonomy":"category","embeddable":true,"href":"https:\/\/craaltorricon.catedu.es\/index.php?rest_route=%2Fwp%2Fv2%2Fcategories&post=1843"},{"taxonomy":"post_tag","embeddable":true,"href":"https:\/\/craaltorricon.catedu.es\/index.php?rest_route=%2Fwp%2Fv2%2Ftags&post=1843"}],"curies":[{"name":"wp","href":"https:\/\/api.w.org\/{rel}","templated":true}]}}