{"id":1904,"date":"2020-09-02T12:31:25","date_gmt":"2020-09-02T10:31:25","guid":{"rendered":"http:\/\/craaltorricon.catedu.es\/?p=1904"},"modified":"2020-09-02T12:31:25","modified_gmt":"2020-09-02T10:31:25","slug":"entradas-y-salidas-vencillon","status":"publish","type":"post","link":"https:\/\/craaltorricon.catedu.es\/?p=1904","title":{"rendered":"Entradas y salidas Vencill\u00f3n"},"content":{"rendered":"<a href=\"https:\/\/craaltorricon.catedu.es\/wp-content\/uploads\/sites\/188\/2020\/09\/VENCILL\u00d3N-ENTRADAS-Y-SALIDAS.pdf\" class=\"pdfemb-viewer\" style=\"\" data-width=\"max\" data-height=\"max\" data-toolbar=\"bottom\" data-toolbar-fixed=\"off\">VENCILL\u00d3N-ENTRADAS-Y-SALIDAS<\/a>\n<p class=\"wp-block-pdfemb-pdf-embedder-viewer\"><\/p>\n","protected":false},"excerpt":{"rendered":"","protected":false},"author":786,"featured_media":0,"comment_status":"open","ping_status":"open","sticky":false,"template":"","format":"standard","meta":{"_uag_custom_page_level_css":"","_monsterinsights_skip_tracking":false,"_monsterinsights_sitenote_active":false,"_monsterinsights_sitenote_note":"","_monsterinsights_sitenote_category":0,"jetpack_post_was_ever_published":false,"_jetpack_newsletter_access":"","_jetpack_dont_email_post_to_subs":false,"_jetpack_newsletter_tier_id":0,"_jetpack_memberships_contains_paywalled_content":false,"_jetpack_memberships_contains_paid_content":false,"footnotes":"","jetpack_publicize_message":"","jetpack_publicize_feature_enabled":true,"jetpack_social_post_already_shared":true,"jetpack_social_options":{"image_generator_settings":{"template":"highway","default_image_id":0,"font":"","enabled":false},"version":2}},"categories":[17],"tags":[],"class_list":{"0":"post-1904","1":"post","2":"type-post","3":"status-publish","4":"format-standard","6":"category-vencillon","7":"h-entry","8":"hentry","9":"h-as-article"},"jetpack_publicize_connections":[],"uagb_featured_image_src":{"full":false,"thumbnail":false,"medium":false,"medium_large":false,"large":false,"1536x1536":false,"2048x2048":false,"custom-header-image":false},"uagb_author_info":{"display_name":"admin","author_link":"https:\/\/craaltorricon.catedu.es\/?author=786"},"uagb_comment_info":0,"uagb_excerpt":null,"jetpack_featured_media_url":"","jetpack_sharing_enabled":true,"jetpack_shortlink":"https:\/\/wp.me\/p8T00Q-uI","jetpack-related-posts":[{"id":1587,"url":"https:\/\/craaltorricon.catedu.es\/?p=1587","url_meta":{"origin":1904,"position":0},"title":"TRABAJAMOS LAS C\u00c9LULAS EN VENCILL\u00d3N","author":"admin","date":"17 octubre, 2019","format":false,"excerpt":"Los alumnos de 5\u00b0 y 6\u00b0 de Vencill\u00f3n hemos realizado un trabajo en equipos en el que hemos elaborado una c\u00e9lula animal y otra vegetal, empleando materiales muy diversos (plastilina, goma eva, porexpan y todo lo que se nos ha ocurrido...) y lo hemos expuesto a nuestros compa\u00f1eros. Aqu\u00ed ten\u00e9is\u2026","rel":"","context":"En \u00abNovedades\u00bb","block_context":{"text":"Novedades","link":"https:\/\/craaltorricon.catedu.es\/?cat=9"},"img":{"alt_text":"","src":"https:\/\/i0.wp.com\/craaltorricon.catedu.es\/wp-content\/uploads\/sites\/188\/2019\/10\/IMG_20191007_114940-150x150.jpg?resize=350%2C200&ssl=1","width":350,"height":200,"srcset":"https:\/\/i0.wp.com\/craaltorricon.catedu.es\/wp-content\/uploads\/sites\/188\/2019\/10\/IMG_20191007_114940-150x150.jpg?resize=350%2C200&ssl=1 1x, https:\/\/i0.wp.com\/craaltorricon.catedu.es\/wp-content\/uploads\/sites\/188\/2019\/10\/IMG_20191007_114940-150x150.jpg?resize=525%2C300&ssl=1 1.5x, https:\/\/i0.wp.com\/craaltorricon.catedu.es\/wp-content\/uploads\/sites\/188\/2019\/10\/IMG_20191007_114940-150x150.jpg?resize=700%2C400&ssl=1 2x, https:\/\/i0.wp.com\/craaltorricon.catedu.es\/wp-content\/uploads\/sites\/188\/2019\/10\/IMG_20191007_114940-150x150.jpg?resize=1050%2C600&ssl=1 3x, https:\/\/i0.wp.com\/craaltorricon.catedu.es\/wp-content\/uploads\/sites\/188\/2019\/10\/IMG_20191007_114940-150x150.jpg?resize=1400%2C800&ssl=1 4x"},"classes":[]},{"id":1612,"url":"https:\/\/craaltorricon.catedu.es\/?p=1612","url_meta":{"origin":1904,"position":1},"title":"LA PREHISTORIA EN VENCILL\u00d3N","author":"admin","date":"27 noviembre, 2019","format":false,"excerpt":"Los ni\u00f1os\/as de infantil de Vencill\u00f3n, hemos investigado sobre la prehistoria. \u00bfQui\u00e9nes eran los \"prehist\u00f3ricos\", d\u00f3nde viv\u00edan, qu\u00e9 com\u00edan...?Empezamos preparando la cueva y decor\u00e1ndola con pinturas rupestres. Hemos pintado con pigmentos naturales, elaborado collares con arcilla y \"colmillos de mamut\", nuestros vestidos...Y ahora, \u00bfqu\u00e9 nos falta? \u00a1Las armas y a\u2026","rel":"","context":"En \u00abNovedades\u00bb","block_context":{"text":"Novedades","link":"https:\/\/craaltorricon.catedu.es\/?cat=9"},"img":{"alt_text":"","src":"https:\/\/i0.wp.com\/craaltorricon.catedu.es\/wp-content\/uploads\/sites\/188\/2019\/11\/1-150x150.jpg?resize=350%2C200&ssl=1","width":350,"height":200,"srcset":"https:\/\/i0.wp.com\/craaltorricon.catedu.es\/wp-content\/uploads\/sites\/188\/2019\/11\/1-150x150.jpg?resize=350%2C200&ssl=1 1x, https:\/\/i0.wp.com\/craaltorricon.catedu.es\/wp-content\/uploads\/sites\/188\/2019\/11\/1-150x150.jpg?resize=525%2C300&ssl=1 1.5x, https:\/\/i0.wp.com\/craaltorricon.catedu.es\/wp-content\/uploads\/sites\/188\/2019\/11\/1-150x150.jpg?resize=700%2C400&ssl=1 2x, https:\/\/i0.wp.com\/craaltorricon.catedu.es\/wp-content\/uploads\/sites\/188\/2019\/11\/1-150x150.jpg?resize=1050%2C600&ssl=1 3x, https:\/\/i0.wp.com\/craaltorricon.catedu.es\/wp-content\/uploads\/sites\/188\/2019\/11\/1-150x150.jpg?resize=1400%2C800&ssl=1 4x"},"classes":[]},{"id":2804,"url":"https:\/\/craaltorricon.catedu.es\/?p=2804","url_meta":{"origin":1904,"position":2},"title":"The three little pigs","author":"CRA Altorric\u00f3n","date":"11 abril, 2022","format":false,"excerpt":"Aqu\u00ed ten\u00e9is el video\u00a0 de la obra de teatro \"The three little pigs\" que hemos realizado en el taller de teatro en ingl\u00e9s de Vencill\u00f3n. Esperamos que os guste y que os lo pas\u00e9is tan bien vi\u00e9ndolo como nosotros represent\u00e1ndolo. Los alumnos de infantil, 1\u00ba y 2\u00ba de Vencill\u00f3n.","rel":"","context":"En \u00abVencill\u00f3n\u00bb","block_context":{"text":"Vencill\u00f3n","link":"https:\/\/craaltorricon.catedu.es\/?cat=17"},"img":{"alt_text":"","src":"","width":0,"height":0},"classes":[]},{"id":2852,"url":"https:\/\/craaltorricon.catedu.es\/?p=2852","url_meta":{"origin":1904,"position":3},"title":"Ambientes de aprendizaje en Vencill\u00f3n","author":"CRA Altorric\u00f3n","date":"23 junio, 2022","format":false,"excerpt":"Los alumnos de infantil, primero y segundo de Vencill\u00f3n han disfrutado de una sesi\u00f3n semanal\u00a0 de ambientes de aprendizaje. Como dicen que \"una imagen vale m\u00e1s que mil palabras\" aqu\u00ed os dejamos unas cuantas fotos para que ve\u00e1is todas las actividades que hemos realizado y nuestras caras de contentos \u00a1Esperamos\u2026","rel":"","context":"En \u00abVencill\u00f3n\u00bb","block_context":{"text":"Vencill\u00f3n","link":"https:\/\/craaltorricon.catedu.es\/?cat=17"},"img":{"alt_text":"","src":"","width":0,"height":0},"classes":[]},{"id":3233,"url":"https:\/\/craaltorricon.catedu.es\/?p=3233","url_meta":{"origin":1904,"position":4},"title":"SAN JORGE EN VENCILL\u00d3N","author":"CRA Altorric\u00f3n","date":"4 mayo, 2023","format":false,"excerpt":"El d\u00eda 21 de abril de 2023, los alumnos de Vencill\u00f3n celebramos san Jorge durante toda la jornada. Comenzamos con la lectura de la leyenda de san Jorge, la cual ya conoc\u00edan la mayor\u00eda de los alumnos. Tras la misma conocimos una versi\u00f3n muy diferente de la misma ``te quiero\u2026","rel":"","context":"En \u00abVencill\u00f3n\u00bb","block_context":{"text":"Vencill\u00f3n","link":"https:\/\/craaltorricon.catedu.es\/?cat=17"},"img":{"alt_text":"","src":"","width":0,"height":0},"classes":[]},{"id":3079,"url":"https:\/\/craaltorricon.catedu.es\/?p=3079","url_meta":{"origin":1904,"position":5},"title":"ACROSPORT EN VENCILL\u00d3N","author":"CRA Altorric\u00f3n","date":"28 febrero, 2023","format":false,"excerpt":"El acrosport, tambi\u00e9n conocido como gimnasia acrob\u00e1tica es una disciplina que se practica por parejas, tr\u00edos o cuartetos. El mismo se encuentra considerado como un deporte acrob\u00e1tico-coreogr\u00e1fico en el cual se integran tres elementos fundamentales: formaci\u00f3n de figuras o pir\u00e1mides corporales, acrobacias y elementos de fuerza, flexibilidad y equilibrios como\u2026","rel":"","context":"En \u00abVencill\u00f3n\u00bb","block_context":{"text":"Vencill\u00f3n","link":"https:\/\/craaltorricon.catedu.es\/?cat=17"},"img":{"alt_text":"","src":"","width":0,"height":0},"classes":[]}],"jetpack_likes_enabled":true,"_links":{"self":[{"href":"https:\/\/craaltorricon.catedu.es\/index.php?rest_route=\/wp\/v2\/posts\/1904","targetHints":{"allow":["GET"]}}],"collection":[{"href":"https:\/\/craaltorricon.catedu.es\/index.php?rest_route=\/wp\/v2\/posts"}],"about":[{"href":"https:\/\/craaltorricon.catedu.es\/index.php?rest_route=\/wp\/v2\/types\/post"}],"author":[{"embeddable":true,"href":"https:\/\/craaltorricon.catedu.es\/index.php?rest_route=\/wp\/v2\/users\/786"}],"replies":[{"embeddable":true,"href":"https:\/\/craaltorricon.catedu.es\/index.php?rest_route=%2Fwp%2Fv2%2Fcomments&post=1904"}],"version-history":[{"count":1,"href":"https:\/\/craaltorricon.catedu.es\/index.php?rest_route=\/wp\/v2\/posts\/1904\/revisions"}],"predecessor-version":[{"id":1906,"href":"https:\/\/craaltorricon.catedu.es\/index.php?rest_route=\/wp\/v2\/posts\/1904\/revisions\/1906"}],"wp:attachment":[{"href":"https:\/\/craaltorricon.catedu.es\/index.php?rest_route=%2Fwp%2Fv2%2Fmedia&parent=1904"}],"wp:term":[{"taxonomy":"category","embeddable":true,"href":"https:\/\/craaltorricon.catedu.es\/index.php?rest_route=%2Fwp%2Fv2%2Fcategories&post=1904"},{"taxonomy":"post_tag","embeddable":true,"href":"https:\/\/craaltorricon.catedu.es\/index.php?rest_route=%2Fwp%2Fv2%2Ftags&post=1904"}],"curies":[{"name":"wp","href":"https:\/\/api.w.org\/{rel}","templated":true}]}}