{"id":2017,"date":"2020-12-04T09:30:44","date_gmt":"2020-12-04T08:30:44","guid":{"rendered":"http:\/\/craaltorricon.catedu.es\/?p=2017"},"modified":"2020-12-04T10:20:55","modified_gmt":"2020-12-04T09:20:55","slug":"donacion-microscopio","status":"publish","type":"post","link":"https:\/\/craaltorricon.catedu.es\/?p=2017","title":{"rendered":"DONACI\u00d3N MICROSCOPIO"},"content":{"rendered":"\n<p style=\"text-align: center;\">La granja porcina Ram\u00f3n Lumbierres de Altorric\u00f3n, ha realizado la donaci\u00f3n de un <strong>microscopio<\/strong> para el CRA.<\/p>\n<p style=\"text-align: center;\">Rebeca, la mam\u00e1 de Astrid lo ha tra\u00eddo al colegio para que lo podamos disfrutar.<\/p>\n<p style=\"text-align: center;\">Aprovechando que uno de nuestros maestros, Miguel \u00c1ngel Satu\u00e9, tambi\u00e9n es t\u00e9cnico de laboratorio, durante el mes de enero el CRA realizar\u00e1 <strong>actividades de\u00a0 ciencia<\/strong>.\u00a0<\/p>\n<p><a href=\"https:\/\/craaltorricon.catedu.es\/wp-content\/uploads\/sites\/188\/2020\/12\/DONACION-MICROESCOPIO-scaled-e1607070535672.jpg\"><img loading=\"lazy\" decoding=\"async\" data-attachment-id=\"2018\" data-permalink=\"https:\/\/craaltorricon.catedu.es\/?attachment_id=2018\" data-orig-file=\"https:\/\/craaltorricon.catedu.es\/wp-content\/uploads\/sites\/188\/2020\/12\/DONACION-MICROESCOPIO-scaled-e1607070535672.jpg\" data-orig-size=\"1920,2560\" data-comments-opened=\"1\" data-image-meta=\"{&quot;aperture&quot;:&quot;0&quot;,&quot;credit&quot;:&quot;&quot;,&quot;camera&quot;:&quot;&quot;,&quot;caption&quot;:&quot;&quot;,&quot;created_timestamp&quot;:&quot;0&quot;,&quot;copyright&quot;:&quot;&quot;,&quot;focal_length&quot;:&quot;0&quot;,&quot;iso&quot;:&quot;0&quot;,&quot;shutter_speed&quot;:&quot;0&quot;,&quot;title&quot;:&quot;&quot;,&quot;orientation&quot;:&quot;0&quot;}\" data-image-title=\"DONACION MICROESCOPIO\" data-image-description=\"\" data-image-caption=\"\" data-large-file=\"https:\/\/craaltorricon.catedu.es\/wp-content\/uploads\/sites\/188\/2020\/12\/DONACION-MICROESCOPIO-scaled-e1607070535672-768x1024.jpg\" class=\"size-medium wp-image-2018 aligncenter\" src=\"https:\/\/craaltorricon.catedu.es\/wp-content\/uploads\/sites\/188\/2020\/12\/DONACION-MICROESCOPIO-scaled-e1607070535672-225x300.jpg\" alt=\"\" width=\"225\" height=\"300\" srcset=\"https:\/\/craaltorricon.catedu.es\/wp-content\/uploads\/sites\/188\/2020\/12\/DONACION-MICROESCOPIO-scaled-e1607070535672-225x300.jpg 225w, https:\/\/craaltorricon.catedu.es\/wp-content\/uploads\/sites\/188\/2020\/12\/DONACION-MICROESCOPIO-scaled-e1607070535672-768x1024.jpg 768w, https:\/\/craaltorricon.catedu.es\/wp-content\/uploads\/sites\/188\/2020\/12\/DONACION-MICROESCOPIO-scaled-e1607070535672-1152x1536.jpg 1152w, https:\/\/craaltorricon.catedu.es\/wp-content\/uploads\/sites\/188\/2020\/12\/DONACION-MICROESCOPIO-scaled-e1607070535672-1536x2048.jpg 1536w, https:\/\/craaltorricon.catedu.es\/wp-content\/uploads\/sites\/188\/2020\/12\/DONACION-MICROESCOPIO-scaled-e1607070535672-960x1280.jpg 960w, https:\/\/craaltorricon.catedu.es\/wp-content\/uploads\/sites\/188\/2020\/12\/DONACION-MICROESCOPIO-scaled-e1607070535672.jpg 1920w\" sizes=\"auto, (max-width: 225px) 100vw, 225px\" \/><\/a><\/p>\n<p>\u00a0<\/p>\n","protected":false},"excerpt":{"rendered":"<p>La granja porcina Ram\u00f3n Lumbierres de Altorric\u00f3n, ha realizado la donaci\u00f3n de un microscopio para el CRA. Rebeca, la mam\u00e1 de Astrid lo ha tra\u00eddo al colegio para que lo podamos disfrutar. Aprovechando que uno de nuestros maestros, Miguel \u00c1ngel Satu\u00e9, tambi\u00e9n es t\u00e9cnico de laboratorio, durante el mes de enero el CRA realizar\u00e1 actividades <a href=\"https:\/\/craaltorricon.catedu.es\/?p=2017\" class=\"more-link\">...contin\u00faa leyendo<span class=\"screen-reader-text\"> \"DONACI\u00d3N MICROSCOPIO\"<\/span><\/a><\/p>\n","protected":false},"author":786,"featured_media":2018,"comment_status":"closed","ping_status":"closed","sticky":false,"template":"","format":"standard","meta":{"_monsterinsights_skip_tracking":false,"_monsterinsights_sitenote_active":false,"_monsterinsights_sitenote_note":"","_monsterinsights_sitenote_category":0,"jetpack_post_was_ever_published":false,"_jetpack_newsletter_access":"","_jetpack_dont_email_post_to_subs":false,"_jetpack_newsletter_tier_id":0,"_jetpack_memberships_contains_paywalled_content":false,"_jetpack_memberships_contains_paid_content":false,"footnotes":"","jetpack_publicize_message":"","jetpack_publicize_feature_enabled":true,"jetpack_social_post_already_shared":true,"jetpack_social_options":{"image_generator_settings":{"template":"highway","default_image_id":0,"font":"","enabled":false},"version":2}},"categories":[9],"tags":[],"class_list":{"0":"post-2017","1":"post","2":"type-post","3":"status-publish","4":"format-standard","5":"has-post-thumbnail","7":"category-novedades","8":"h-entry","9":"hentry","10":"h-as-article"},"jetpack_publicize_connections":[],"jetpack_featured_media_url":"https:\/\/craaltorricon.catedu.es\/wp-content\/uploads\/sites\/188\/2020\/12\/DONACION-MICROESCOPIO-scaled-e1607070535672.jpg","jetpack_sharing_enabled":true,"jetpack_shortlink":"https:\/\/wp.me\/p8T00Q-wx","jetpack-related-posts":[{"id":3542,"url":"https:\/\/craaltorricon.catedu.es\/?p=3542","url_meta":{"origin":2017,"position":0},"title":"Donaci\u00f3n a ONG","author":"CRA Altorric\u00f3n","date":"22 mayo, 2024","format":false,"excerpt":"A la espera de recibir nuestro libro \"Te cuento un cuento en un mundo po\u00e9tico\" y despu\u00e9s de investigar diferentes ONG, exponerlas y votar entre todos y todas, podemos dar la noticia de que se donar\u00e1n m\u00e1s de mil euros a\u00a0 PID que es una organizaci\u00f3n sin \u00e1nimo de lucro\u2026","rel":"","context":"En \u00abAlgay\u00f3n\u00bb","block_context":{"text":"Algay\u00f3n","link":"https:\/\/craaltorricon.catedu.es\/?cat=13"},"img":{"alt_text":"","src":"","width":0,"height":0},"classes":[]},{"id":3951,"url":"https:\/\/craaltorricon.catedu.es\/?p=3951","url_meta":{"origin":2017,"position":1},"title":"Donaci\u00f3n a Save the Children","author":"CRA Altorric\u00f3n","date":"14 abril, 2026","format":false,"excerpt":"","rel":"","context":"En \u00abAlgay\u00f3n\u00bb","block_context":{"text":"Algay\u00f3n","link":"https:\/\/craaltorricon.catedu.es\/?cat=13"},"img":{"alt_text":"","src":"","width":0,"height":0},"classes":[]},{"id":3138,"url":"https:\/\/craaltorricon.catedu.es\/?p=3138","url_meta":{"origin":2017,"position":2},"title":"MISI\u00d3N ALBA","author":"CRA Altorric\u00f3n","date":"29 marzo, 2023","format":false,"excerpt":"Durante este trimestre, el alumnado de 5\u00ba y de 6\u00ba de los tres pueblos que conforman el CRA de Altorric\u00f3n, han trabajado la luz en Ciencias Naturales mediante un proyecto: Misi\u00f3n Alba. Este proyecto lo hemos podido realizar gracias a \u201cEl Sincrotr\u00f3n ALBA\u201d que es una de las infraestructuras cient\u00edficas\u2026","rel":"","context":"En \u00abAlgay\u00f3n\u00bb","block_context":{"text":"Algay\u00f3n","link":"https:\/\/craaltorricon.catedu.es\/?cat=13"},"img":{"alt_text":"","src":"","width":0,"height":0},"classes":[]},{"id":2975,"url":"https:\/\/craaltorricon.catedu.es\/?p=2975","url_meta":{"origin":2017,"position":3},"title":"MAESTRA NOMINADA Y CRA ORGULLOSO.","author":"craaltorricon","date":"8 diciembre, 2022","format":false,"excerpt":"El pasado lunes 28 de noviembre, nuestra Bel\u00e9n, maestra de Educaci\u00f3n F\u00edsica de nuestro CRA, acudi\u00f3 a la Gala del Deporte Aragon\u00e9s 2021, que se celebraba en Ejea de los Caballeros. La protagonista de esta noticia, fue convocada a esta gala como nominada a mejor deportista absoluta femenina del a\u00f1o\u2026","rel":"","context":"En \u00abAlgay\u00f3n\u00bb","block_context":{"text":"Algay\u00f3n","link":"https:\/\/craaltorricon.catedu.es\/?cat=13"},"img":{"alt_text":"","src":"","width":0,"height":0},"classes":[]},{"id":3243,"url":"https:\/\/craaltorricon.catedu.es\/?p=3243","url_meta":{"origin":2017,"position":4},"title":"FORMACI\u00d3N LOMLOE","author":"CRA Altorric\u00f3n","date":"5 mayo, 2023","format":false,"excerpt":"Continuamos con nuestra formaci\u00f3n dentro del Plan establecido en el CRA. En este caso, le ha tocado el turno a las leyes educativas, en concreto, a la LOMLOE, Ley de Educaci\u00f3n en proceso de implantaci\u00f3n que tantas dudas y controversias est\u00e1 suscitando en toda la sociedad espa\u00f1ola. Como docentes, sabemos\u2026","rel":"","context":"En \u00abAlgay\u00f3n\u00bb","block_context":{"text":"Algay\u00f3n","link":"https:\/\/craaltorricon.catedu.es\/?cat=13"},"img":{"alt_text":"","src":"","width":0,"height":0},"classes":[]},{"id":3885,"url":"https:\/\/craaltorricon.catedu.es\/?p=3885","url_meta":{"origin":2017,"position":5},"title":"D\u00eda Escolar de la No Violencia y la Paz","author":"CRA Altorric\u00f3n","date":"30 enero, 2026","format":false,"excerpt":"\u00a1Hola a todos! Como ya sab\u00e9is, hoy el patio no ha sido solo un sitio para jugar al f\u00fatbol o al pilla-pilla; hoy se ha llenado de magia, m\u00fasica y much\u00edsimos mensajes importantes. En nuestros coles tenemos claro que la paz se construye cada d\u00eda, pero este D\u00eda Escolar de\u2026","rel":"","context":"En \u00abAlgay\u00f3n\u00bb","block_context":{"text":"Algay\u00f3n","link":"https:\/\/craaltorricon.catedu.es\/?cat=13"},"img":{"alt_text":"","src":"","width":0,"height":0},"classes":[]}],"jetpack_likes_enabled":true,"_links":{"self":[{"href":"https:\/\/craaltorricon.catedu.es\/index.php?rest_route=\/wp\/v2\/posts\/2017","targetHints":{"allow":["GET"]}}],"collection":[{"href":"https:\/\/craaltorricon.catedu.es\/index.php?rest_route=\/wp\/v2\/posts"}],"about":[{"href":"https:\/\/craaltorricon.catedu.es\/index.php?rest_route=\/wp\/v2\/types\/post"}],"author":[{"embeddable":true,"href":"https:\/\/craaltorricon.catedu.es\/index.php?rest_route=\/wp\/v2\/users\/786"}],"replies":[{"embeddable":true,"href":"https:\/\/craaltorricon.catedu.es\/index.php?rest_route=%2Fwp%2Fv2%2Fcomments&post=2017"}],"version-history":[{"count":2,"href":"https:\/\/craaltorricon.catedu.es\/index.php?rest_route=\/wp\/v2\/posts\/2017\/revisions"}],"predecessor-version":[{"id":2021,"href":"https:\/\/craaltorricon.catedu.es\/index.php?rest_route=\/wp\/v2\/posts\/2017\/revisions\/2021"}],"wp:featuredmedia":[{"embeddable":true,"href":"https:\/\/craaltorricon.catedu.es\/index.php?rest_route=\/wp\/v2\/media\/2018"}],"wp:attachment":[{"href":"https:\/\/craaltorricon.catedu.es\/index.php?rest_route=%2Fwp%2Fv2%2Fmedia&parent=2017"}],"wp:term":[{"taxonomy":"category","embeddable":true,"href":"https:\/\/craaltorricon.catedu.es\/index.php?rest_route=%2Fwp%2Fv2%2Fcategories&post=2017"},{"taxonomy":"post_tag","embeddable":true,"href":"https:\/\/craaltorricon.catedu.es\/index.php?rest_route=%2Fwp%2Fv2%2Ftags&post=2017"}],"curies":[{"name":"wp","href":"https:\/\/api.w.org\/{rel}","templated":true}]}}