{"id":2061,"date":"2020-12-22T10:28:57","date_gmt":"2020-12-22T09:28:57","guid":{"rendered":"http:\/\/craaltorricon.catedu.es\/?p=2061"},"modified":"2021-04-21T10:23:25","modified_gmt":"2021-04-21T08:23:25","slug":"yayihistorias-para-una-navidad-en-familia","status":"publish","type":"post","link":"https:\/\/craaltorricon.catedu.es\/?p=2061","title":{"rendered":"\u201c#YayiHistorias\u201d para una Navidad en Familia"},"content":{"rendered":"\n<p style=\"font-weight: 400;\">Desde la Direcci\u00f3n General de Salud P\u00fablica nos lanzan esta propuesta de actividad, para que los\/as alumnos\/as puedan hacerla en casa con sus familias durante la Navidad.\u00a0<\/p>\n<p style=\"font-weight: 400; text-align: center;\">\u00a0\u201c<strong>#YayiHistorias\u201d para una Navidad en Familia<\/strong><a href=\"https:\/\/craaltorricon.catedu.es\/wp-content\/uploads\/sites\/188\/2020\/12\/YayiHistoriasFin-1.png\"><img loading=\"lazy\" decoding=\"async\" data-attachment-id=\"2039\" data-permalink=\"https:\/\/craaltorricon.catedu.es\/?attachment_id=2039\" data-orig-file=\"https:\/\/craaltorricon.catedu.es\/wp-content\/uploads\/sites\/188\/2020\/12\/YayiHistoriasFin-1.png\" data-orig-size=\"1747,1240\" data-comments-opened=\"1\" data-image-meta=\"{&quot;aperture&quot;:&quot;0&quot;,&quot;credit&quot;:&quot;&quot;,&quot;camera&quot;:&quot;&quot;,&quot;caption&quot;:&quot;&quot;,&quot;created_timestamp&quot;:&quot;0&quot;,&quot;copyright&quot;:&quot;&quot;,&quot;focal_length&quot;:&quot;0&quot;,&quot;iso&quot;:&quot;0&quot;,&quot;shutter_speed&quot;:&quot;0&quot;,&quot;title&quot;:&quot;&quot;,&quot;orientation&quot;:&quot;0&quot;}\" data-image-title=\"YayiHistoriasFin (1)\" data-image-description=\"\" data-image-caption=\"\" data-large-file=\"https:\/\/craaltorricon.catedu.es\/wp-content\/uploads\/sites\/188\/2020\/12\/YayiHistoriasFin-1-1024x727.png\" class=\" wp-image-2039 aligncenter\" src=\"https:\/\/craaltorricon.catedu.es\/wp-content\/uploads\/sites\/188\/2020\/12\/YayiHistoriasFin-1-300x213.png\" alt=\"\" width=\"438\" height=\"311\" srcset=\"https:\/\/craaltorricon.catedu.es\/wp-content\/uploads\/sites\/188\/2020\/12\/YayiHistoriasFin-1-300x213.png 300w, https:\/\/craaltorricon.catedu.es\/wp-content\/uploads\/sites\/188\/2020\/12\/YayiHistoriasFin-1-1024x727.png 1024w, https:\/\/craaltorricon.catedu.es\/wp-content\/uploads\/sites\/188\/2020\/12\/YayiHistoriasFin-1-768x545.png 768w, https:\/\/craaltorricon.catedu.es\/wp-content\/uploads\/sites\/188\/2020\/12\/YayiHistoriasFin-1-1536x1090.png 1536w, https:\/\/craaltorricon.catedu.es\/wp-content\/uploads\/sites\/188\/2020\/12\/YayiHistoriasFin-1-960x681.png 960w, https:\/\/craaltorricon.catedu.es\/wp-content\/uploads\/sites\/188\/2020\/12\/YayiHistoriasFin-1.png 1747w\" sizes=\"auto, (max-width: 438px) 100vw, 438px\" \/><\/a><\/p>\n<p style=\"font-weight: 400; text-align: center;\">\u201c<em>Contar historias es la forma m\u00e1s poderosa de lanzar ideas en el mundo<\/em>\u201d (Robert McKee)<\/p>\n<p style=\"font-weight: 400;\">Estas Navidades os proponemos crear un espacio familiar de acercamiento y entretenimiento, en el que los protagonistas sean los mayores, poniendo en valor su narrativa y sus historias de vida.\u00a0<\/p>\n<p style=\"font-weight: 400;\">Para restablecer m\u00e1s si cabe los lazos familiares, esas bonitas y creativas historias podr\u00edan ser compartidas con el resto de los familiares que este a\u00f1o no puedan unirse a la reuni\u00f3n familiar f\u00edsicamente.<\/p>\n<p style=\"font-weight: 400;\">Estas #YayiHistorias las puedes recopilar de muchas formas distintas, como, por ejemplo, relatos escritos, TikToks\/reels, v\u00eddeos, dibujos, poemas\u2026 aunque puedes dar rienda suelta a tu creatividad.<\/p>\n<p style=\"font-weight: 400;\">Si quer\u00e9is dar visibilidad a los trabajos finales, pod\u00e9is compartir las creaciones en las redes sociales con los hashtags #YayiHistorias, #MedidasNavidad y #Prot\u00e9geteAT\u00edYALosDem\u00e1s. Tambi\u00e9n nos puedes mencionar en twitter en @epsAragon.<\/p>\n<p style=\"font-weight: 400; text-align: center;\">No olvides en estas reuniones tener presente la regla de las \u201c6M\u201d.<a href=\"https:\/\/craaltorricon.catedu.es\/wp-content\/uploads\/sites\/188\/2020\/12\/La-regla-de-las-_6M_-para-una-Navidad-segura-1-1.png\"><img loading=\"lazy\" decoding=\"async\" data-attachment-id=\"2040\" data-permalink=\"https:\/\/craaltorricon.catedu.es\/?attachment_id=2040\" data-orig-file=\"https:\/\/craaltorricon.catedu.es\/wp-content\/uploads\/sites\/188\/2020\/12\/La-regla-de-las-_6M_-para-una-Navidad-segura-1-1.png\" data-orig-size=\"1747,1240\" data-comments-opened=\"1\" data-image-meta=\"{&quot;aperture&quot;:&quot;0&quot;,&quot;credit&quot;:&quot;&quot;,&quot;camera&quot;:&quot;&quot;,&quot;caption&quot;:&quot;&quot;,&quot;created_timestamp&quot;:&quot;0&quot;,&quot;copyright&quot;:&quot;&quot;,&quot;focal_length&quot;:&quot;0&quot;,&quot;iso&quot;:&quot;0&quot;,&quot;shutter_speed&quot;:&quot;0&quot;,&quot;title&quot;:&quot;&quot;,&quot;orientation&quot;:&quot;0&quot;}\" data-image-title=\"La regla de las _6M_ para una Navidad segura (1)\" data-image-description=\"\" data-image-caption=\"\" data-large-file=\"https:\/\/craaltorricon.catedu.es\/wp-content\/uploads\/sites\/188\/2020\/12\/La-regla-de-las-_6M_-para-una-Navidad-segura-1-1-1024x727.png\" class=\" wp-image-2040 aligncenter\" src=\"https:\/\/craaltorricon.catedu.es\/wp-content\/uploads\/sites\/188\/2020\/12\/La-regla-de-las-_6M_-para-una-Navidad-segura-1-1-300x213.png\" alt=\"\" width=\"386\" height=\"274\" srcset=\"https:\/\/craaltorricon.catedu.es\/wp-content\/uploads\/sites\/188\/2020\/12\/La-regla-de-las-_6M_-para-una-Navidad-segura-1-1-300x213.png 300w, https:\/\/craaltorricon.catedu.es\/wp-content\/uploads\/sites\/188\/2020\/12\/La-regla-de-las-_6M_-para-una-Navidad-segura-1-1-1024x727.png 1024w, https:\/\/craaltorricon.catedu.es\/wp-content\/uploads\/sites\/188\/2020\/12\/La-regla-de-las-_6M_-para-una-Navidad-segura-1-1-768x545.png 768w, https:\/\/craaltorricon.catedu.es\/wp-content\/uploads\/sites\/188\/2020\/12\/La-regla-de-las-_6M_-para-una-Navidad-segura-1-1-1536x1090.png 1536w, https:\/\/craaltorricon.catedu.es\/wp-content\/uploads\/sites\/188\/2020\/12\/La-regla-de-las-_6M_-para-una-Navidad-segura-1-1-960x681.png 960w, https:\/\/craaltorricon.catedu.es\/wp-content\/uploads\/sites\/188\/2020\/12\/La-regla-de-las-_6M_-para-una-Navidad-segura-1-1.png 1747w\" sizes=\"auto, (max-width: 386px) 100vw, 386px\" \/><\/a><\/p>\n","protected":false},"excerpt":{"rendered":"<p>Desde la Direcci\u00f3n General de Salud P\u00fablica nos lanzan esta propuesta de actividad, para que los\/as alumnos\/as puedan hacerla en casa con sus familias durante la Navidad.\u00a0 \u00a0\u201c#YayiHistorias\u201d para una Navidad en Familia \u201cContar historias es la forma m\u00e1s poderosa de lanzar ideas en el mundo\u201d (Robert McKee) Estas Navidades os proponemos crear un espacio <a href=\"https:\/\/craaltorricon.catedu.es\/?p=2061\" class=\"more-link\">...contin\u00faa leyendo<span class=\"screen-reader-text\"> \"\u201c#YayiHistorias\u201d para una Navidad en Familia\"<\/span><\/a><\/p>\n","protected":false},"author":786,"featured_media":0,"comment_status":"closed","ping_status":"open","sticky":false,"template":"","format":"standard","meta":{"_uag_custom_page_level_css":"","_monsterinsights_skip_tracking":false,"_monsterinsights_sitenote_active":false,"_monsterinsights_sitenote_note":"","_monsterinsights_sitenote_category":0,"jetpack_post_was_ever_published":false,"_jetpack_newsletter_access":"","_jetpack_dont_email_post_to_subs":false,"_jetpack_newsletter_tier_id":0,"_jetpack_memberships_contains_paywalled_content":false,"_jetpack_memberships_contains_paid_content":false,"footnotes":"","jetpack_publicize_message":"","jetpack_publicize_feature_enabled":true,"jetpack_social_post_already_shared":true,"jetpack_social_options":{"image_generator_settings":{"template":"highway","default_image_id":0,"font":"","enabled":false},"version":2}},"categories":[18,9],"tags":[],"class_list":{"0":"post-2061","1":"post","2":"type-post","3":"status-publish","4":"format-standard","6":"category-cra","7":"category-novedades","8":"h-entry","9":"hentry","10":"h-as-article"},"jetpack_publicize_connections":[],"uagb_featured_image_src":{"full":false,"thumbnail":false,"medium":false,"medium_large":false,"large":false,"1536x1536":false,"2048x2048":false,"custom-header-image":false},"uagb_author_info":{"display_name":"admin","author_link":"https:\/\/craaltorricon.catedu.es\/?author=786"},"uagb_comment_info":0,"uagb_excerpt":"Desde la Direcci\u00f3n General de Salud P\u00fablica nos lanzan esta propuesta de actividad, para que los\/as alumnos\/as puedan hacerla en casa con sus familias durante la Navidad.\u00a0 \u00a0\u201c#YayiHistorias\u201d para una Navidad en Familia \u201cContar historias es la forma m\u00e1s poderosa de lanzar ideas en el mundo\u201d (Robert McKee) Estas Navidades os proponemos crear un espacio&hellip;","jetpack_featured_media_url":"","jetpack_sharing_enabled":true,"jetpack_shortlink":"https:\/\/wp.me\/p8T00Q-xf","jetpack-related-posts":[{"id":2994,"url":"https:\/\/craaltorricon.catedu.es\/?p=2994","url_meta":{"origin":2061,"position":0},"title":"TALLER DE GALLETAS","author":"craaltorricon","date":"10 enero, 2023","format":false,"excerpt":"El \u00faltimo d\u00eda de clase antes de las vacaciones de Navidad, el 22 de diciembre, el alumnado de primer ciclo de Altorric\u00f3n realiz\u00f3, junto con sus maestras, un taller de decoraci\u00f3n de galletas navide\u00f1as.Los ni\u00f1@s de 1\u00ba y 2\u00ba de Educaci\u00f3n Primaria, disfrutaron de lo lindo, poniendo diversas decoraciones, chocolates,\u2026","rel":"","context":"En \u00abAltorric\u00f3n\u00bb","block_context":{"text":"Altorric\u00f3n","link":"https:\/\/craaltorricon.catedu.es\/?cat=16"},"img":{"alt_text":"","src":"","width":0,"height":0},"classes":[]},{"id":3076,"url":"https:\/\/craaltorricon.catedu.es\/?p=3076","url_meta":{"origin":2061,"position":1},"title":"ALMUERZO SALUDABLE EN VENCILL\u00d3N.","author":"CRA Altorric\u00f3n","date":"27 febrero, 2023","format":false,"excerpt":"Relacionado con el tema de Ciencias Naturales que estaban dando en ese momento, unos d\u00edas antes de Navidad, la clase de 4\u00ba, 5\u00ba y 6\u00ba, con su tutor Andr\u00e9s, realizaron un almuerzo saludable, que englob\u00f3 diferentes materias a trabajar, convirti\u00e9ndose en una actividad interdisciplinar. Como ya se ha comentado, dicho\u2026","rel":"","context":"En \u00abVencill\u00f3n\u00bb","block_context":{"text":"Vencill\u00f3n","link":"https:\/\/craaltorricon.catedu.es\/?cat=17"},"img":{"alt_text":"","src":"","width":0,"height":0},"classes":[]},{"id":3145,"url":"https:\/\/craaltorricon.catedu.es\/?p=3145","url_meta":{"origin":2061,"position":2},"title":"EL ABRAZOSAURIO DE 4\u00ba EN EL COLEGIO DE ALTORRIC\u00d3N.","author":"CRA Altorric\u00f3n","date":"26 marzo, 2023","format":false,"excerpt":"Y una vez m\u00e1s, hablamos de contar cuentos en la Biblioteca del colegio de Altorric\u00f3n. Pero antes, se\u00f1alar que, esta pr\u00e1ctica, tiene muchos beneficios para los infantes, pues contar y escuchar cuentos infantiles: Estimulan la imaginaci\u00f3n. Los ni\u00f1os aprenden mucho con los cuentos infantiles gracias a la fantas\u00eda y magia\u2026","rel":"","context":"En \u00abAltorric\u00f3n\u00bb","block_context":{"text":"Altorric\u00f3n","link":"https:\/\/craaltorricon.catedu.es\/?cat=16"},"img":{"alt_text":"","src":"","width":0,"height":0},"classes":[]},{"id":3102,"url":"https:\/\/craaltorricon.catedu.es\/?p=3102","url_meta":{"origin":2061,"position":3},"title":"VISITA DE EL CUENTACUENTOS BONI OFOBO AL COLEGIO DE ALTORRIC\u00d3N.","author":"CRA Altorric\u00f3n","date":"6 marzo, 2023","format":false,"excerpt":"Este pasado viernes 24 de febrero recibimos la visita de Boni Ofobo, cuentacuentos profesional que nos deleit\u00f3 al alumnado y profesorado del colegio de Altorric\u00f3n con sus historias. Durante toda la ma\u00f1ana, los distintos niveles de Educaci\u00f3n Infantil y Educaci\u00f3n Primaria fueron subiendo a la Biblioteca del centro donde disfrutaron\u2026","rel":"","context":"En \u00abAltorric\u00f3n\u00bb","block_context":{"text":"Altorric\u00f3n","link":"https:\/\/craaltorricon.catedu.es\/?cat=16"},"img":{"alt_text":"","src":"","width":0,"height":0},"classes":[]},{"id":2997,"url":"https:\/\/craaltorricon.catedu.es\/?p=2997","url_meta":{"origin":2061,"position":4},"title":"FESTIVAL PRIMARIA EN ALTORRIC\u00d3N.","author":"craaltorricon","date":"10 enero, 2023","format":false,"excerpt":"Como es costumbre ya, el \u00faltimo d\u00eda de clases en el colegio de Altorric\u00f3n se celebran sendos festivales, siendo uno de ellos el relativo a los cursos de primaria.Y como se hace siempre, este festival es presentado por los alumnos de 6\u00ba pertinentes. As\u00ed, este a\u00f1o Carla, Elba, Noelia, Marwan,\u2026","rel":"","context":"En \u00abAltorric\u00f3n\u00bb","block_context":{"text":"Altorric\u00f3n","link":"https:\/\/craaltorricon.catedu.es\/?cat=16"},"img":{"alt_text":"","src":"","width":0,"height":0},"classes":[]},{"id":2647,"url":"https:\/\/craaltorricon.catedu.es\/?p=2647","url_meta":{"origin":2061,"position":5},"title":"Navidad en Algay\u00f3n","author":"admin","date":"5 enero, 2022","format":false,"excerpt":"Casi se acaban las vacaciones pero queremos ense\u00f1aros todas las actividades que hicimos antes de empezarlas. La primera fue la decoraci\u00f3n navide\u00f1a. Para ello empezamos a preparar nuestras bolas especiales y para decorarlas vino la mam\u00e1 de Alma, Mar\u00eda, con mucho material para dejarlas preciosas adem\u00e1s de un abeto natural\u2026","rel":"","context":"En \u00abAlgay\u00f3n\u00bb","block_context":{"text":"Algay\u00f3n","link":"https:\/\/craaltorricon.catedu.es\/?cat=13"},"img":{"alt_text":"","src":"https:\/\/i0.wp.com\/img.youtube.com\/vi\/xEEzVOMi5Vw\/0.jpg?resize=350%2C200","width":350,"height":200},"classes":[]}],"jetpack_likes_enabled":true,"_links":{"self":[{"href":"https:\/\/craaltorricon.catedu.es\/index.php?rest_route=\/wp\/v2\/posts\/2061","targetHints":{"allow":["GET"]}}],"collection":[{"href":"https:\/\/craaltorricon.catedu.es\/index.php?rest_route=\/wp\/v2\/posts"}],"about":[{"href":"https:\/\/craaltorricon.catedu.es\/index.php?rest_route=\/wp\/v2\/types\/post"}],"author":[{"embeddable":true,"href":"https:\/\/craaltorricon.catedu.es\/index.php?rest_route=\/wp\/v2\/users\/786"}],"replies":[{"embeddable":true,"href":"https:\/\/craaltorricon.catedu.es\/index.php?rest_route=%2Fwp%2Fv2%2Fcomments&post=2061"}],"version-history":[{"count":1,"href":"https:\/\/craaltorricon.catedu.es\/index.php?rest_route=\/wp\/v2\/posts\/2061\/revisions"}],"predecessor-version":[{"id":2062,"href":"https:\/\/craaltorricon.catedu.es\/index.php?rest_route=\/wp\/v2\/posts\/2061\/revisions\/2062"}],"wp:attachment":[{"href":"https:\/\/craaltorricon.catedu.es\/index.php?rest_route=%2Fwp%2Fv2%2Fmedia&parent=2061"}],"wp:term":[{"taxonomy":"category","embeddable":true,"href":"https:\/\/craaltorricon.catedu.es\/index.php?rest_route=%2Fwp%2Fv2%2Fcategories&post=2061"},{"taxonomy":"post_tag","embeddable":true,"href":"https:\/\/craaltorricon.catedu.es\/index.php?rest_route=%2Fwp%2Fv2%2Ftags&post=2061"}],"curies":[{"name":"wp","href":"https:\/\/api.w.org\/{rel}","templated":true}]}}