{"id":2063,"date":"2020-12-22T10:35:44","date_gmt":"2020-12-22T09:35:44","guid":{"rendered":"http:\/\/craaltorricon.catedu.es\/?p=2063"},"modified":"2021-04-21T10:23:16","modified_gmt":"2021-04-21T08:23:16","slug":"festival-virtual","status":"publish","type":"post","link":"https:\/\/craaltorricon.catedu.es\/?p=2063","title":{"rendered":"FESTIVAL VIRTUAL"},"content":{"rendered":"\n<p>Este curso est\u00e1 siendo diferente, pero no por ello hemos perdido la ilusi\u00f3n por celebrar el fin del trimestre y el inicio de las vacaciones.<\/p>\n<p>Aqu\u00ed ten\u00e9is una nueva versi\u00f3n de festival, nuestro FESTIVAL VIRTUAL en el que han participado todos los alumnos y alumnas del CRA.<\/p>\n<p style=\"text-align: center;\">Esperamos que lo disfrut\u00e9is.<\/p>\n<p><span class=\"embed-youtube\" style=\"text-align:center; display: block;\"><iframe loading=\"lazy\" class=\"youtube-player\" width=\"625\" height=\"352\" src=\"https:\/\/www.youtube.com\/embed\/WNUX5Ue260w?version=3&#038;rel=1&#038;showsearch=0&#038;showinfo=1&#038;iv_load_policy=1&#038;fs=1&#038;hl=es-ES&#038;autohide=2&#038;wmode=transparent\" allowfullscreen=\"true\" style=\"border:0;\" sandbox=\"allow-scripts allow-same-origin allow-popups allow-presentation allow-popups-to-escape-sandbox\"><\/iframe><\/span><\/p>\n<p style=\"text-align: center;\">\u00a0<\/p>\n","protected":false},"excerpt":{"rendered":"<p>Este curso est\u00e1 siendo diferente, pero no por ello hemos perdido la ilusi\u00f3n por celebrar el fin del trimestre y el inicio de las vacaciones. Aqu\u00ed ten\u00e9is una nueva versi\u00f3n de festival, nuestro FESTIVAL VIRTUAL en el que han participado todos los alumnos y alumnas del CRA. Esperamos que lo disfrut\u00e9is. \u00a0<\/p>\n","protected":false},"author":786,"featured_media":0,"comment_status":"open","ping_status":"open","sticky":false,"template":"","format":"standard","meta":{"_uag_custom_page_level_css":"","_monsterinsights_skip_tracking":false,"_monsterinsights_sitenote_active":false,"_monsterinsights_sitenote_note":"","_monsterinsights_sitenote_category":0,"jetpack_post_was_ever_published":false,"_jetpack_newsletter_access":"","_jetpack_dont_email_post_to_subs":false,"_jetpack_newsletter_tier_id":0,"_jetpack_memberships_contains_paywalled_content":false,"_jetpack_memberships_contains_paid_content":false,"footnotes":"","jetpack_publicize_message":"","jetpack_publicize_feature_enabled":true,"jetpack_social_post_already_shared":true,"jetpack_social_options":{"image_generator_settings":{"template":"highway","default_image_id":0,"font":"","enabled":false},"version":2}},"categories":[13,16,18,9,17],"tags":[],"class_list":{"0":"post-2063","1":"post","2":"type-post","3":"status-publish","4":"format-standard","6":"category-algayon","7":"category-altorricon","8":"category-cra","9":"category-novedades","10":"category-vencillon","11":"h-entry","12":"hentry","13":"h-as-article"},"jetpack_publicize_connections":[],"uagb_featured_image_src":{"full":false,"thumbnail":false,"medium":false,"medium_large":false,"large":false,"1536x1536":false,"2048x2048":false,"custom-header-image":false},"uagb_author_info":{"display_name":"admin","author_link":"https:\/\/craaltorricon.catedu.es\/?author=786"},"uagb_comment_info":0,"uagb_excerpt":"Este curso est\u00e1 siendo diferente, pero no por ello hemos perdido la ilusi\u00f3n por celebrar el fin del trimestre y el inicio de las vacaciones. Aqu\u00ed ten\u00e9is una nueva versi\u00f3n de festival, nuestro FESTIVAL VIRTUAL en el que han participado todos los alumnos y alumnas del CRA. Esperamos que lo disfrut\u00e9is. \u00a0","jetpack_featured_media_url":"","jetpack_sharing_enabled":true,"jetpack_shortlink":"https:\/\/wp.me\/p8T00Q-xh","jetpack-related-posts":[{"id":2961,"url":"https:\/\/craaltorricon.catedu.es\/?p=2961","url_meta":{"origin":2063,"position":0},"title":"D\u00eda de CRA","author":"CRA Altorric\u00f3n","date":"12 noviembre, 2022","format":false,"excerpt":"El jueves 27 de Octubre, celebramos en el colegio de Altorric\u00f3n el Primer Encuentro del CRA, en el que como ya sabeis, nos reunimos los tres pueblos (Algay\u00f3n, Altorric\u00f3n y Vencill\u00f3n) que forman el mismo, y realizamos diversas actividades. Este a\u00f1o, nuestro Primer d\u00eda del CRA ten\u00eda como tem\u00e1tica la\u2026","rel":"","context":"En \u00abAlgay\u00f3n\u00bb","block_context":{"text":"Algay\u00f3n","link":"https:\/\/craaltorricon.catedu.es\/?cat=13"},"img":{"alt_text":"","src":"https:\/\/i0.wp.com\/img.youtube.com\/vi\/VxP_C0MoxLE\/0.jpg?resize=350%2C200","width":350,"height":200},"classes":[]},{"id":3201,"url":"https:\/\/craaltorricon.catedu.es\/?p=3201","url_meta":{"origin":2063,"position":1},"title":"JUEVES 30 DE MARZO: 2\u00ba D\u00cdA DEL CRA.","author":"CRA Altorric\u00f3n","date":"7 abril, 2023","format":false,"excerpt":"Ya sab\u00e9is que, una vez al trimestre, nos encontramos todo el alumnado y el claustro de profesorado en los llamados \u201cEncuentros del CRA\u201d. Siempre realizamos diversas actividades de convivencia, pues son buenos momentos para vivir, jugar, charlar y estar con ni\u00f1os y maestros que no vemos en nuestro d\u00eda a\u2026","rel":"","context":"En \u00abAlgay\u00f3n\u00bb","block_context":{"text":"Algay\u00f3n","link":"https:\/\/craaltorricon.catedu.es\/?cat=13"},"img":{"alt_text":"","src":"","width":0,"height":0},"classes":[]},{"id":3078,"url":"https:\/\/craaltorricon.catedu.es\/?p=3078","url_meta":{"origin":2063,"position":2},"title":"FORMACI\u00d3N BEET BOT Y STEAM PARA TODO EL PROFESORADO DEL CRA.","author":"CRA Altorric\u00f3n","date":"27 febrero, 2023","format":false,"excerpt":"Este mi\u00e9rcoles 15 de febrero, el profesorado del CRA Altorric\u00f3n recibimos una formaci\u00f3n sobre metodolog\u00eda STEAM y rob\u00f3tica, por parte de Juan Manuel Barrantes, integrante del Centro de Profesorado de la Almunia de Do\u00f1a Godina. En medio de un ambiente distendido, nuestro ponente nos introdujo el concepto de STEAM de\u2026","rel":"","context":"En \u00abAlgay\u00f3n\u00bb","block_context":{"text":"Algay\u00f3n","link":"https:\/\/craaltorricon.catedu.es\/?cat=13"},"img":{"alt_text":"","src":"","width":0,"height":0},"classes":[]},{"id":3475,"url":"https:\/\/craaltorricon.catedu.es\/?p=3475","url_meta":{"origin":2063,"position":3},"title":"ALGAY\u00d3N DOBLA SU POBLACI\u00d3N","author":"CRA Altorric\u00f3n","date":"20 febrero, 2024","format":false,"excerpt":"S\u00ed, s\u00ed, hab\u00e9is le\u00eddo bien!! Algay\u00f3n dobl\u00f3 su poblaci\u00f3n el pasado 14 de febrero!! Fue por unas horas pero muy bien organizadas y aprovechadas. El alumnado del CRA Altorricon desde las localidades de Vencill\u00f3n y de Altorric\u00f3n fueron a pasar la jornada a Algay\u00f3n. El profesorado del CRA planificamos diferentes\u2026","rel":"","context":"En \u00abAlgay\u00f3n\u00bb","block_context":{"text":"Algay\u00f3n","link":"https:\/\/craaltorricon.catedu.es\/?cat=13"},"img":{"alt_text":"","src":"","width":0,"height":0},"classes":[]},{"id":3703,"url":"https:\/\/craaltorricon.catedu.es\/?p=3703","url_meta":{"origin":2063,"position":4},"title":"D\u00cdA DE CRA EN ALGAY\u00d3N","author":"CRA Altorric\u00f3n","date":"21 abril, 2025","format":false,"excerpt":"El pasado 28 de marzo celebramos el d\u00eda de CRA todos juntos en Algay\u00f3n. Empezamos preparando los bocadillos para el almuerzo y seguidamente empezaron los kil\u00f3metros de Solidaridad. Todos corrimos o caminamos con ilusi\u00f3n y con muchas ganas y as\u00ed pudimos recoger 545,51\u20ac para donarlo a los ni\u00f1os y ni\u00f1as\u2026","rel":"","context":"En \u00abAlgay\u00f3n\u00bb","block_context":{"text":"Algay\u00f3n","link":"https:\/\/craaltorricon.catedu.es\/?cat=13"},"img":{"alt_text":"","src":"","width":0,"height":0},"classes":[]},{"id":3482,"url":"https:\/\/craaltorricon.catedu.es\/?p=3482","url_meta":{"origin":2063,"position":5},"title":"ALQU\u00c9ZAR! Un para\u00edso de las aves rapaces!","author":"CRA Altorric\u00f3n","date":"22 febrero, 2024","format":false,"excerpt":"El pasado 20 de febrero el alumnado de tercer ciclo viaj\u00f3 hasta la villa medieval de Alqu\u00e9zar. All\u00ed nos acercamos a la historia cristiana y musulmana del S. IX, pudimos caminar por el sendero de las balsas de Basacol y descubrir el mundo de las aves rapaces en las monta\u00f1as\u2026","rel":"","context":"En \u00abNovedades\u00bb","block_context":{"text":"Novedades","link":"https:\/\/craaltorricon.catedu.es\/?cat=9"},"img":{"alt_text":"","src":"","width":0,"height":0},"classes":[]}],"jetpack_likes_enabled":true,"_links":{"self":[{"href":"https:\/\/craaltorricon.catedu.es\/index.php?rest_route=\/wp\/v2\/posts\/2063","targetHints":{"allow":["GET"]}}],"collection":[{"href":"https:\/\/craaltorricon.catedu.es\/index.php?rest_route=\/wp\/v2\/posts"}],"about":[{"href":"https:\/\/craaltorricon.catedu.es\/index.php?rest_route=\/wp\/v2\/types\/post"}],"author":[{"embeddable":true,"href":"https:\/\/craaltorricon.catedu.es\/index.php?rest_route=\/wp\/v2\/users\/786"}],"replies":[{"embeddable":true,"href":"https:\/\/craaltorricon.catedu.es\/index.php?rest_route=%2Fwp%2Fv2%2Fcomments&post=2063"}],"version-history":[{"count":2,"href":"https:\/\/craaltorricon.catedu.es\/index.php?rest_route=\/wp\/v2\/posts\/2063\/revisions"}],"predecessor-version":[{"id":2066,"href":"https:\/\/craaltorricon.catedu.es\/index.php?rest_route=\/wp\/v2\/posts\/2063\/revisions\/2066"}],"wp:attachment":[{"href":"https:\/\/craaltorricon.catedu.es\/index.php?rest_route=%2Fwp%2Fv2%2Fmedia&parent=2063"}],"wp:term":[{"taxonomy":"category","embeddable":true,"href":"https:\/\/craaltorricon.catedu.es\/index.php?rest_route=%2Fwp%2Fv2%2Fcategories&post=2063"},{"taxonomy":"post_tag","embeddable":true,"href":"https:\/\/craaltorricon.catedu.es\/index.php?rest_route=%2Fwp%2Fv2%2Ftags&post=2063"}],"curies":[{"name":"wp","href":"https:\/\/api.w.org\/{rel}","templated":true}]}}