{"id":2080,"date":"2021-01-29T14:29:25","date_gmt":"2021-01-29T13:29:25","guid":{"rendered":"http:\/\/craaltorricon.catedu.es\/?p=2080"},"modified":"2021-01-29T14:33:04","modified_gmt":"2021-01-29T13:33:04","slug":"proyecto-de-organizacion-de-tiempos-escolares","status":"publish","type":"post","link":"https:\/\/craaltorricon.catedu.es\/?p=2080","title":{"rendered":"PROYECTO DE ORGANIZACI\u00d3N DE TIEMPOS ESCOLARES"},"content":{"rendered":"\n<p>El dia 19 de noviembre se os inform\u00f3 sobre el calendario del proceso de \"Organizaci\u00f3n de Tiempos Escolares\"<\/p>\n<p>Se cre\u00f3 una<em> Comisi\u00f3n<\/em> para la elaboraci\u00f3n del proyecto formada por 9 maestros y maestras del centro, 6 madres y 1 monitora del comedor.<\/p>\n<p>Dicho Proyecto se present\u00f3 a la Administraci\u00f3n y el dia 22 de enero recibimos la validaci\u00f3n\/aprobaci\u00f3n del mismo.\u00a0<\/p>\n<p>Ahora nos toca seguir con el proceso para que finalmente llegue a las familias y teng\u00e1is la oportunidad de sumaros a este ilusionante Proyecto.<\/p>\n<p>El mi\u00e9rcoles 27 se present\u00f3 y aprob\u00f3 en Claustro y el jueves 28 en Consejo Escolar. Ahora es cuando las familias ten\u00e9is la oportunidad de decidir el cambio hacia un nuevo modelo educativo.\u00a0<\/p>\n<p>Tras todo este proceso, llegamos a este punto en el que os presentamos nuestra propuesta.<\/p>\n<p>Este Proyecto tambi\u00e9n estar\u00e1 disponible en el tabl\u00f3n de anuncios del centro.<\/p>\n<p>Os animamos a leerlo.<\/p>\n<p>Seguiremos informando de los pasos a seguir pr\u00f3ximamente.<\/p>\n<p>\u00a0<\/p>\n<a href=\"https:\/\/craaltorricon.catedu.es\/wp-content\/uploads\/sites\/188\/2021\/01\/Proyecto-Organizaci\u00f3n-TIEMPOS-ESCOLARES-CRA-ALTORRIC\u00d3N-29.1.21-1.pdf\" class=\"pdfemb-viewer\" style=\"\" data-width=\"max\" data-height=\"max\" data-toolbar=\"bottom\" data-toolbar-fixed=\"off\">Proyecto Organizaci\u00f3n TIEMPOS ESCOLARES - CRA ALTORRIC\u00d3N 29.1.21<\/a>\n","protected":false},"excerpt":{"rendered":"<p>El dia 19 de noviembre se os inform\u00f3 sobre el calendario del proceso de \"Organizaci\u00f3n de Tiempos Escolares\" Se cre\u00f3 una Comisi\u00f3n para la elaboraci\u00f3n del proyecto formada por 9 maestros y maestras del centro, 6 madres y 1 monitora del comedor. Dicho Proyecto se present\u00f3 a la Administraci\u00f3n y el dia 22 de enero <a href=\"https:\/\/craaltorricon.catedu.es\/?p=2080\" class=\"more-link\">...contin\u00faa leyendo<span class=\"screen-reader-text\"> \"PROYECTO DE ORGANIZACI\u00d3N DE TIEMPOS ESCOLARES\"<\/span><\/a><\/p>\n","protected":false},"author":786,"featured_media":0,"comment_status":"open","ping_status":"open","sticky":false,"template":"","format":"standard","meta":{"_uag_custom_page_level_css":"","_monsterinsights_skip_tracking":false,"_monsterinsights_sitenote_active":false,"_monsterinsights_sitenote_note":"","_monsterinsights_sitenote_category":0,"jetpack_post_was_ever_published":false,"_jetpack_newsletter_access":"","_jetpack_dont_email_post_to_subs":false,"_jetpack_newsletter_tier_id":0,"_jetpack_memberships_contains_paywalled_content":false,"_jetpack_memberships_contains_paid_content":false,"footnotes":"","jetpack_publicize_message":"","jetpack_publicize_feature_enabled":true,"jetpack_social_post_already_shared":true,"jetpack_social_options":{"image_generator_settings":{"template":"highway","default_image_id":0,"font":"","enabled":false},"version":2}},"categories":[9],"tags":[],"class_list":{"0":"post-2080","1":"post","2":"type-post","3":"status-publish","4":"format-standard","6":"category-novedades","7":"h-entry","8":"hentry","9":"h-as-article"},"jetpack_publicize_connections":[],"uagb_featured_image_src":{"full":false,"thumbnail":false,"medium":false,"medium_large":false,"large":false,"1536x1536":false,"2048x2048":false,"custom-header-image":false},"uagb_author_info":{"display_name":"admin","author_link":"https:\/\/craaltorricon.catedu.es\/?author=786"},"uagb_comment_info":0,"uagb_excerpt":"El dia 19 de noviembre se os inform\u00f3 sobre el calendario del proceso de \"Organizaci\u00f3n de Tiempos Escolares\" Se cre\u00f3 una Comisi\u00f3n para la elaboraci\u00f3n del proyecto formada por 9 maestros y maestras del centro, 6 madres y 1 monitora del comedor. Dicho Proyecto se present\u00f3 a la Administraci\u00f3n y el dia 22 de enero&hellip;","jetpack_featured_media_url":"","jetpack_sharing_enabled":true,"jetpack_shortlink":"https:\/\/wp.me\/p8T00Q-xy","jetpack-related-posts":[{"id":2101,"url":"https:\/\/craaltorricon.catedu.es\/?p=2101","url_meta":{"origin":2080,"position":0},"title":"VOTACIONES PROYECTO DE TIEMPOS ESCOLARES","author":"admin","date":"23 febrero, 2021","format":false,"excerpt":"Despu\u00e9s de informaros sobre el Proyecto que hemos elaborado toca VOTAR. Vuestros hijos e hijas se llevan a casa: Papeletas de voto Sobres Autorizaci\u00f3n\u00a0 Las votaciones se realizar\u00e1n el 4 DE MARZO en cada una de las localidades en el siguiente horario: ALGAY\u00d3N - de 8:45 a 9:15 ALTORRIC\u00d3N -\u2026","rel":"","context":"En \u00abNovedades\u00bb","block_context":{"text":"Novedades","link":"https:\/\/craaltorricon.catedu.es\/?cat=9"},"img":{"alt_text":"","src":"https:\/\/i0.wp.com\/craaltorricon.catedu.es\/wp-content\/uploads\/sites\/188\/2021\/02\/VOTACIONES-282x300.png?resize=350%2C200","width":350,"height":200},"classes":[]},{"id":2097,"url":"https:\/\/craaltorricon.catedu.es\/?p=2097","url_meta":{"origin":2080,"position":1},"title":"Proyecto Tiempos Escolares","author":"admin","date":"11 febrero, 2021","format":false,"excerpt":"Os compartimos un v\u00eddeo que ha elaborado la Comisi\u00f3n de Elaboraci\u00f3n del Proyecto Educativo de Tiempos Escolares de nuestro CRA. Os animamos a verlo entero y recordaris que pod\u00e9is uniros al grupo de Telegram \"Tiempos Escolares CRA Altorric\u00f3n\" para hacernos llegar todas las dudas que os surjan. \u00a0 \u00a0 \u00a0","rel":"","context":"En \u00abNovedades\u00bb","block_context":{"text":"Novedades","link":"https:\/\/craaltorricon.catedu.es\/?cat=9"},"img":{"alt_text":"","src":"","width":0,"height":0},"classes":[]},{"id":2116,"url":"https:\/\/craaltorricon.catedu.es\/?p=2116","url_meta":{"origin":2080,"position":2},"title":"PROYECTO DE TIEMPOS ESCOLARES APROBADO","author":"admin","date":"10 marzo, 2021","format":false,"excerpt":"Os comunicamos por aqu\u00ed tambi\u00e9n que en las tres localidades se aprob\u00f3 por m\u00e1s de un 55% el Proyecto de Tiempos Escolares. La participaci\u00f3n fue espectacular... \u00a1Un 91%! Algay\u00f3n: 81% votos afirmativos Altorric\u00f3n: 76% votos afirmativos Vencill\u00f3n: 91% votos afirmativos \u00a0 \u00a1MUCHAS GRACIAS A TOD@S!","rel":"","context":"En \u00abCRA\u00bb","block_context":{"text":"CRA","link":"https:\/\/craaltorricon.catedu.es\/?cat=18"},"img":{"alt_text":"","src":"","width":0,"height":0},"classes":[]},{"id":3542,"url":"https:\/\/craaltorricon.catedu.es\/?p=3542","url_meta":{"origin":2080,"position":3},"title":"Donaci\u00f3n a ONG","author":"CRA Altorric\u00f3n","date":"22 mayo, 2024","format":false,"excerpt":"A la espera de recibir nuestro libro \"Te cuento un cuento en un mundo po\u00e9tico\" y despu\u00e9s de investigar diferentes ONG, exponerlas y votar entre todos y todas, podemos dar la noticia de que se donar\u00e1n m\u00e1s de mil euros a\u00a0 PID que es una organizaci\u00f3n sin \u00e1nimo de lucro\u2026","rel":"","context":"En \u00abAlgay\u00f3n\u00bb","block_context":{"text":"Algay\u00f3n","link":"https:\/\/craaltorricon.catedu.es\/?cat=13"},"img":{"alt_text":"","src":"","width":0,"height":0},"classes":[]},{"id":3554,"url":"https:\/\/craaltorricon.catedu.es\/?p=3554","url_meta":{"origin":2080,"position":4},"title":"MINI GOLF ALGAY\u00d3N","author":"CRA Altorric\u00f3n","date":"28 junio, 2024","format":false,"excerpt":"El alumnado de 4\u00ba a 6\u00ba de Algay\u00f3n junto a sus maestros participamos en la selecci\u00f3n para acceder a la novena edici\u00f3n de los Premios RetoTech de la Fundaci\u00f3n Endesa, que busca fomentar las vocaciones STEM, la innovaci\u00f3n y el emprendimiento tecnol\u00f3gico en las aulas. Tuvimos que presentar un v\u00eddeo\u2026","rel":"","context":"En \u00abAlgay\u00f3n\u00bb","block_context":{"text":"Algay\u00f3n","link":"https:\/\/craaltorricon.catedu.es\/?cat=13"},"img":{"alt_text":"","src":"","width":0,"height":0},"classes":[]},{"id":3307,"url":"https:\/\/craaltorricon.catedu.es\/?p=3307","url_meta":{"origin":2080,"position":5},"title":"Festival RetoTech en Zaragoza","author":"CRA Altorric\u00f3n","date":"20 junio, 2023","format":false,"excerpt":"Ya hemos vuelto del festival donde presentamos nuestro proyecto para un entorno escolar m\u00e1s seguro. \u00a1\u00a1Fue toda una experiencia!! Fue un d\u00eda largo pero intenso. \u00c9ramos m\u00e1s de 200 alumnos de 28 centros educativos aragoneses de primaria y secundaria, cada uno con su proyecto y su maqueta. Pudimos ver cosas\u2026","rel":"","context":"En \u00abAlgay\u00f3n\u00bb","block_context":{"text":"Algay\u00f3n","link":"https:\/\/craaltorricon.catedu.es\/?cat=13"},"img":{"alt_text":"","src":"","width":0,"height":0},"classes":[]}],"jetpack_likes_enabled":true,"_links":{"self":[{"href":"https:\/\/craaltorricon.catedu.es\/index.php?rest_route=\/wp\/v2\/posts\/2080","targetHints":{"allow":["GET"]}}],"collection":[{"href":"https:\/\/craaltorricon.catedu.es\/index.php?rest_route=\/wp\/v2\/posts"}],"about":[{"href":"https:\/\/craaltorricon.catedu.es\/index.php?rest_route=\/wp\/v2\/types\/post"}],"author":[{"embeddable":true,"href":"https:\/\/craaltorricon.catedu.es\/index.php?rest_route=\/wp\/v2\/users\/786"}],"replies":[{"embeddable":true,"href":"https:\/\/craaltorricon.catedu.es\/index.php?rest_route=%2Fwp%2Fv2%2Fcomments&post=2080"}],"version-history":[{"count":4,"href":"https:\/\/craaltorricon.catedu.es\/index.php?rest_route=\/wp\/v2\/posts\/2080\/revisions"}],"predecessor-version":[{"id":2086,"href":"https:\/\/craaltorricon.catedu.es\/index.php?rest_route=\/wp\/v2\/posts\/2080\/revisions\/2086"}],"wp:attachment":[{"href":"https:\/\/craaltorricon.catedu.es\/index.php?rest_route=%2Fwp%2Fv2%2Fmedia&parent=2080"}],"wp:term":[{"taxonomy":"category","embeddable":true,"href":"https:\/\/craaltorricon.catedu.es\/index.php?rest_route=%2Fwp%2Fv2%2Fcategories&post=2080"},{"taxonomy":"post_tag","embeddable":true,"href":"https:\/\/craaltorricon.catedu.es\/index.php?rest_route=%2Fwp%2Fv2%2Ftags&post=2080"}],"curies":[{"name":"wp","href":"https:\/\/api.w.org\/{rel}","templated":true}]}}