{"id":2087,"date":"2021-01-29T14:41:56","date_gmt":"2021-01-29T13:41:56","guid":{"rendered":"http:\/\/craaltorricon.catedu.es\/?p=2087"},"modified":"2021-04-21T10:22:50","modified_gmt":"2021-04-21T08:22:50","slug":"nuevas-mascarillas","status":"publish","type":"post","link":"https:\/\/craaltorricon.catedu.es\/?p=2087","title":{"rendered":"NUEVAS MASCARILLAS"},"content":{"rendered":"\n<p>Durante esta semana hemos recibido una mascarilla para todo el alumnado de nuestro CRA, de parte de la Comarca de La Litera.<\/p>\n<p>Hoy se las han llevado los ni\u00f1os y ni\u00f1as de Altorric\u00f3n, y la pr\u00f3xima semana les llegar\u00e1n a trav\u00e9s de nuestros profes itinerantes a los de Vencill\u00f3n y Algay\u00f3n.<\/p>\n<p style=\"text-align: center;\">\u00a1Muchas gracias!<\/p>\n<p>\u00a0<\/p>\n<p style=\"text-align: center;\"><a href=\"https:\/\/craaltorricon.catedu.es\/wp-content\/uploads\/sites\/188\/2021\/01\/IMG_20210129_083328-scaled.jpg\"><img loading=\"lazy\" decoding=\"async\" data-attachment-id=\"2088\" data-permalink=\"https:\/\/craaltorricon.catedu.es\/?attachment_id=2088\" data-orig-file=\"https:\/\/craaltorricon.catedu.es\/wp-content\/uploads\/sites\/188\/2021\/01\/IMG_20210129_083328-scaled.jpg\" data-orig-size=\"2560,1920\" data-comments-opened=\"1\" data-image-meta=\"{&quot;aperture&quot;:&quot;0&quot;,&quot;credit&quot;:&quot;&quot;,&quot;camera&quot;:&quot;&quot;,&quot;caption&quot;:&quot;&quot;,&quot;created_timestamp&quot;:&quot;0&quot;,&quot;copyright&quot;:&quot;&quot;,&quot;focal_length&quot;:&quot;0&quot;,&quot;iso&quot;:&quot;0&quot;,&quot;shutter_speed&quot;:&quot;0&quot;,&quot;title&quot;:&quot;&quot;,&quot;orientation&quot;:&quot;0&quot;}\" data-image-title=\"IMG_20210129_083328\" data-image-description=\"\" data-image-caption=\"\" data-large-file=\"https:\/\/craaltorricon.catedu.es\/wp-content\/uploads\/sites\/188\/2021\/01\/IMG_20210129_083328-1024x768.jpg\" class=\"alignnone size-medium wp-image-2088\" src=\"https:\/\/craaltorricon.catedu.es\/wp-content\/uploads\/sites\/188\/2021\/01\/IMG_20210129_083328-300x225.jpg\" alt=\"\" width=\"300\" height=\"225\" srcset=\"https:\/\/craaltorricon.catedu.es\/wp-content\/uploads\/sites\/188\/2021\/01\/IMG_20210129_083328-300x225.jpg 300w, https:\/\/craaltorricon.catedu.es\/wp-content\/uploads\/sites\/188\/2021\/01\/IMG_20210129_083328-1024x768.jpg 1024w, https:\/\/craaltorricon.catedu.es\/wp-content\/uploads\/sites\/188\/2021\/01\/IMG_20210129_083328-768x576.jpg 768w, https:\/\/craaltorricon.catedu.es\/wp-content\/uploads\/sites\/188\/2021\/01\/IMG_20210129_083328-1536x1152.jpg 1536w, https:\/\/craaltorricon.catedu.es\/wp-content\/uploads\/sites\/188\/2021\/01\/IMG_20210129_083328-2048x1536.jpg 2048w, https:\/\/craaltorricon.catedu.es\/wp-content\/uploads\/sites\/188\/2021\/01\/IMG_20210129_083328-960x720.jpg 960w\" sizes=\"auto, (max-width: 300px) 100vw, 300px\" \/><\/a><a href=\"https:\/\/craaltorricon.catedu.es\/wp-content\/uploads\/sites\/188\/2021\/01\/IMG_20210129_083333-scaled.jpg\"><img loading=\"lazy\" decoding=\"async\" data-attachment-id=\"2089\" data-permalink=\"https:\/\/craaltorricon.catedu.es\/?attachment_id=2089\" data-orig-file=\"https:\/\/craaltorricon.catedu.es\/wp-content\/uploads\/sites\/188\/2021\/01\/IMG_20210129_083333-scaled.jpg\" data-orig-size=\"2560,1920\" data-comments-opened=\"1\" data-image-meta=\"{&quot;aperture&quot;:&quot;0&quot;,&quot;credit&quot;:&quot;&quot;,&quot;camera&quot;:&quot;&quot;,&quot;caption&quot;:&quot;&quot;,&quot;created_timestamp&quot;:&quot;0&quot;,&quot;copyright&quot;:&quot;&quot;,&quot;focal_length&quot;:&quot;0&quot;,&quot;iso&quot;:&quot;0&quot;,&quot;shutter_speed&quot;:&quot;0&quot;,&quot;title&quot;:&quot;&quot;,&quot;orientation&quot;:&quot;0&quot;}\" data-image-title=\"IMG_20210129_083333\" data-image-description=\"\" data-image-caption=\"\" data-large-file=\"https:\/\/craaltorricon.catedu.es\/wp-content\/uploads\/sites\/188\/2021\/01\/IMG_20210129_083333-1024x768.jpg\" class=\"alignnone size-medium wp-image-2089\" src=\"https:\/\/craaltorricon.catedu.es\/wp-content\/uploads\/sites\/188\/2021\/01\/IMG_20210129_083333-300x225.jpg\" alt=\"\" width=\"300\" height=\"225\" srcset=\"https:\/\/craaltorricon.catedu.es\/wp-content\/uploads\/sites\/188\/2021\/01\/IMG_20210129_083333-300x225.jpg 300w, https:\/\/craaltorricon.catedu.es\/wp-content\/uploads\/sites\/188\/2021\/01\/IMG_20210129_083333-1024x768.jpg 1024w, https:\/\/craaltorricon.catedu.es\/wp-content\/uploads\/sites\/188\/2021\/01\/IMG_20210129_083333-768x576.jpg 768w, https:\/\/craaltorricon.catedu.es\/wp-content\/uploads\/sites\/188\/2021\/01\/IMG_20210129_083333-1536x1152.jpg 1536w, https:\/\/craaltorricon.catedu.es\/wp-content\/uploads\/sites\/188\/2021\/01\/IMG_20210129_083333-2048x1536.jpg 2048w, https:\/\/craaltorricon.catedu.es\/wp-content\/uploads\/sites\/188\/2021\/01\/IMG_20210129_083333-960x720.jpg 960w\" sizes=\"auto, (max-width: 300px) 100vw, 300px\" \/><\/a><\/p>\n","protected":false},"excerpt":{"rendered":"<p>Durante esta semana hemos recibido una mascarilla para todo el alumnado de nuestro CRA, de parte de la Comarca de La Litera. Hoy se las han llevado los ni\u00f1os y ni\u00f1as de Altorric\u00f3n, y la pr\u00f3xima semana les llegar\u00e1n a trav\u00e9s de nuestros profes itinerantes a los de Vencill\u00f3n y Algay\u00f3n. \u00a1Muchas gracias! \u00a0<\/p>\n","protected":false},"author":786,"featured_media":0,"comment_status":"open","ping_status":"open","sticky":false,"template":"","format":"standard","meta":{"_uag_custom_page_level_css":"","_monsterinsights_skip_tracking":false,"_monsterinsights_sitenote_active":false,"_monsterinsights_sitenote_note":"","_monsterinsights_sitenote_category":0,"jetpack_post_was_ever_published":false,"_jetpack_newsletter_access":"","_jetpack_dont_email_post_to_subs":false,"_jetpack_newsletter_tier_id":0,"_jetpack_memberships_contains_paywalled_content":false,"_jetpack_memberships_contains_paid_content":false,"footnotes":"","jetpack_publicize_message":"","jetpack_publicize_feature_enabled":true,"jetpack_social_post_already_shared":true,"jetpack_social_options":{"image_generator_settings":{"template":"highway","default_image_id":0,"font":"","enabled":false},"version":2}},"categories":[18,9],"tags":[],"class_list":{"0":"post-2087","1":"post","2":"type-post","3":"status-publish","4":"format-standard","6":"category-cra","7":"category-novedades","8":"h-entry","9":"hentry","10":"h-as-article"},"jetpack_publicize_connections":[],"uagb_featured_image_src":{"full":false,"thumbnail":false,"medium":false,"medium_large":false,"large":false,"1536x1536":false,"2048x2048":false,"custom-header-image":false},"uagb_author_info":{"display_name":"admin","author_link":"https:\/\/craaltorricon.catedu.es\/?author=786"},"uagb_comment_info":0,"uagb_excerpt":"Durante esta semana hemos recibido una mascarilla para todo el alumnado de nuestro CRA, de parte de la Comarca de La Litera. Hoy se las han llevado los ni\u00f1os y ni\u00f1as de Altorric\u00f3n, y la pr\u00f3xima semana les llegar\u00e1n a trav\u00e9s de nuestros profes itinerantes a los de Vencill\u00f3n y Algay\u00f3n. \u00a1Muchas gracias! \u00a0","jetpack_featured_media_url":"","jetpack_sharing_enabled":true,"jetpack_shortlink":"https:\/\/wp.me\/p8T00Q-xF","jetpack-related-posts":[{"id":2121,"url":"https:\/\/craaltorricon.catedu.es\/?p=2121","url_meta":{"origin":2087,"position":0},"title":"CIENCIA EN NUESTRO CRA","author":"admin","date":"19 marzo, 2021","format":false,"excerpt":"Hace ya varias semana realizamos un mont\u00f3n de actividades de ciencia. Aqu\u00ed os dejamos un recopilatorio de fotos para que pod\u00e1is ver cu\u00e1nto trabajaron y aprendieron los chicos y chicas de nuestro CRA. Queremos agradecer a nuestro profe Miguel por toda su dedicaci\u00f3n en las charlas que ofreci\u00f3 en los\u2026","rel":"","context":"En \u00abAlgay\u00f3n\u00bb","block_context":{"text":"Algay\u00f3n","link":"https:\/\/craaltorricon.catedu.es\/?cat=13"},"img":{"alt_text":"","src":"https:\/\/i0.wp.com\/craaltorricon.catedu.es\/wp-content\/uploads\/sites\/188\/2021\/03\/ciencia_1-300x39.jpg?resize=350%2C200","width":350,"height":200},"classes":[]},{"id":3245,"url":"https:\/\/craaltorricon.catedu.es\/?p=3245","url_meta":{"origin":2087,"position":1},"title":"Semana en el CRIE de 4\u00ba y 5\u00ba","author":"CRA Altorric\u00f3n","date":"6 mayo, 2023","format":false,"excerpt":"La semana del 17 al 21 de abril el alumnado de 4\u00ba de Vencill\u00f3n y Algay\u00f3n y el de 5\u00ba de las tres localidades fuimos al CRIE de Benabarre junto con el CRA La Llitera. Pasamos una semana estupenda, llena de actividades, excursiones y pudimos conocernos entre todos y hacer\u2026","rel":"","context":"En \u00abAlgay\u00f3n\u00bb","block_context":{"text":"Algay\u00f3n","link":"https:\/\/craaltorricon.catedu.es\/?cat=13"},"img":{"alt_text":"","src":"","width":0,"height":0},"classes":[]},{"id":2971,"url":"https:\/\/craaltorricon.catedu.es\/?p=2971","url_meta":{"origin":2087,"position":2},"title":"CRIE DE BENABARRE: UNA SEMANA INTENSA","author":"craaltorricon","date":"7 diciembre, 2022","format":false,"excerpt":"La semana del 14 al 18 de noviembre, el alumnado de 6\u00ba del CRA de Altorric\u00f3n, junto con la tutora de 6\u00ba del Colegio de Altorric\u00f3n, disfrutamos de la estancia en el Centro Rural de Innovaci\u00f3n Educativa de Benabarre.Cabe aclarar, que estas experiencias y semanas l\u00fadico-educativas se ofertan a los\u2026","rel":"","context":"En \u00abAlgay\u00f3n\u00bb","block_context":{"text":"Algay\u00f3n","link":"https:\/\/craaltorricon.catedu.es\/?cat=13"},"img":{"alt_text":"","src":"","width":0,"height":0},"classes":[]},{"id":3443,"url":"https:\/\/craaltorricon.catedu.es\/?p=3443","url_meta":{"origin":2087,"position":3},"title":"Celebraci\u00f3n del D\u00eda Internacional de la Eliminaci\u00f3n de la Violencia de G\u00e9nero, 25N.","author":"CRA Altorric\u00f3n","date":"4 diciembre, 2023","format":false,"excerpt":"Durante la \u00faltima semana de noviembre, estuvimos trabajando en las tres localidades que forman nuestro CRA, el 25N, D\u00eda internacional de la Eliminaci\u00f3n de la Violencia Contra la mujer. Por cursos, reflexionamos sobre que es el amor y lo que NO es el amor; salieron respuestas e ideas muy interesantes\u2026","rel":"","context":"En \u00abAlgay\u00f3n\u00bb","block_context":{"text":"Algay\u00f3n","link":"https:\/\/craaltorricon.catedu.es\/?cat=13"},"img":{"alt_text":"","src":"","width":0,"height":0},"classes":[]},{"id":2973,"url":"https:\/\/craaltorricon.catedu.es\/?p=2973","url_meta":{"origin":2087,"position":4},"title":"25 NOVIEMBRE. D\u00cdA CONTRA LA VIOLENCIA DE G\u00c9NERO.","author":"craaltorricon","date":"8 diciembre, 2022","format":false,"excerpt":"Este viernes pasado celebramos en todo nuestro CRA, el d\u00eda contra la violencia de g\u00e9nero.As\u00ed, decoramos las puertas de entrada y los pasillos con banderines, destacando la puerta de entrada del colegio de Altorric\u00f3n, pintados por todos los ni\u00f1@s del CRA.Adem\u00e1s, la m\u00fasica que son\u00f3 durante el jueves, ese viernes\u2026","rel":"","context":"En \u00abAlgay\u00f3n\u00bb","block_context":{"text":"Algay\u00f3n","link":"https:\/\/craaltorricon.catedu.es\/?cat=13"},"img":{"alt_text":"","src":"","width":0,"height":0},"classes":[]},{"id":3213,"url":"https:\/\/craaltorricon.catedu.es\/?p=3213","url_meta":{"origin":2087,"position":5},"title":"Presentaci\u00f3n en el CRIE de Benabarre","author":"CRA Altorric\u00f3n","date":"17 abril, 2023","format":false,"excerpt":"Ahora mismo, el alumnado de 5\u00ba y algunos de 4\u00ba, estamos presentando nuestro centro con nuestras localidades y a nosotros mismos, en el CRIE de Benabarre. Os iremos informando de nuestra semana en el canal de Telegram creado para la ocasi\u00f3n. Aqu\u00ed pod\u00e9is ver el v\u00eddeo de presentaci\u00f3n que hemos\u2026","rel":"","context":"En \u00abAlgay\u00f3n\u00bb","block_context":{"text":"Algay\u00f3n","link":"https:\/\/craaltorricon.catedu.es\/?cat=13"},"img":{"alt_text":"","src":"","width":0,"height":0},"classes":[]}],"jetpack_likes_enabled":true,"_links":{"self":[{"href":"https:\/\/craaltorricon.catedu.es\/index.php?rest_route=\/wp\/v2\/posts\/2087","targetHints":{"allow":["GET"]}}],"collection":[{"href":"https:\/\/craaltorricon.catedu.es\/index.php?rest_route=\/wp\/v2\/posts"}],"about":[{"href":"https:\/\/craaltorricon.catedu.es\/index.php?rest_route=\/wp\/v2\/types\/post"}],"author":[{"embeddable":true,"href":"https:\/\/craaltorricon.catedu.es\/index.php?rest_route=\/wp\/v2\/users\/786"}],"replies":[{"embeddable":true,"href":"https:\/\/craaltorricon.catedu.es\/index.php?rest_route=%2Fwp%2Fv2%2Fcomments&post=2087"}],"version-history":[{"count":1,"href":"https:\/\/craaltorricon.catedu.es\/index.php?rest_route=\/wp\/v2\/posts\/2087\/revisions"}],"predecessor-version":[{"id":2090,"href":"https:\/\/craaltorricon.catedu.es\/index.php?rest_route=\/wp\/v2\/posts\/2087\/revisions\/2090"}],"wp:attachment":[{"href":"https:\/\/craaltorricon.catedu.es\/index.php?rest_route=%2Fwp%2Fv2%2Fmedia&parent=2087"}],"wp:term":[{"taxonomy":"category","embeddable":true,"href":"https:\/\/craaltorricon.catedu.es\/index.php?rest_route=%2Fwp%2Fv2%2Fcategories&post=2087"},{"taxonomy":"post_tag","embeddable":true,"href":"https:\/\/craaltorricon.catedu.es\/index.php?rest_route=%2Fwp%2Fv2%2Ftags&post=2087"}],"curies":[{"name":"wp","href":"https:\/\/api.w.org\/{rel}","templated":true}]}}