{"id":2097,"date":"2021-02-11T14:19:56","date_gmt":"2021-02-11T13:19:56","guid":{"rendered":"http:\/\/craaltorricon.catedu.es\/?p=2097"},"modified":"2021-02-11T14:21:10","modified_gmt":"2021-02-11T13:21:10","slug":"proyecto-tiempos-escolares","status":"publish","type":"post","link":"https:\/\/craaltorricon.catedu.es\/?p=2097","title":{"rendered":"Proyecto Tiempos Escolares"},"content":{"rendered":"\n<p>Os compartimos un v\u00eddeo que ha elaborado la Comisi\u00f3n de Elaboraci\u00f3n del Proyecto Educativo de Tiempos Escolares de nuestro CRA.<\/p>\n<p>Os animamos a verlo entero y recordaris que pod\u00e9is uniros al grupo de Telegram \"Tiempos Escolares CRA Altorric\u00f3n\" para hacernos llegar todas las dudas que os surjan.<\/p>\n<p><span class=\"embed-youtube\" style=\"text-align:center; display: block;\"><iframe loading=\"lazy\" class=\"youtube-player\" width=\"625\" height=\"352\" src=\"https:\/\/www.youtube.com\/embed\/DWiZIkXTAm8?version=3&#038;rel=1&#038;showsearch=0&#038;showinfo=1&#038;iv_load_policy=1&#038;fs=1&#038;hl=es-ES&#038;autohide=2&#038;wmode=transparent\" allowfullscreen=\"true\" style=\"border:0;\" sandbox=\"allow-scripts allow-same-origin allow-popups allow-presentation allow-popups-to-escape-sandbox\"><\/iframe><\/span><\/p>\n<p>\u00a0<\/p>\n<p>\u00a0<\/p>\n<p>\u00a0<\/p>\n","protected":false},"excerpt":{"rendered":"<p>Os compartimos un v\u00eddeo que ha elaborado la Comisi\u00f3n de Elaboraci\u00f3n del Proyecto Educativo de Tiempos Escolares de nuestro CRA. Os animamos a verlo entero y recordaris que pod\u00e9is uniros al grupo de Telegram \"Tiempos Escolares CRA Altorric\u00f3n\" para hacernos llegar todas las dudas que os surjan. \u00a0 \u00a0 \u00a0<\/p>\n","protected":false},"author":786,"featured_media":0,"comment_status":"open","ping_status":"open","sticky":false,"template":"","format":"standard","meta":{"_uag_custom_page_level_css":"","_monsterinsights_skip_tracking":false,"_monsterinsights_sitenote_active":false,"_monsterinsights_sitenote_note":"","_monsterinsights_sitenote_category":0,"jetpack_post_was_ever_published":false,"_jetpack_newsletter_access":"","_jetpack_dont_email_post_to_subs":false,"_jetpack_newsletter_tier_id":0,"_jetpack_memberships_contains_paywalled_content":false,"_jetpack_memberships_contains_paid_content":false,"footnotes":"","jetpack_publicize_message":"","jetpack_publicize_feature_enabled":true,"jetpack_social_post_already_shared":true,"jetpack_social_options":{"image_generator_settings":{"template":"highway","default_image_id":0,"font":"","enabled":false},"version":2}},"categories":[9],"tags":[],"class_list":{"0":"post-2097","1":"post","2":"type-post","3":"status-publish","4":"format-standard","6":"category-novedades","7":"h-entry","8":"hentry","9":"h-as-article"},"jetpack_publicize_connections":[],"uagb_featured_image_src":{"full":false,"thumbnail":false,"medium":false,"medium_large":false,"large":false,"1536x1536":false,"2048x2048":false,"custom-header-image":false},"uagb_author_info":{"display_name":"admin","author_link":"https:\/\/craaltorricon.catedu.es\/?author=786"},"uagb_comment_info":0,"uagb_excerpt":"Os compartimos un v\u00eddeo que ha elaborado la Comisi\u00f3n de Elaboraci\u00f3n del Proyecto Educativo de Tiempos Escolares de nuestro CRA. Os animamos a verlo entero y recordaris que pod\u00e9is uniros al grupo de Telegram \"Tiempos Escolares CRA Altorric\u00f3n\" para hacernos llegar todas las dudas que os surjan. \u00a0 \u00a0 \u00a0","jetpack_featured_media_url":"","jetpack_sharing_enabled":true,"jetpack_shortlink":"https:\/\/wp.me\/p8T00Q-xP","jetpack-related-posts":[{"id":2116,"url":"https:\/\/craaltorricon.catedu.es\/?p=2116","url_meta":{"origin":2097,"position":0},"title":"PROYECTO DE TIEMPOS ESCOLARES APROBADO","author":"admin","date":"10 marzo, 2021","format":false,"excerpt":"Os comunicamos por aqu\u00ed tambi\u00e9n que en las tres localidades se aprob\u00f3 por m\u00e1s de un 55% el Proyecto de Tiempos Escolares. La participaci\u00f3n fue espectacular... \u00a1Un 91%! Algay\u00f3n: 81% votos afirmativos Altorric\u00f3n: 76% votos afirmativos Vencill\u00f3n: 91% votos afirmativos \u00a0 \u00a1MUCHAS GRACIAS A TOD@S!","rel":"","context":"En \u00abCRA\u00bb","block_context":{"text":"CRA","link":"https:\/\/craaltorricon.catedu.es\/?cat=18"},"img":{"alt_text":"","src":"","width":0,"height":0},"classes":[]},{"id":2080,"url":"https:\/\/craaltorricon.catedu.es\/?p=2080","url_meta":{"origin":2097,"position":1},"title":"PROYECTO DE ORGANIZACI\u00d3N DE TIEMPOS ESCOLARES","author":"admin","date":"29 enero, 2021","format":false,"excerpt":"El dia 19 de noviembre se os inform\u00f3 sobre el calendario del proceso de \"Organizaci\u00f3n de Tiempos Escolares\" Se cre\u00f3 una Comisi\u00f3n para la elaboraci\u00f3n del proyecto formada por 9 maestros y maestras del centro, 6 madres y 1 monitora del comedor. Dicho Proyecto se present\u00f3 a la Administraci\u00f3n y\u2026","rel":"","context":"En \u00abNovedades\u00bb","block_context":{"text":"Novedades","link":"https:\/\/craaltorricon.catedu.es\/?cat=9"},"img":{"alt_text":"","src":"","width":0,"height":0},"classes":[]},{"id":2101,"url":"https:\/\/craaltorricon.catedu.es\/?p=2101","url_meta":{"origin":2097,"position":2},"title":"VOTACIONES PROYECTO DE TIEMPOS ESCOLARES","author":"admin","date":"23 febrero, 2021","format":false,"excerpt":"Despu\u00e9s de informaros sobre el Proyecto que hemos elaborado toca VOTAR. Vuestros hijos e hijas se llevan a casa: Papeletas de voto Sobres Autorizaci\u00f3n\u00a0 Las votaciones se realizar\u00e1n el 4 DE MARZO en cada una de las localidades en el siguiente horario: ALGAY\u00d3N - de 8:45 a 9:15 ALTORRIC\u00d3N -\u2026","rel":"","context":"En \u00abNovedades\u00bb","block_context":{"text":"Novedades","link":"https:\/\/craaltorricon.catedu.es\/?cat=9"},"img":{"alt_text":"","src":"https:\/\/i0.wp.com\/craaltorricon.catedu.es\/wp-content\/uploads\/sites\/188\/2021\/02\/VOTACIONES-282x300.png?resize=350%2C200","width":350,"height":200},"classes":[]},{"id":2672,"url":"https:\/\/craaltorricon.catedu.es\/?p=2672","url_meta":{"origin":2097,"position":3},"title":"Taller de teatro en ingl\u00e9s","author":"admin","date":"17 enero, 2022","format":false,"excerpt":"En la actividad de tiempos escolares los alumnos de Algay\u00f3n han preparado la obra The Lion King. Esperamos que os guste, nosotros nos lo hemos pasado muy bien haci\u00e9ndola!!","rel":"","context":"En \u00abAlgay\u00f3n\u00bb","block_context":{"text":"Algay\u00f3n","link":"https:\/\/craaltorricon.catedu.es\/?cat=13"},"img":{"alt_text":"","src":"","width":0,"height":0},"classes":[]},{"id":1651,"url":"https:\/\/craaltorricon.catedu.es\/?p=1651","url_meta":{"origin":2097,"position":4},"title":"Tareas Escolares","author":"admin","date":"16 enero, 2020","format":false,"excerpt":"Durante este curso el centro debe elaborar un documento consensuado por la comunidad educativa sobre las tareas escolares. Para ello durante este segundo trimestre en las reuniones grupales se os solicitar\u00e1 que aport\u00e9is vuestra opini\u00f3n sobre el tema. Tambi\u00e9n pasaremos una encuesta con el mismo fin. Os adjuntamos la normativa\u2026","rel":"","context":"En \u00abAlgay\u00f3n\u00bb","block_context":{"text":"Algay\u00f3n","link":"https:\/\/craaltorricon.catedu.es\/?cat=13"},"img":{"alt_text":"","src":"","width":0,"height":0},"classes":[]},{"id":2547,"url":"https:\/\/craaltorricon.catedu.es\/?p=2547","url_meta":{"origin":2097,"position":5},"title":"Podcast n\u00ba 1 de 5\u00ba y 6\u00ba Altorric\u00f3n","author":"admin","date":"19 diciembre, 2021","format":false,"excerpt":"Dentro de los talleres de Tiempos Escolares, el alumnado de 5\u00ba y 6\u00ba de Altorric\u00f3n hemos empezado una serie de programas de podcast. \u00a1Est\u00e1 siendo muy enriquecedor escucharnos y crear juntos estos programas! \u00a0 En el primer episodio, las alumnas y alumnos se presentan, y dan su opini\u00f3n y su\u2026","rel":"","context":"En \u00abAltorric\u00f3n\u00bb","block_context":{"text":"Altorric\u00f3n","link":"https:\/\/craaltorricon.catedu.es\/?cat=16"},"img":{"alt_text":"","src":"","width":0,"height":0},"classes":[]}],"jetpack_likes_enabled":true,"_links":{"self":[{"href":"https:\/\/craaltorricon.catedu.es\/index.php?rest_route=\/wp\/v2\/posts\/2097","targetHints":{"allow":["GET"]}}],"collection":[{"href":"https:\/\/craaltorricon.catedu.es\/index.php?rest_route=\/wp\/v2\/posts"}],"about":[{"href":"https:\/\/craaltorricon.catedu.es\/index.php?rest_route=\/wp\/v2\/types\/post"}],"author":[{"embeddable":true,"href":"https:\/\/craaltorricon.catedu.es\/index.php?rest_route=\/wp\/v2\/users\/786"}],"replies":[{"embeddable":true,"href":"https:\/\/craaltorricon.catedu.es\/index.php?rest_route=%2Fwp%2Fv2%2Fcomments&post=2097"}],"version-history":[{"count":3,"href":"https:\/\/craaltorricon.catedu.es\/index.php?rest_route=\/wp\/v2\/posts\/2097\/revisions"}],"predecessor-version":[{"id":2100,"href":"https:\/\/craaltorricon.catedu.es\/index.php?rest_route=\/wp\/v2\/posts\/2097\/revisions\/2100"}],"wp:attachment":[{"href":"https:\/\/craaltorricon.catedu.es\/index.php?rest_route=%2Fwp%2Fv2%2Fmedia&parent=2097"}],"wp:term":[{"taxonomy":"category","embeddable":true,"href":"https:\/\/craaltorricon.catedu.es\/index.php?rest_route=%2Fwp%2Fv2%2Fcategories&post=2097"},{"taxonomy":"post_tag","embeddable":true,"href":"https:\/\/craaltorricon.catedu.es\/index.php?rest_route=%2Fwp%2Fv2%2Ftags&post=2097"}],"curies":[{"name":"wp","href":"https:\/\/api.w.org\/{rel}","templated":true}]}}