{"id":2101,"date":"2021-02-23T12:17:57","date_gmt":"2021-02-23T11:17:57","guid":{"rendered":"http:\/\/craaltorricon.catedu.es\/?p=2101"},"modified":"2021-02-23T12:17:57","modified_gmt":"2021-02-23T11:17:57","slug":"votaciones-proyecto-de-tiempos-escolares","status":"publish","type":"post","link":"https:\/\/craaltorricon.catedu.es\/?p=2101","title":{"rendered":"VOTACIONES PROYECTO DE TIEMPOS ESCOLARES"},"content":{"rendered":"\n<p>Despu\u00e9s de informaros sobre el Proyecto que hemos elaborado toca VOTAR.<\/p>\n<p>Vuestros hijos e hijas se llevan a casa:<\/p>\n<ul>\n<li>Papeletas de voto<\/li>\n<li>Sobres<\/li>\n<li>Autorizaci\u00f3n\u00a0<\/li>\n<\/ul>\n<p><a href=\"https:\/\/craaltorricon.catedu.es\/wp-content\/uploads\/sites\/188\/2021\/02\/VOTACIONES.png\"><img loading=\"lazy\" decoding=\"async\" data-attachment-id=\"2102\" data-permalink=\"https:\/\/craaltorricon.catedu.es\/?attachment_id=2102\" data-orig-file=\"https:\/\/craaltorricon.catedu.es\/wp-content\/uploads\/sites\/188\/2021\/02\/VOTACIONES.png\" data-orig-size=\"721,767\" data-comments-opened=\"1\" data-image-meta=\"{&quot;aperture&quot;:&quot;0&quot;,&quot;credit&quot;:&quot;&quot;,&quot;camera&quot;:&quot;&quot;,&quot;caption&quot;:&quot;&quot;,&quot;created_timestamp&quot;:&quot;0&quot;,&quot;copyright&quot;:&quot;&quot;,&quot;focal_length&quot;:&quot;0&quot;,&quot;iso&quot;:&quot;0&quot;,&quot;shutter_speed&quot;:&quot;0&quot;,&quot;title&quot;:&quot;&quot;,&quot;orientation&quot;:&quot;0&quot;}\" data-image-title=\"VOTACIONES\" data-image-description=\"\" data-image-caption=\"\" data-large-file=\"https:\/\/craaltorricon.catedu.es\/wp-content\/uploads\/sites\/188\/2021\/02\/VOTACIONES.png\" class=\"wp-image-2102 aligncenter\" src=\"https:\/\/craaltorricon.catedu.es\/wp-content\/uploads\/sites\/188\/2021\/02\/VOTACIONES-282x300.png\" alt=\"\" width=\"381\" height=\"405\" srcset=\"https:\/\/craaltorricon.catedu.es\/wp-content\/uploads\/sites\/188\/2021\/02\/VOTACIONES-282x300.png 282w, https:\/\/craaltorricon.catedu.es\/wp-content\/uploads\/sites\/188\/2021\/02\/VOTACIONES.png 721w\" sizes=\"auto, (max-width: 381px) 100vw, 381px\" \/><\/a><\/p>\n<p><span style=\"color: #0000ff;\"><span style=\"color: #000000;\">Las votaciones se realizar\u00e1n el<\/span> <strong>4 DE MARZO <\/strong><span style=\"color: #000000;\">en cada una de las localidades en el siguiente horario:<\/span><\/span><\/p>\n<p style=\"text-align: center;\"><span style=\"color: #339966;\"><strong>ALGAY\u00d3N - de 8:45 a 9:15<\/strong><\/span><\/p>\n<p style=\"text-align: center;\"><span style=\"color: #ff6600;\"><strong>ALTORRIC\u00d3N - de 17:15 a 19:30<\/strong><\/span><\/p>\n<p style=\"text-align: center;\"><span style=\"color: #993366;\"><strong>VENCILL\u00d3N - de 17 a 17:30<\/strong><\/span><\/p>\n<p>Se podr\u00e1 votar anticipadamente<strong> en ALTORRIC\u00d3N los d\u00edas 2 y 3 de marzo de 9 a 15h<\/strong>.\u00a0<\/p>\n<p>\u00a0<\/p>\n<p style=\"text-align: center;\">Os animamos a acudir a depositar vuestro voto.<\/p>\n<p style=\"text-align: center;\">\u00a1Vuestra opini\u00f3n es muy importante!<\/p>\n<p style=\"text-align: center;\">\u00a0<\/p>\n<p>\u00a0<\/p>\n<p>\u00a0<\/p>\n","protected":false},"excerpt":{"rendered":"<p>Despu\u00e9s de informaros sobre el Proyecto que hemos elaborado toca VOTAR. Vuestros hijos e hijas se llevan a casa: Papeletas de voto Sobres Autorizaci\u00f3n\u00a0 Las votaciones se realizar\u00e1n el 4 DE MARZO en cada una de las localidades en el siguiente horario: ALGAY\u00d3N - de 8:45 a 9:15 ALTORRIC\u00d3N - de 17:15 a 19:30 VENCILL\u00d3N <a href=\"https:\/\/craaltorricon.catedu.es\/?p=2101\" class=\"more-link\">...contin\u00faa leyendo<span class=\"screen-reader-text\"> \"VOTACIONES PROYECTO DE TIEMPOS ESCOLARES\"<\/span><\/a><\/p>\n","protected":false},"author":786,"featured_media":0,"comment_status":"open","ping_status":"open","sticky":false,"template":"","format":"standard","meta":{"_uag_custom_page_level_css":"","_monsterinsights_skip_tracking":false,"_monsterinsights_sitenote_active":false,"_monsterinsights_sitenote_note":"","_monsterinsights_sitenote_category":0,"jetpack_post_was_ever_published":false,"_jetpack_newsletter_access":"","_jetpack_dont_email_post_to_subs":false,"_jetpack_newsletter_tier_id":0,"_jetpack_memberships_contains_paywalled_content":false,"_jetpack_memberships_contains_paid_content":false,"footnotes":"","jetpack_publicize_message":"","jetpack_publicize_feature_enabled":true,"jetpack_social_post_already_shared":true,"jetpack_social_options":{"image_generator_settings":{"template":"highway","default_image_id":0,"font":"","enabled":false},"version":2}},"categories":[9],"tags":[],"class_list":{"0":"post-2101","1":"post","2":"type-post","3":"status-publish","4":"format-standard","6":"category-novedades","7":"h-entry","8":"hentry","9":"h-as-article"},"jetpack_publicize_connections":[],"uagb_featured_image_src":{"full":false,"thumbnail":false,"medium":false,"medium_large":false,"large":false,"1536x1536":false,"2048x2048":false,"custom-header-image":false},"uagb_author_info":{"display_name":"admin","author_link":"https:\/\/craaltorricon.catedu.es\/?author=786"},"uagb_comment_info":0,"uagb_excerpt":"Despu\u00e9s de informaros sobre el Proyecto que hemos elaborado toca VOTAR. Vuestros hijos e hijas se llevan a casa: Papeletas de voto Sobres Autorizaci\u00f3n\u00a0 Las votaciones se realizar\u00e1n el 4 DE MARZO en cada una de las localidades en el siguiente horario: ALGAY\u00d3N - de 8:45 a 9:15 ALTORRIC\u00d3N - de 17:15 a 19:30 VENCILL\u00d3N&hellip;","jetpack_featured_media_url":"","jetpack_sharing_enabled":true,"jetpack_shortlink":"https:\/\/wp.me\/p8T00Q-xT","jetpack-related-posts":[{"id":2551,"url":"https:\/\/craaltorricon.catedu.es\/?p=2551","url_meta":{"origin":2101,"position":0},"title":"RESULTADO DE LAS ELECCIONES PARA EL CONSEJO ESCOLAR","author":"CRA Altorric\u00f3n","date":"9 diciembre, 2021","format":false,"excerpt":"Tras las votaciones el Consejo escolar ha quedado constitu\u00eddo de la siguiente manera: \u00a0","rel":"","context":"En \u00abCRA\u00bb","block_context":{"text":"CRA","link":"https:\/\/craaltorricon.catedu.es\/?cat=18"},"img":{"alt_text":"","src":"","width":0,"height":0},"classes":[]},{"id":2080,"url":"https:\/\/craaltorricon.catedu.es\/?p=2080","url_meta":{"origin":2101,"position":1},"title":"PROYECTO DE ORGANIZACI\u00d3N DE TIEMPOS ESCOLARES","author":"admin","date":"29 enero, 2021","format":false,"excerpt":"El dia 19 de noviembre se os inform\u00f3 sobre el calendario del proceso de \"Organizaci\u00f3n de Tiempos Escolares\" Se cre\u00f3 una Comisi\u00f3n para la elaboraci\u00f3n del proyecto formada por 9 maestros y maestras del centro, 6 madres y 1 monitora del comedor. Dicho Proyecto se present\u00f3 a la Administraci\u00f3n y\u2026","rel":"","context":"En \u00abNovedades\u00bb","block_context":{"text":"Novedades","link":"https:\/\/craaltorricon.catedu.es\/?cat=9"},"img":{"alt_text":"","src":"","width":0,"height":0},"classes":[]},{"id":2116,"url":"https:\/\/craaltorricon.catedu.es\/?p=2116","url_meta":{"origin":2101,"position":2},"title":"PROYECTO DE TIEMPOS ESCOLARES APROBADO","author":"admin","date":"10 marzo, 2021","format":false,"excerpt":"Os comunicamos por aqu\u00ed tambi\u00e9n que en las tres localidades se aprob\u00f3 por m\u00e1s de un 55% el Proyecto de Tiempos Escolares. La participaci\u00f3n fue espectacular... \u00a1Un 91%! Algay\u00f3n: 81% votos afirmativos Altorric\u00f3n: 76% votos afirmativos Vencill\u00f3n: 91% votos afirmativos \u00a0 \u00a1MUCHAS GRACIAS A TOD@S!","rel":"","context":"En \u00abCRA\u00bb","block_context":{"text":"CRA","link":"https:\/\/craaltorricon.catedu.es\/?cat=18"},"img":{"alt_text":"","src":"","width":0,"height":0},"classes":[]},{"id":3737,"url":"https:\/\/craaltorricon.catedu.es\/?p=3737","url_meta":{"origin":2101,"position":3},"title":"RetoTech: construimos un lavadero de coches inteligente","author":"CRA Altorric\u00f3n","date":"13 junio, 2025","format":false,"excerpt":"\u00bfC\u00f3mo empez\u00f3 todo? Somos la clase de 6\u00ba del C.R.A. Altorric\u00f3n y este a\u00f1o decidimos participar por primera vez en el proyecto RetoTech de la Fundaci\u00f3n Endesa. Al principio no sab\u00edamos muy bien qu\u00e9 hacer, pero tras compartir ideas en clase nos decidimos por construir un lavadero de coches. No\u2026","rel":"","context":"En \u00abAltorric\u00f3n\u00bb","block_context":{"text":"Altorric\u00f3n","link":"https:\/\/craaltorricon.catedu.es\/?cat=16"},"img":{"alt_text":"","src":"","width":0,"height":0},"classes":[]},{"id":3554,"url":"https:\/\/craaltorricon.catedu.es\/?p=3554","url_meta":{"origin":2101,"position":4},"title":"MINI GOLF ALGAY\u00d3N","author":"CRA Altorric\u00f3n","date":"28 junio, 2024","format":false,"excerpt":"El alumnado de 4\u00ba a 6\u00ba de Algay\u00f3n junto a sus maestros participamos en la selecci\u00f3n para acceder a la novena edici\u00f3n de los Premios RetoTech de la Fundaci\u00f3n Endesa, que busca fomentar las vocaciones STEM, la innovaci\u00f3n y el emprendimiento tecnol\u00f3gico en las aulas. Tuvimos que presentar un v\u00eddeo\u2026","rel":"","context":"En \u00abAlgay\u00f3n\u00bb","block_context":{"text":"Algay\u00f3n","link":"https:\/\/craaltorricon.catedu.es\/?cat=13"},"img":{"alt_text":"","src":"","width":0,"height":0},"classes":[]},{"id":2104,"url":"https:\/\/craaltorricon.catedu.es\/?p=2104","url_meta":{"origin":2101,"position":5},"title":"APROBACI\u00d3N DEL PROYECTO","author":"admin","date":"24 febrero, 2021","format":false,"excerpt":"Tal y como os hemos comentado por diferentes medios TODOS LOS VOTOS SON NECESARIOS.\u00a0 Es importante acudir a votar ya que si no ejerces tu derecho al voto contabilizar\u00e1 como un NO al Proyecto. Sea cual sea tu opini\u00f3n, te necesitamos.\u00a0 \u00a0 Para la aprobaci\u00f3n del Proyecto:\u00a0 Se requiere un\u2026","rel":"","context":"En \u00abNovedades\u00bb","block_context":{"text":"Novedades","link":"https:\/\/craaltorricon.catedu.es\/?cat=9"},"img":{"alt_text":"","src":"","width":0,"height":0},"classes":[]}],"jetpack_likes_enabled":true,"_links":{"self":[{"href":"https:\/\/craaltorricon.catedu.es\/index.php?rest_route=\/wp\/v2\/posts\/2101","targetHints":{"allow":["GET"]}}],"collection":[{"href":"https:\/\/craaltorricon.catedu.es\/index.php?rest_route=\/wp\/v2\/posts"}],"about":[{"href":"https:\/\/craaltorricon.catedu.es\/index.php?rest_route=\/wp\/v2\/types\/post"}],"author":[{"embeddable":true,"href":"https:\/\/craaltorricon.catedu.es\/index.php?rest_route=\/wp\/v2\/users\/786"}],"replies":[{"embeddable":true,"href":"https:\/\/craaltorricon.catedu.es\/index.php?rest_route=%2Fwp%2Fv2%2Fcomments&post=2101"}],"version-history":[{"count":1,"href":"https:\/\/craaltorricon.catedu.es\/index.php?rest_route=\/wp\/v2\/posts\/2101\/revisions"}],"predecessor-version":[{"id":2103,"href":"https:\/\/craaltorricon.catedu.es\/index.php?rest_route=\/wp\/v2\/posts\/2101\/revisions\/2103"}],"wp:attachment":[{"href":"https:\/\/craaltorricon.catedu.es\/index.php?rest_route=%2Fwp%2Fv2%2Fmedia&parent=2101"}],"wp:term":[{"taxonomy":"category","embeddable":true,"href":"https:\/\/craaltorricon.catedu.es\/index.php?rest_route=%2Fwp%2Fv2%2Fcategories&post=2101"},{"taxonomy":"post_tag","embeddable":true,"href":"https:\/\/craaltorricon.catedu.es\/index.php?rest_route=%2Fwp%2Fv2%2Ftags&post=2101"}],"curies":[{"name":"wp","href":"https:\/\/api.w.org\/{rel}","templated":true}]}}