{"id":2104,"date":"2021-02-24T13:43:27","date_gmt":"2021-02-24T12:43:27","guid":{"rendered":"http:\/\/craaltorricon.catedu.es\/?p=2104"},"modified":"2021-02-24T13:43:27","modified_gmt":"2021-02-24T12:43:27","slug":"aprobacion-del-proyecto","status":"publish","type":"post","link":"https:\/\/craaltorricon.catedu.es\/?p=2104","title":{"rendered":"APROBACI\u00d3N DEL PROYECTO"},"content":{"rendered":"\n<p>Tal y como os hemos comentado por diferentes medios TODOS LOS VOTOS SON NECESARIOS.\u00a0<\/p>\n<p>Es importante acudir a votar ya que si no ejerces tu derecho al voto contabilizar\u00e1 como un NO al Proyecto.<\/p>\n<p>Sea cual sea tu opini\u00f3n, <strong>te necesitamos<\/strong>.\u00a0<\/p>\n<p>\u00a0<\/p>\n<p>Para la <em>aprobaci\u00f3n del Proyecto:<\/em>\u00a0<\/p>\n<ul>\n<li>Se requiere un n\u00famero de votos favorables no menor del 55% del censo total.<\/li>\n<\/ul>\n<table style=\"border-collapse: collapse; width: 94.6553%; height: 46px;\">\n<tbody>\n<tr style=\"height: 23px;\">\n<td style=\"width: 62.6238%; text-align: center; height: 23px;\">CENSO TOTAL<\/td>\n<td style=\"width: 37.3762%; text-align: center; height: 23px;\">180<\/td>\n<\/tr>\n<tr style=\"height: 23px;\">\n<td style=\"width: 62.6238%; text-align: center; height: 23px; background-color: #a1eb8f;\">VOTOS AFIRMATIVOS NECESARIOS<\/td>\n<td style=\"width: 37.3762%; text-align: center; height: 23px; background-color: #a1eb8f;\">99<\/td>\n<\/tr>\n<\/tbody>\n<\/table>\n<p>\u00a0<\/p>\n<ul>\n<li>Que sea aprobado por el mismo porcentaje en al menos dos de las tres localidades de nuestro CRA.<\/li>\n<\/ul>\n<table style=\"border-collapse: collapse; width: 96.1114%; height: 134px;\">\n<tbody>\n<tr>\n<td style=\"width: 33.079%; text-align: center;\">\u00a0<\/td>\n<td style=\"width: 20.3321%; text-align: center;\">ALGAY\u00d3N<\/td>\n<td style=\"width: 24.8205%; text-align: center;\">ALTORRIC\u00d3N<\/td>\n<td style=\"width: 21.7684%; text-align: center;\">VENCILL\u00d3N<\/td>\n<\/tr>\n<tr>\n<td style=\"width: 33.079%; text-align: center;\">CENSO<\/td>\n<td style=\"width: 20.3321%; text-align: center;\">16<\/td>\n<td style=\"width: 24.8205%; text-align: center;\">132<\/td>\n<td style=\"width: 21.7684%; text-align: center;\">32<\/td>\n<\/tr>\n<tr>\n<td style=\"width: 33.079%; text-align: center; background-color: #a1eb8f;\">VOTOS AFIRMATIVOS NECESARIOS<\/td>\n<td style=\"width: 20.3321%; text-align: center; background-color: #a1eb8f;\">9<\/td>\n<td style=\"width: 24.8205%; text-align: center; background-color: #a1eb8f;\">73<\/td>\n<td style=\"width: 21.7684%; text-align: center; background-color: #a1eb8f;\">18<\/td>\n<\/tr>\n<\/tbody>\n<\/table>\n<p>\u00a0<\/p>\n","protected":false},"excerpt":{"rendered":"<p>Tal y como os hemos comentado por diferentes medios TODOS LOS VOTOS SON NECESARIOS.\u00a0 Es importante acudir a votar ya que si no ejerces tu derecho al voto contabilizar\u00e1 como un NO al Proyecto. Sea cual sea tu opini\u00f3n, te necesitamos.\u00a0 \u00a0 Para la aprobaci\u00f3n del Proyecto:\u00a0 Se requiere un n\u00famero de votos favorables no <a href=\"https:\/\/craaltorricon.catedu.es\/?p=2104\" class=\"more-link\">...contin\u00faa leyendo<span class=\"screen-reader-text\"> \"APROBACI\u00d3N DEL PROYECTO\"<\/span><\/a><\/p>\n","protected":false},"author":786,"featured_media":0,"comment_status":"open","ping_status":"open","sticky":false,"template":"","format":"standard","meta":{"_uag_custom_page_level_css":"","_monsterinsights_skip_tracking":false,"_monsterinsights_sitenote_active":false,"_monsterinsights_sitenote_note":"","_monsterinsights_sitenote_category":0,"jetpack_post_was_ever_published":false,"_jetpack_newsletter_access":"","_jetpack_dont_email_post_to_subs":false,"_jetpack_newsletter_tier_id":0,"_jetpack_memberships_contains_paywalled_content":false,"_jetpack_memberships_contains_paid_content":false,"footnotes":"","jetpack_publicize_message":"","jetpack_publicize_feature_enabled":true,"jetpack_social_post_already_shared":true,"jetpack_social_options":{"image_generator_settings":{"template":"highway","default_image_id":0,"font":"","enabled":false},"version":2}},"categories":[9],"tags":[],"class_list":{"0":"post-2104","1":"post","2":"type-post","3":"status-publish","4":"format-standard","6":"category-novedades","7":"h-entry","8":"hentry","9":"h-as-article"},"jetpack_publicize_connections":[],"uagb_featured_image_src":{"full":false,"thumbnail":false,"medium":false,"medium_large":false,"large":false,"1536x1536":false,"2048x2048":false,"custom-header-image":false},"uagb_author_info":{"display_name":"admin","author_link":"https:\/\/craaltorricon.catedu.es\/?author=786"},"uagb_comment_info":0,"uagb_excerpt":"Tal y como os hemos comentado por diferentes medios TODOS LOS VOTOS SON NECESARIOS.\u00a0 Es importante acudir a votar ya que si no ejerces tu derecho al voto contabilizar\u00e1 como un NO al Proyecto. Sea cual sea tu opini\u00f3n, te necesitamos.\u00a0 \u00a0 Para la aprobaci\u00f3n del Proyecto:\u00a0 Se requiere un n\u00famero de votos favorables no&hellip;","jetpack_featured_media_url":"","jetpack_sharing_enabled":true,"jetpack_shortlink":"https:\/\/wp.me\/p8T00Q-xW","jetpack-related-posts":[{"id":2116,"url":"https:\/\/craaltorricon.catedu.es\/?p=2116","url_meta":{"origin":2104,"position":0},"title":"PROYECTO DE TIEMPOS ESCOLARES APROBADO","author":"admin","date":"10 marzo, 2021","format":false,"excerpt":"Os comunicamos por aqu\u00ed tambi\u00e9n que en las tres localidades se aprob\u00f3 por m\u00e1s de un 55% el Proyecto de Tiempos Escolares. La participaci\u00f3n fue espectacular... \u00a1Un 91%! Algay\u00f3n: 81% votos afirmativos Altorric\u00f3n: 76% votos afirmativos Vencill\u00f3n: 91% votos afirmativos \u00a0 \u00a1MUCHAS GRACIAS A TOD@S!","rel":"","context":"En \u00abCRA\u00bb","block_context":{"text":"CRA","link":"https:\/\/craaltorricon.catedu.es\/?cat=18"},"img":{"alt_text":"","src":"","width":0,"height":0},"classes":[]},{"id":2080,"url":"https:\/\/craaltorricon.catedu.es\/?p=2080","url_meta":{"origin":2104,"position":1},"title":"PROYECTO DE ORGANIZACI\u00d3N DE TIEMPOS ESCOLARES","author":"admin","date":"29 enero, 2021","format":false,"excerpt":"El dia 19 de noviembre se os inform\u00f3 sobre el calendario del proceso de \"Organizaci\u00f3n de Tiempos Escolares\" Se cre\u00f3 una Comisi\u00f3n para la elaboraci\u00f3n del proyecto formada por 9 maestros y maestras del centro, 6 madres y 1 monitora del comedor. Dicho Proyecto se present\u00f3 a la Administraci\u00f3n y\u2026","rel":"","context":"En \u00abNovedades\u00bb","block_context":{"text":"Novedades","link":"https:\/\/craaltorricon.catedu.es\/?cat=9"},"img":{"alt_text":"","src":"","width":0,"height":0},"classes":[]},{"id":3737,"url":"https:\/\/craaltorricon.catedu.es\/?p=3737","url_meta":{"origin":2104,"position":2},"title":"RetoTech: construimos un lavadero de coches inteligente","author":"CRA Altorric\u00f3n","date":"13 junio, 2025","format":false,"excerpt":"\u00bfC\u00f3mo empez\u00f3 todo? Somos la clase de 6\u00ba del C.R.A. Altorric\u00f3n y este a\u00f1o decidimos participar por primera vez en el proyecto RetoTech de la Fundaci\u00f3n Endesa. Al principio no sab\u00edamos muy bien qu\u00e9 hacer, pero tras compartir ideas en clase nos decidimos por construir un lavadero de coches. No\u2026","rel":"","context":"En \u00abAltorric\u00f3n\u00bb","block_context":{"text":"Altorric\u00f3n","link":"https:\/\/craaltorricon.catedu.es\/?cat=16"},"img":{"alt_text":"","src":"","width":0,"height":0},"classes":[]},{"id":3694,"url":"https:\/\/craaltorricon.catedu.es\/?p=3694","url_meta":{"origin":2104,"position":3},"title":"Excursi\u00f3n al Castillo de Monz\u00f3n","author":"CRA Altorric\u00f3n","date":"31 marzo, 2025","format":false,"excerpt":"El pasado 20 de marzo, los alumnos y alumnas de Infantil de Algay\u00f3n, Altorric\u00f3n y Vencill\u00f3n, fuimos de excursi\u00f3n al castillo de Monz\u00f3n. Conocimos a un caballero de verdad y le ayudamos a encontrar la espada del pr\u00edncipe Jaime I. Fue muy divertido. \u00a0 Sab\u00edamos mucho sobre castillos, porque en\u2026","rel":"","context":"En \u00abAlgay\u00f3n\u00bb","block_context":{"text":"Algay\u00f3n","link":"https:\/\/craaltorricon.catedu.es\/?cat=13"},"img":{"alt_text":"","src":"","width":0,"height":0},"classes":[]},{"id":3252,"url":"https:\/\/craaltorricon.catedu.es\/?p=3252","url_meta":{"origin":2104,"position":4},"title":"EL ALUMNADO DE ATENCI\u00d3N EDUCATIVA DE 5\u00ba Y 6\u00ba COLABORA CON EL PROYECTO DEL NOMBRE EN INFANTIL 3 A\u00d1OS.","author":"CRA Altorric\u00f3n","date":"15 mayo, 2023","format":false,"excerpt":"Ya sab\u00e9is que nos gusta hacer estas cosas. Solo tienen que llamarnos y vamos\u2026. Con todas las ganas del mundo. Los ni\u00f1os de 3 a\u00f1os, del colegio de Altorric\u00f3n, est\u00e1n trabajando en su proyecto sobre el nombre. Su maestra, Luci, nos propuso que fu\u00e9ramos a ayudarles a dibujar y escribir.\u2026","rel":"","context":"En \u00abAltorric\u00f3n\u00bb","block_context":{"text":"Altorric\u00f3n","link":"https:\/\/craaltorricon.catedu.es\/?cat=16"},"img":{"alt_text":"","src":"","width":0,"height":0},"classes":[]},{"id":3307,"url":"https:\/\/craaltorricon.catedu.es\/?p=3307","url_meta":{"origin":2104,"position":5},"title":"Festival RetoTech en Zaragoza","author":"CRA Altorric\u00f3n","date":"20 junio, 2023","format":false,"excerpt":"Ya hemos vuelto del festival donde presentamos nuestro proyecto para un entorno escolar m\u00e1s seguro. \u00a1\u00a1Fue toda una experiencia!! Fue un d\u00eda largo pero intenso. \u00c9ramos m\u00e1s de 200 alumnos de 28 centros educativos aragoneses de primaria y secundaria, cada uno con su proyecto y su maqueta. Pudimos ver cosas\u2026","rel":"","context":"En \u00abAlgay\u00f3n\u00bb","block_context":{"text":"Algay\u00f3n","link":"https:\/\/craaltorricon.catedu.es\/?cat=13"},"img":{"alt_text":"","src":"","width":0,"height":0},"classes":[]}],"jetpack_likes_enabled":true,"_links":{"self":[{"href":"https:\/\/craaltorricon.catedu.es\/index.php?rest_route=\/wp\/v2\/posts\/2104","targetHints":{"allow":["GET"]}}],"collection":[{"href":"https:\/\/craaltorricon.catedu.es\/index.php?rest_route=\/wp\/v2\/posts"}],"about":[{"href":"https:\/\/craaltorricon.catedu.es\/index.php?rest_route=\/wp\/v2\/types\/post"}],"author":[{"embeddable":true,"href":"https:\/\/craaltorricon.catedu.es\/index.php?rest_route=\/wp\/v2\/users\/786"}],"replies":[{"embeddable":true,"href":"https:\/\/craaltorricon.catedu.es\/index.php?rest_route=%2Fwp%2Fv2%2Fcomments&post=2104"}],"version-history":[{"count":2,"href":"https:\/\/craaltorricon.catedu.es\/index.php?rest_route=\/wp\/v2\/posts\/2104\/revisions"}],"predecessor-version":[{"id":2106,"href":"https:\/\/craaltorricon.catedu.es\/index.php?rest_route=\/wp\/v2\/posts\/2104\/revisions\/2106"}],"wp:attachment":[{"href":"https:\/\/craaltorricon.catedu.es\/index.php?rest_route=%2Fwp%2Fv2%2Fmedia&parent=2104"}],"wp:term":[{"taxonomy":"category","embeddable":true,"href":"https:\/\/craaltorricon.catedu.es\/index.php?rest_route=%2Fwp%2Fv2%2Fcategories&post=2104"},{"taxonomy":"post_tag","embeddable":true,"href":"https:\/\/craaltorricon.catedu.es\/index.php?rest_route=%2Fwp%2Fv2%2Ftags&post=2104"}],"curies":[{"name":"wp","href":"https:\/\/api.w.org\/{rel}","templated":true}]}}