{"id":2107,"date":"2021-03-10T10:12:38","date_gmt":"2021-03-10T09:12:38","guid":{"rendered":"http:\/\/craaltorricon.catedu.es\/?p=2107"},"modified":"2021-04-21T10:22:39","modified_gmt":"2021-04-21T08:22:39","slug":"borrasca-filomena","status":"publish","type":"post","link":"https:\/\/craaltorricon.catedu.es\/?p=2107","title":{"rendered":"BORRASCA FILOMENA"},"content":{"rendered":"\n<p><strong>D\u00cdAS 11 Y 12 DE ENERO SUSPENDIDOS POR LA BORRASCA FILOMENA<\/strong><\/p>\n<p>Como sab\u00e9is, el Gobierno de Arag\u00f3n suspendi\u00f3 la actividad lectiva los d\u00edas 11 y 12 de enero por la borrasca Filomena anunciando que estos dos d\u00edas se recuperar\u00edan, modificando as\u00ed el calendario escolar.<\/p>\n<p>M\u00e1s tarde se public\u00f3 una resoluci\u00f3n que obligaba a recuperar los 2 d\u00edas pero el Tribunal Superior de Justicia de Arag\u00f3n anul\u00f3 dicha resoluci\u00f3n.<\/p>\n<p>Al ser anulada, actualmente est\u00e1 en vigor el calendario escolar inicial, por lo que <strong>mantenemos como festivos el 5, el 6 y el 30 de abril en las tres localidades<\/strong>.<\/p>\n<a href=\"https:\/\/craaltorricon.catedu.es\/wp-content\/uploads\/sites\/188\/2021\/03\/Calendario-escolar-2020-21-CRA-1.pdf\" class=\"pdfemb-viewer\" style=\"\" data-width=\"max\" data-height=\"max\" data-toolbar=\"bottom\" data-toolbar-fixed=\"off\">Calendario escolar 2020-21 CRA (1)<\/a>\n<p>\u00a0<\/p>\n<p>\u00a0<\/p>\n","protected":false},"excerpt":{"rendered":"<p>D\u00cdAS 11 Y 12 DE ENERO SUSPENDIDOS POR LA BORRASCA FILOMENA Como sab\u00e9is, el Gobierno de Arag\u00f3n suspendi\u00f3 la actividad lectiva los d\u00edas 11 y 12 de enero por la borrasca Filomena anunciando que estos dos d\u00edas se recuperar\u00edan, modificando as\u00ed el calendario escolar. M\u00e1s tarde se public\u00f3 una resoluci\u00f3n que obligaba a recuperar los <a href=\"https:\/\/craaltorricon.catedu.es\/?p=2107\" class=\"more-link\">...contin\u00faa leyendo<span class=\"screen-reader-text\"> \"BORRASCA FILOMENA\"<\/span><\/a><\/p>\n","protected":false},"author":786,"featured_media":0,"comment_status":"open","ping_status":"open","sticky":false,"template":"","format":"standard","meta":{"_uag_custom_page_level_css":"","_monsterinsights_skip_tracking":false,"_monsterinsights_sitenote_active":false,"_monsterinsights_sitenote_note":"","_monsterinsights_sitenote_category":0,"jetpack_post_was_ever_published":false,"_jetpack_newsletter_access":"","_jetpack_dont_email_post_to_subs":false,"_jetpack_newsletter_tier_id":0,"_jetpack_memberships_contains_paywalled_content":false,"_jetpack_memberships_contains_paid_content":false,"footnotes":"","jetpack_publicize_message":"","jetpack_publicize_feature_enabled":true,"jetpack_social_post_already_shared":true,"jetpack_social_options":{"image_generator_settings":{"template":"highway","default_image_id":0,"font":"","enabled":false},"version":2}},"categories":[18,9],"tags":[],"class_list":{"0":"post-2107","1":"post","2":"type-post","3":"status-publish","4":"format-standard","6":"category-cra","7":"category-novedades","8":"h-entry","9":"hentry","10":"h-as-article"},"jetpack_publicize_connections":[],"uagb_featured_image_src":{"full":false,"thumbnail":false,"medium":false,"medium_large":false,"large":false,"1536x1536":false,"2048x2048":false,"custom-header-image":false},"uagb_author_info":{"display_name":"admin","author_link":"https:\/\/craaltorricon.catedu.es\/?author=786"},"uagb_comment_info":0,"uagb_excerpt":"D\u00cdAS 11 Y 12 DE ENERO SUSPENDIDOS POR LA BORRASCA FILOMENA Como sab\u00e9is, el Gobierno de Arag\u00f3n suspendi\u00f3 la actividad lectiva los d\u00edas 11 y 12 de enero por la borrasca Filomena anunciando que estos dos d\u00edas se recuperar\u00edan, modificando as\u00ed el calendario escolar. M\u00e1s tarde se public\u00f3 una resoluci\u00f3n que obligaba a recuperar los&hellip;","jetpack_featured_media_url":"","jetpack_sharing_enabled":true,"jetpack_shortlink":"https:\/\/wp.me\/p8T00Q-xZ","jetpack-related-posts":[{"id":2125,"url":"https:\/\/craaltorricon.catedu.es\/?p=2125","url_meta":{"origin":2107,"position":0},"title":"RECUPERACI\u00d3N DIAS FILOMENA","author":"admin","date":"23 marzo, 2021","format":false,"excerpt":"Tras la solicitud que os explicamos en una entrada anterior, el Ayuntamiento de Altorric\u00f3n y Vencill\u00f3n ya ha recibido respuesta y se ha confirmado el cambio de fecha para recuperar uno de los d\u00edas propuestos por la Administraci\u00f3n. Estamos a la espera de Algay\u00f3n, aunque damos por hecho que ser\u00e1\u2026","rel":"","context":"En \u00abAlgay\u00f3n\u00bb","block_context":{"text":"Algay\u00f3n","link":"https:\/\/craaltorricon.catedu.es\/?cat=13"},"img":{"alt_text":"","src":"","width":0,"height":0},"classes":[]},{"id":2032,"url":"https:\/\/craaltorricon.catedu.es\/?p=2032","url_meta":{"origin":2107,"position":1},"title":"EN BUSCA DE UN NUEVO NOMBRE","author":"admin","date":"18 diciembre, 2020","format":false,"excerpt":"Como ya sab\u00e9is, nuestro CRA est\u00e1 compuesto por 3 localidades: Algay\u00f3n, Altorric\u00f3n y Vencill\u00f3n.\u00a0 Hemos lanzado un concurso para cambiar el nombre del CRA y buscar uno nuevo que nos represente a todos y todas. \u00a0 BASES DEL CONCURSO: Podr\u00e1 participar toda la Comunidad Educativa del colegio (padres, madres, alumnos,\u2026","rel":"","context":"En \u00abNovedades\u00bb","block_context":{"text":"Novedades","link":"https:\/\/craaltorricon.catedu.es\/?cat=9"},"img":{"alt_text":"Ver las im\u00e1genes de origen","src":"https:\/\/i0.wp.com\/3.bp.blogspot.com\/-Me13vBUGx4s\/UHPa75OMxkI\/AAAAAAAAAN0\/FXudZp44dAo\/s1600\/tener_una_idea.png?resize=350%2C200&ssl=1","width":350,"height":200},"classes":[]},{"id":3026,"url":"https:\/\/craaltorricon.catedu.es\/?p=3026","url_meta":{"origin":2107,"position":2},"title":"30 DE ENERO, D\u00cdA ESCOLAR DE LA NO VIOLENCIA Y LA PAZ","author":"CRA Altorric\u00f3n","date":"8 febrero, 2023","format":false,"excerpt":"Este lunes 30 de enero, celebramos el d\u00eda escolar de la no violencia y la paz en todo nuestro C.R.A. Para ello, ideamos y estipulamos desde el claustro una serie de actividades, que nuestro alumnado desarroll\u00f3 de una forma l\u00fadica y divertida. En Altorric\u00f3n, se estipul\u00f3 decorar los paneles negros\u2026","rel":"","context":"En \u00abAlgay\u00f3n\u00bb","block_context":{"text":"Algay\u00f3n","link":"https:\/\/craaltorricon.catedu.es\/?cat=13"},"img":{"alt_text":"","src":"","width":0,"height":0},"classes":[]},{"id":1911,"url":"https:\/\/craaltorricon.catedu.es\/?p=1911","url_meta":{"origin":2107,"position":3},"title":"Calendario escolar 2020-21","author":"admin","date":"8 septiembre, 2020","format":false,"excerpt":"","rel":"","context":"En \u00abAlgay\u00f3n\u00bb","block_context":{"text":"Algay\u00f3n","link":"https:\/\/craaltorricon.catedu.es\/?cat=13"},"img":{"alt_text":"","src":"","width":0,"height":0},"classes":[]},{"id":3378,"url":"https:\/\/craaltorricon.catedu.es\/?p=3378","url_meta":{"origin":2107,"position":4},"title":"Calendario escolar curso 2023-2024","author":"CRA Altorric\u00f3n","date":"21 septiembre, 2023","format":false,"excerpt":"","rel":"","context":"En \u00abAlgay\u00f3n\u00bb","block_context":{"text":"Algay\u00f3n","link":"https:\/\/craaltorricon.catedu.es\/?cat=13"},"img":{"alt_text":"","src":"","width":0,"height":0},"classes":[]},{"id":3832,"url":"https:\/\/craaltorricon.catedu.es\/?p=3832","url_meta":{"origin":2107,"position":5},"title":"CALENDARIO ELECCIONES CONSEJO ESCOLAR 2025\/2026","author":"CRA Altorric\u00f3n","date":"6 noviembre, 2025","format":false,"excerpt":"","rel":"","context":"En \u00abAlgay\u00f3n\u00bb","block_context":{"text":"Algay\u00f3n","link":"https:\/\/craaltorricon.catedu.es\/?cat=13"},"img":{"alt_text":"","src":"","width":0,"height":0},"classes":[]}],"jetpack_likes_enabled":true,"_links":{"self":[{"href":"https:\/\/craaltorricon.catedu.es\/index.php?rest_route=\/wp\/v2\/posts\/2107","targetHints":{"allow":["GET"]}}],"collection":[{"href":"https:\/\/craaltorricon.catedu.es\/index.php?rest_route=\/wp\/v2\/posts"}],"about":[{"href":"https:\/\/craaltorricon.catedu.es\/index.php?rest_route=\/wp\/v2\/types\/post"}],"author":[{"embeddable":true,"href":"https:\/\/craaltorricon.catedu.es\/index.php?rest_route=\/wp\/v2\/users\/786"}],"replies":[{"embeddable":true,"href":"https:\/\/craaltorricon.catedu.es\/index.php?rest_route=%2Fwp%2Fv2%2Fcomments&post=2107"}],"version-history":[{"count":1,"href":"https:\/\/craaltorricon.catedu.es\/index.php?rest_route=\/wp\/v2\/posts\/2107\/revisions"}],"predecessor-version":[{"id":2114,"href":"https:\/\/craaltorricon.catedu.es\/index.php?rest_route=\/wp\/v2\/posts\/2107\/revisions\/2114"}],"wp:attachment":[{"href":"https:\/\/craaltorricon.catedu.es\/index.php?rest_route=%2Fwp%2Fv2%2Fmedia&parent=2107"}],"wp:term":[{"taxonomy":"category","embeddable":true,"href":"https:\/\/craaltorricon.catedu.es\/index.php?rest_route=%2Fwp%2Fv2%2Fcategories&post=2107"},{"taxonomy":"post_tag","embeddable":true,"href":"https:\/\/craaltorricon.catedu.es\/index.php?rest_route=%2Fwp%2Fv2%2Ftags&post=2107"}],"curies":[{"name":"wp","href":"https:\/\/api.w.org\/{rel}","templated":true}]}}