{"id":2116,"date":"2021-03-10T10:26:20","date_gmt":"2021-03-10T09:26:20","guid":{"rendered":"http:\/\/craaltorricon.catedu.es\/?p=2116"},"modified":"2021-04-21T10:22:30","modified_gmt":"2021-04-21T08:22:30","slug":"proyecto-de-tiempos-escolares-aprobado","status":"publish","type":"post","link":"https:\/\/craaltorricon.catedu.es\/?p=2116","title":{"rendered":"PROYECTO DE TIEMPOS ESCOLARES APROBADO"},"content":{"rendered":"\n<p style=\"text-align: center;\">Os comunicamos por aqu\u00ed tambi\u00e9n que en las tres localidades se aprob\u00f3 por m\u00e1s de un 55% el Proyecto de Tiempos Escolares.<\/p>\n<p style=\"text-align: center;\">La participaci\u00f3n fue espectacular... \u00a1Un 91%!<\/p>\n<p style=\"text-align: center;\"><em>Algay\u00f3n<\/em>: 81% votos afirmativos<\/p>\n<p style=\"text-align: center;\"><em>Altorric\u00f3n<\/em>: 76% votos afirmativos<\/p>\n<p style=\"text-align: center;\"><em>Vencill\u00f3n:<\/em> 91% votos afirmativos<\/p>\n<p>\u00a0<\/p>\n<p style=\"text-align: center;\"><em><strong>\u00a1MUCHAS GRACIAS A TOD@S!<\/strong><\/em><\/p>\n","protected":false},"excerpt":{"rendered":"<p>Os comunicamos por aqu\u00ed tambi\u00e9n que en las tres localidades se aprob\u00f3 por m\u00e1s de un 55% el Proyecto de Tiempos Escolares. La participaci\u00f3n fue espectacular... \u00a1Un 91%! Algay\u00f3n: 81% votos afirmativos Altorric\u00f3n: 76% votos afirmativos Vencill\u00f3n: 91% votos afirmativos \u00a0 \u00a1MUCHAS GRACIAS A TOD@S!<\/p>\n","protected":false},"author":786,"featured_media":0,"comment_status":"open","ping_status":"open","sticky":false,"template":"","format":"standard","meta":{"_uag_custom_page_level_css":"","_monsterinsights_skip_tracking":false,"_monsterinsights_sitenote_active":false,"_monsterinsights_sitenote_note":"","_monsterinsights_sitenote_category":0,"jetpack_post_was_ever_published":false,"_jetpack_newsletter_access":"","_jetpack_dont_email_post_to_subs":false,"_jetpack_newsletter_tier_id":0,"_jetpack_memberships_contains_paywalled_content":false,"_jetpack_memberships_contains_paid_content":false,"footnotes":"","jetpack_publicize_message":"","jetpack_publicize_feature_enabled":true,"jetpack_social_post_already_shared":true,"jetpack_social_options":{"image_generator_settings":{"template":"highway","default_image_id":0,"font":"","enabled":false},"version":2}},"categories":[18,9],"tags":[],"class_list":{"0":"post-2116","1":"post","2":"type-post","3":"status-publish","4":"format-standard","6":"category-cra","7":"category-novedades","8":"h-entry","9":"hentry","10":"h-as-article"},"jetpack_publicize_connections":[],"uagb_featured_image_src":{"full":false,"thumbnail":false,"medium":false,"medium_large":false,"large":false,"1536x1536":false,"2048x2048":false,"custom-header-image":false},"uagb_author_info":{"display_name":"admin","author_link":"https:\/\/craaltorricon.catedu.es\/?author=786"},"uagb_comment_info":0,"uagb_excerpt":"Os comunicamos por aqu\u00ed tambi\u00e9n que en las tres localidades se aprob\u00f3 por m\u00e1s de un 55% el Proyecto de Tiempos Escolares. La participaci\u00f3n fue espectacular... \u00a1Un 91%! Algay\u00f3n: 81% votos afirmativos Altorric\u00f3n: 76% votos afirmativos Vencill\u00f3n: 91% votos afirmativos \u00a0 \u00a1MUCHAS GRACIAS A TOD@S!","jetpack_featured_media_url":"","jetpack_sharing_enabled":true,"jetpack_shortlink":"https:\/\/wp.me\/p8T00Q-y8","jetpack-related-posts":[{"id":2104,"url":"https:\/\/craaltorricon.catedu.es\/?p=2104","url_meta":{"origin":2116,"position":0},"title":"APROBACI\u00d3N DEL PROYECTO","author":"admin","date":"24 febrero, 2021","format":false,"excerpt":"Tal y como os hemos comentado por diferentes medios TODOS LOS VOTOS SON NECESARIOS.\u00a0 Es importante acudir a votar ya que si no ejerces tu derecho al voto contabilizar\u00e1 como un NO al Proyecto. Sea cual sea tu opini\u00f3n, te necesitamos.\u00a0 \u00a0 Para la aprobaci\u00f3n del Proyecto:\u00a0 Se requiere un\u2026","rel":"","context":"En \u00abNovedades\u00bb","block_context":{"text":"Novedades","link":"https:\/\/craaltorricon.catedu.es\/?cat=9"},"img":{"alt_text":"","src":"","width":0,"height":0},"classes":[]},{"id":2097,"url":"https:\/\/craaltorricon.catedu.es\/?p=2097","url_meta":{"origin":2116,"position":1},"title":"Proyecto Tiempos Escolares","author":"admin","date":"11 febrero, 2021","format":false,"excerpt":"Os compartimos un v\u00eddeo que ha elaborado la Comisi\u00f3n de Elaboraci\u00f3n del Proyecto Educativo de Tiempos Escolares de nuestro CRA. Os animamos a verlo entero y recordaris que pod\u00e9is uniros al grupo de Telegram \"Tiempos Escolares CRA Altorric\u00f3n\" para hacernos llegar todas las dudas que os surjan. \u00a0 \u00a0 \u00a0","rel":"","context":"En \u00abNovedades\u00bb","block_context":{"text":"Novedades","link":"https:\/\/craaltorricon.catedu.es\/?cat=9"},"img":{"alt_text":"","src":"","width":0,"height":0},"classes":[]},{"id":2080,"url":"https:\/\/craaltorricon.catedu.es\/?p=2080","url_meta":{"origin":2116,"position":2},"title":"PROYECTO DE ORGANIZACI\u00d3N DE TIEMPOS ESCOLARES","author":"admin","date":"29 enero, 2021","format":false,"excerpt":"El dia 19 de noviembre se os inform\u00f3 sobre el calendario del proceso de \"Organizaci\u00f3n de Tiempos Escolares\" Se cre\u00f3 una Comisi\u00f3n para la elaboraci\u00f3n del proyecto formada por 9 maestros y maestras del centro, 6 madres y 1 monitora del comedor. Dicho Proyecto se present\u00f3 a la Administraci\u00f3n y\u2026","rel":"","context":"En \u00abNovedades\u00bb","block_context":{"text":"Novedades","link":"https:\/\/craaltorricon.catedu.es\/?cat=9"},"img":{"alt_text":"","src":"","width":0,"height":0},"classes":[]},{"id":2101,"url":"https:\/\/craaltorricon.catedu.es\/?p=2101","url_meta":{"origin":2116,"position":3},"title":"VOTACIONES PROYECTO DE TIEMPOS ESCOLARES","author":"admin","date":"23 febrero, 2021","format":false,"excerpt":"Despu\u00e9s de informaros sobre el Proyecto que hemos elaborado toca VOTAR. Vuestros hijos e hijas se llevan a casa: Papeletas de voto Sobres Autorizaci\u00f3n\u00a0 Las votaciones se realizar\u00e1n el 4 DE MARZO en cada una de las localidades en el siguiente horario: ALGAY\u00d3N - de 8:45 a 9:15 ALTORRIC\u00d3N -\u2026","rel":"","context":"En \u00abNovedades\u00bb","block_context":{"text":"Novedades","link":"https:\/\/craaltorricon.catedu.es\/?cat=9"},"img":{"alt_text":"","src":"https:\/\/i0.wp.com\/craaltorricon.catedu.es\/wp-content\/uploads\/sites\/188\/2021\/02\/VOTACIONES-282x300.png?resize=350%2C200","width":350,"height":200},"classes":[]},{"id":2010,"url":"https:\/\/craaltorricon.catedu.es\/?p=2010","url_meta":{"origin":2116,"position":4},"title":"Organizaci\u00f3n de tiempos escolares","author":"admin","date":"19 noviembre, 2020","format":false,"excerpt":"","rel":"","context":"En \u00abAlgay\u00f3n\u00bb","block_context":{"text":"Algay\u00f3n","link":"https:\/\/craaltorricon.catedu.es\/?cat=13"},"img":{"alt_text":"","src":"","width":0,"height":0},"classes":[]},{"id":2649,"url":"https:\/\/craaltorricon.catedu.es\/?p=2649","url_meta":{"origin":2116,"position":5},"title":"Taller de teatro en ingl\u00e9s","author":"admin","date":"5 enero, 2022","format":false,"excerpt":"Los alumnos de Altorric\u00f3n han preparado en los tiempos escolares la obra The Wizard Of Oz. Ya ver\u00e9is que bien lo hacen!! \u00a0 https:\/\/youtu.be\/9voEDCZlX0E","rel":"","context":"En \u00abAltorric\u00f3n\u00bb","block_context":{"text":"Altorric\u00f3n","link":"https:\/\/craaltorricon.catedu.es\/?cat=16"},"img":{"alt_text":"","src":"https:\/\/i0.wp.com\/img.youtube.com\/vi\/9voEDCZlX0E\/0.jpg?resize=350%2C200","width":350,"height":200},"classes":[]}],"jetpack_likes_enabled":true,"_links":{"self":[{"href":"https:\/\/craaltorricon.catedu.es\/index.php?rest_route=\/wp\/v2\/posts\/2116","targetHints":{"allow":["GET"]}}],"collection":[{"href":"https:\/\/craaltorricon.catedu.es\/index.php?rest_route=\/wp\/v2\/posts"}],"about":[{"href":"https:\/\/craaltorricon.catedu.es\/index.php?rest_route=\/wp\/v2\/types\/post"}],"author":[{"embeddable":true,"href":"https:\/\/craaltorricon.catedu.es\/index.php?rest_route=\/wp\/v2\/users\/786"}],"replies":[{"embeddable":true,"href":"https:\/\/craaltorricon.catedu.es\/index.php?rest_route=%2Fwp%2Fv2%2Fcomments&post=2116"}],"version-history":[{"count":1,"href":"https:\/\/craaltorricon.catedu.es\/index.php?rest_route=\/wp\/v2\/posts\/2116\/revisions"}],"predecessor-version":[{"id":2117,"href":"https:\/\/craaltorricon.catedu.es\/index.php?rest_route=\/wp\/v2\/posts\/2116\/revisions\/2117"}],"wp:attachment":[{"href":"https:\/\/craaltorricon.catedu.es\/index.php?rest_route=%2Fwp%2Fv2%2Fmedia&parent=2116"}],"wp:term":[{"taxonomy":"category","embeddable":true,"href":"https:\/\/craaltorricon.catedu.es\/index.php?rest_route=%2Fwp%2Fv2%2Fcategories&post=2116"},{"taxonomy":"post_tag","embeddable":true,"href":"https:\/\/craaltorricon.catedu.es\/index.php?rest_route=%2Fwp%2Fv2%2Ftags&post=2116"}],"curies":[{"name":"wp","href":"https:\/\/api.w.org\/{rel}","templated":true}]}}