{"id":2118,"date":"2021-03-10T11:29:14","date_gmt":"2021-03-10T10:29:14","guid":{"rendered":"http:\/\/craaltorricon.catedu.es\/?p=2118"},"modified":"2021-04-21T10:22:22","modified_gmt":"2021-04-21T08:22:22","slug":"decalogo-para-madres-y-padres","status":"publish","type":"post","link":"https:\/\/craaltorricon.catedu.es\/?p=2118","title":{"rendered":"DEC\u00c1LOGO PARA MADRES Y PADRES"},"content":{"rendered":"\n<p style=\"text-align: center;\"><em><strong>Pautas para sobrevivir emocionalmente al caos familiar producido por el coronavirus<\/strong><\/em><\/p>\n<p style=\"text-align: left;\"><\/p>\n<p>En esta situaci\u00f3n excepcional que estamos viviendo, desde el <strong>Colegio Profesional de Psicolog\u00eda de Arag\u00f3n<\/strong>, en colaboraci\u00f3n con el <strong>Gobierno de Arag\u00f3n<\/strong>, quieren contribuir de forma activa al bienestar emocional de las familias en estos tiempos de pandemia.<\/p>\n<p>La sociedad no estaba preparada para <strong>afrontar esta crisis por coronavirus<\/strong> que no solo ha afectado a nuestra salud f\u00edsica sino que tambi\u00e9n nos ha perjudicado en nuestra salud mental.<\/p>\n<p>Su objetivo es ofrecer a toda la Comunidad Educativa y en especial, a los padres y las madres del alumnado, <strong>estrategias que puedan utilizar en su d\u00eda a d\u00eda<\/strong>. Un material pr\u00e1ctico que nos ayudar\u00e1 a gestionar estos momentos que estamos viviendo.<\/p>\n<p>Este documento tiene el objetivo no solamente de ayudar en el momento actual sino como herramienta de <strong>prevenci\u00f3n de las posibles secuelas<\/strong> que esta pandemia puede tener en la poblaci\u00f3n.<\/p>\n<p>En este dec\u00e1logo se fomenta la <em>coherencia<\/em> y la <em>responsabilidad<\/em> a trav\u00e9s del ejemplo; la <em>aceptaci\u00f3n de la incertidumbre<\/em>; la adecuada gesti\u00f3n de nuestras <em>emociones<\/em> y la importancia de nuestra <em>actitud<\/em> a la hora de afrontar esta situaci\u00f3n.<\/p>\n<p>Se quiere ensalzar valores como la <em>empat\u00eda<\/em>, la <em>solidaridad<\/em> y la <em>humanidad<\/em>, dando importancia a la <em>comunicaci\u00f3n<\/em>, a la <em>escucha activa<\/em> y ofreciendo recursos para gestionar el <em>tiempo libre<\/em> en familia.<\/p>\n<p>Asimismo, apuestan por el <em>respeto de la distancia saludable<\/em> y el fomento de la <em>actividad f\u00edsica<\/em> y la <em>salud<\/em>.<\/p>\n<p>Por todo ello desde el Colegio Profesional de Psicolog\u00eda de Arag\u00f3n nos env\u00edan este documento titulado \u2018Dec\u00e1logo para madres y padres. Pautas para sobrevivir emocionalmente al caos familiar producido por el coronavirus\u2019 con el fin de que sirva de ayuda a las familias.<\/p>\n<p>\u00a0<\/p>\n<a href=\"https:\/\/craaltorricon.catedu.es\/wp-content\/uploads\/sites\/188\/2021\/03\/DecalogoParaFamiliasParaSobrevivirEmocionalmenteAlCaosFamiliarDelCoronavirusDiciembre2020-1.pdf\" class=\"pdfemb-viewer\" style=\"\" data-width=\"max\" data-height=\"max\" data-toolbar=\"bottom\" data-toolbar-fixed=\"off\">DecalogoParaFamiliasParaSobrevivirEmocionalmenteAlCaosFamiliarDelCoronavirusDiciembre2020-1<\/a>\n<p>\u00a0<\/p>\n<p style=\"text-align: left;\"><\/p>\n","protected":false},"excerpt":{"rendered":"","protected":false},"author":786,"featured_media":0,"comment_status":"open","ping_status":"open","sticky":false,"template":"","format":"standard","meta":{"_monsterinsights_skip_tracking":false,"_monsterinsights_sitenote_active":false,"_monsterinsights_sitenote_note":"","_monsterinsights_sitenote_category":0,"jetpack_post_was_ever_published":false,"_jetpack_newsletter_access":"","_jetpack_dont_email_post_to_subs":false,"_jetpack_newsletter_tier_id":0,"_jetpack_memberships_contains_paywalled_content":false,"_jetpack_memberships_contains_paid_content":false,"footnotes":"","jetpack_publicize_message":"","jetpack_publicize_feature_enabled":true,"jetpack_social_post_already_shared":true,"jetpack_social_options":{"image_generator_settings":{"template":"highway","default_image_id":0,"font":"","enabled":false},"version":2}},"categories":[13,16,18,9,17],"tags":[],"class_list":{"0":"post-2118","1":"post","2":"type-post","3":"status-publish","4":"format-standard","6":"category-algayon","7":"category-altorricon","8":"category-cra","9":"category-novedades","10":"category-vencillon","11":"h-entry","12":"hentry","13":"h-as-article"},"jetpack_publicize_connections":[],"jetpack_featured_media_url":"","jetpack_sharing_enabled":true,"jetpack_shortlink":"https:\/\/wp.me\/p8T00Q-ya","jetpack-related-posts":[{"id":2172,"url":"https:\/\/craaltorricon.catedu.es\/?p=2172","url_meta":{"origin":2118,"position":0},"title":"IMPACTO COVID EN LA EDUCACI\u00d3N ARAGONESA","author":"admin","date":"21 mayo, 2021","format":false,"excerpt":"DESDE EL CENTRO DE EVALUACI\u00d3N, FORMACI\u00d3N Y CALIDAD DEL GOBIERNO DE ARAG\u00d3N, NOS LLEGA LO SIGUIENTE: A trav\u00e9s del enlace destacado debajo de este p\u00e1rrafo, PADRES, MADRES y\/o TUTORES LEGALES del alumnado del centro podr\u00e1n responder a una encuesta que permitir\u00e1 recopilar informaci\u00f3n para conocer c\u00f3mo han vivido las familias\u2026","rel":"","context":"En \u00abAlgay\u00f3n\u00bb","block_context":{"text":"Algay\u00f3n","link":"https:\/\/craaltorricon.catedu.es\/?cat=13"},"img":{"alt_text":"","src":"","width":0,"height":0},"classes":[]},{"id":3554,"url":"https:\/\/craaltorricon.catedu.es\/?p=3554","url_meta":{"origin":2118,"position":1},"title":"MINI GOLF ALGAY\u00d3N","author":"CRA Altorric\u00f3n","date":"28 junio, 2024","format":false,"excerpt":"El alumnado de 4\u00ba a 6\u00ba de Algay\u00f3n junto a sus maestros participamos en la selecci\u00f3n para acceder a la novena edici\u00f3n de los Premios RetoTech de la Fundaci\u00f3n Endesa, que busca fomentar las vocaciones STEM, la innovaci\u00f3n y el emprendimiento tecnol\u00f3gico en las aulas. Tuvimos que presentar un v\u00eddeo\u2026","rel":"","context":"En \u00abAlgay\u00f3n\u00bb","block_context":{"text":"Algay\u00f3n","link":"https:\/\/craaltorricon.catedu.es\/?cat=13"},"img":{"alt_text":"","src":"","width":0,"height":0},"classes":[]},{"id":3147,"url":"https:\/\/craaltorricon.catedu.es\/?p=3147","url_meta":{"origin":2118,"position":2},"title":"TALLER DE EXPERIMENTOS: EL MONSTRUO BABOSO.","author":"CRA Altorric\u00f3n","date":"27 marzo, 2023","format":false,"excerpt":"Esta semana, hemos vuelto a unir fuerzas el alumnado de 6\u00ba con los ni\u00f1os de 4 a\u00f1os, en la hora de taller. Las maestras que dirigimos dichos grupos, hemos visto como disfrutaban trabajando juntos, ayudando los mayores a los peque\u00f1os pero, en realidad, aprendiendo todos de la situaci\u00f3n que se\u2026","rel":"","context":"En \u00abAltorric\u00f3n\u00bb","block_context":{"text":"Altorric\u00f3n","link":"https:\/\/craaltorricon.catedu.es\/?cat=16"},"img":{"alt_text":"","src":"","width":0,"height":0},"classes":[]},{"id":2245,"url":"https:\/\/craaltorricon.catedu.es\/?p=2245","url_meta":{"origin":2118,"position":3},"title":"\u201cMis abrazos perdidos\u201d","author":"admin","date":"28 junio, 2021","format":false,"excerpt":"Este curso en Algay\u00f3n participamos en el programa de animaci\u00f3n literaria \u201cMis abrazos perdidos\u201d que puso en marcha el Departamento de Educaci\u00f3n, Cultura y Deporte del Gobierno de Arag\u00f3n. El objetivo del programa era fomentar la lectura entre el alumnado e incentivar su creatividad literaria. Visionamos unos v\u00eddeos de diferentes\u2026","rel":"","context":"En \u00abAlgay\u00f3n\u00bb","block_context":{"text":"Algay\u00f3n","link":"https:\/\/craaltorricon.catedu.es\/?cat=13"},"img":{"alt_text":"","src":"https:\/\/i0.wp.com\/craaltorricon.catedu.es\/wp-content\/uploads\/sites\/188\/2021\/06\/20210628_133707-scaled-e1624890224975.jpg?resize=350%2C200&ssl=1","width":350,"height":200,"srcset":"https:\/\/i0.wp.com\/craaltorricon.catedu.es\/wp-content\/uploads\/sites\/188\/2021\/06\/20210628_133707-scaled-e1624890224975.jpg?resize=350%2C200&ssl=1 1x, https:\/\/i0.wp.com\/craaltorricon.catedu.es\/wp-content\/uploads\/sites\/188\/2021\/06\/20210628_133707-scaled-e1624890224975.jpg?resize=525%2C300&ssl=1 1.5x, https:\/\/i0.wp.com\/craaltorricon.catedu.es\/wp-content\/uploads\/sites\/188\/2021\/06\/20210628_133707-scaled-e1624890224975.jpg?resize=700%2C400&ssl=1 2x, https:\/\/i0.wp.com\/craaltorricon.catedu.es\/wp-content\/uploads\/sites\/188\/2021\/06\/20210628_133707-scaled-e1624890224975.jpg?resize=1050%2C600&ssl=1 3x, https:\/\/i0.wp.com\/craaltorricon.catedu.es\/wp-content\/uploads\/sites\/188\/2021\/06\/20210628_133707-scaled-e1624890224975.jpg?resize=1400%2C800&ssl=1 4x"},"classes":[]},{"id":1366,"url":"https:\/\/craaltorricon.catedu.es\/?p=1366","url_meta":{"origin":2118,"position":4},"title":"2\u00ba D\u00cdA DEL CRA","author":"admin","date":"3 marzo, 2019","format":false,"excerpt":"El pasado mi\u00e9rcoles d\u00eda 13 de febrero nos juntamos las tres localidades en Altorric\u00f3n para celebrar el 2\u00ba d\u00eda del CRA. Como ya sab\u00e9is el tema de este a\u00f1o es \u201cComo cuido, me cuidan\u201d y esta vez el d\u00eda estaba relacionado con el deporte y el ejercicio f\u00edsico. La primera\u2026","rel":"","context":"En \u00abAlgay\u00f3n\u00bb","block_context":{"text":"Algay\u00f3n","link":"https:\/\/craaltorricon.catedu.es\/?cat=13"},"img":{"alt_text":"","src":"https:\/\/i0.wp.com\/img.youtube.com\/vi\/W2MTiHLNqZ8\/0.jpg?resize=350%2C200","width":350,"height":200},"classes":[]},{"id":3418,"url":"https:\/\/craaltorricon.catedu.es\/?p=3418","url_meta":{"origin":2118,"position":5},"title":"\u00bfQu\u00e9 ha pasado con RetoTech?","author":"CRA Altorric\u00f3n","date":"17 octubre, 2023","format":false,"excerpt":"Hace unos d\u00edas os cont\u00e1bamos que nos hab\u00edamos vuelto a presentar al proyecto RetoTech que volv\u00eda a lanzar Fundaci\u00f3n Endesa. Es un gran reto de innovaci\u00f3n y tecnolog\u00eda para j\u00f3venes estudiantes de nuestro pa\u00eds con el que, en colaboraci\u00f3n con las Consejer\u00edas de Educaci\u00f3n de las comunidades aut\u00f3nomas participantes y\u2026","rel":"","context":"En \u00abAlgay\u00f3n\u00bb","block_context":{"text":"Algay\u00f3n","link":"https:\/\/craaltorricon.catedu.es\/?cat=13"},"img":{"alt_text":"","src":"","width":0,"height":0},"classes":[]}],"jetpack_likes_enabled":true,"_links":{"self":[{"href":"https:\/\/craaltorricon.catedu.es\/index.php?rest_route=\/wp\/v2\/posts\/2118","targetHints":{"allow":["GET"]}}],"collection":[{"href":"https:\/\/craaltorricon.catedu.es\/index.php?rest_route=\/wp\/v2\/posts"}],"about":[{"href":"https:\/\/craaltorricon.catedu.es\/index.php?rest_route=\/wp\/v2\/types\/post"}],"author":[{"embeddable":true,"href":"https:\/\/craaltorricon.catedu.es\/index.php?rest_route=\/wp\/v2\/users\/786"}],"replies":[{"embeddable":true,"href":"https:\/\/craaltorricon.catedu.es\/index.php?rest_route=%2Fwp%2Fv2%2Fcomments&post=2118"}],"version-history":[{"count":1,"href":"https:\/\/craaltorricon.catedu.es\/index.php?rest_route=\/wp\/v2\/posts\/2118\/revisions"}],"predecessor-version":[{"id":2120,"href":"https:\/\/craaltorricon.catedu.es\/index.php?rest_route=\/wp\/v2\/posts\/2118\/revisions\/2120"}],"wp:attachment":[{"href":"https:\/\/craaltorricon.catedu.es\/index.php?rest_route=%2Fwp%2Fv2%2Fmedia&parent=2118"}],"wp:term":[{"taxonomy":"category","embeddable":true,"href":"https:\/\/craaltorricon.catedu.es\/index.php?rest_route=%2Fwp%2Fv2%2Fcategories&post=2118"},{"taxonomy":"post_tag","embeddable":true,"href":"https:\/\/craaltorricon.catedu.es\/index.php?rest_route=%2Fwp%2Fv2%2Ftags&post=2118"}],"curies":[{"name":"wp","href":"https:\/\/api.w.org\/{rel}","templated":true}]}}