{"id":2121,"date":"2021-03-19T15:11:08","date_gmt":"2021-03-19T14:11:08","guid":{"rendered":"http:\/\/craaltorricon.catedu.es\/?p=2121"},"modified":"2021-04-21T10:22:03","modified_gmt":"2021-04-21T08:22:03","slug":"ciencia-en-nuestro-cra","status":"publish","type":"post","link":"https:\/\/craaltorricon.catedu.es\/?p=2121","title":{"rendered":"CIENCIA EN NUESTRO CRA"},"content":{"rendered":"\n<p style=\"text-align: center;\"><a href=\"https:\/\/craaltorricon.catedu.es\/wp-content\/uploads\/sites\/188\/2021\/03\/ciencia_1-scaled.jpg\"><img loading=\"lazy\" decoding=\"async\" data-attachment-id=\"2122\" data-permalink=\"https:\/\/craaltorricon.catedu.es\/?attachment_id=2122\" data-orig-file=\"https:\/\/craaltorricon.catedu.es\/wp-content\/uploads\/sites\/188\/2021\/03\/ciencia_1-scaled.jpg\" data-orig-size=\"2560,335\" data-comments-opened=\"1\" data-image-meta=\"{&quot;aperture&quot;:&quot;0&quot;,&quot;credit&quot;:&quot;&quot;,&quot;camera&quot;:&quot;&quot;,&quot;caption&quot;:&quot;&quot;,&quot;created_timestamp&quot;:&quot;0&quot;,&quot;copyright&quot;:&quot;&quot;,&quot;focal_length&quot;:&quot;0&quot;,&quot;iso&quot;:&quot;0&quot;,&quot;shutter_speed&quot;:&quot;0&quot;,&quot;title&quot;:&quot;&quot;,&quot;orientation&quot;:&quot;0&quot;}\" data-image-title=\"ciencia_1\" data-image-description=\"\" data-image-caption=\"\" data-large-file=\"https:\/\/craaltorricon.catedu.es\/wp-content\/uploads\/sites\/188\/2021\/03\/ciencia_1-1024x134.jpg\" class=\"alignnone size-medium wp-image-2122\" src=\"https:\/\/craaltorricon.catedu.es\/wp-content\/uploads\/sites\/188\/2021\/03\/ciencia_1-300x39.jpg\" alt=\"\" width=\"300\" height=\"39\" srcset=\"https:\/\/craaltorricon.catedu.es\/wp-content\/uploads\/sites\/188\/2021\/03\/ciencia_1-300x39.jpg 300w, https:\/\/craaltorricon.catedu.es\/wp-content\/uploads\/sites\/188\/2021\/03\/ciencia_1-1024x134.jpg 1024w, https:\/\/craaltorricon.catedu.es\/wp-content\/uploads\/sites\/188\/2021\/03\/ciencia_1-768x100.jpg 768w, https:\/\/craaltorricon.catedu.es\/wp-content\/uploads\/sites\/188\/2021\/03\/ciencia_1-1536x201.jpg 1536w, https:\/\/craaltorricon.catedu.es\/wp-content\/uploads\/sites\/188\/2021\/03\/ciencia_1-2048x268.jpg 2048w, https:\/\/craaltorricon.catedu.es\/wp-content\/uploads\/sites\/188\/2021\/03\/ciencia_1-960x126.jpg 960w\" sizes=\"auto, (max-width: 300px) 100vw, 300px\" \/><\/a><\/p>\n<p>Hace ya varias semana realizamos un mont\u00f3n de actividades de ciencia.<\/p>\n<p>Aqu\u00ed os dejamos un recopilatorio de fotos para que pod\u00e1is ver cu\u00e1nto trabajaron y aprendieron los chicos y chicas de nuestro CRA.<\/p>\n<p>Queremos agradecer a nuestro profe Miguel por toda su dedicaci\u00f3n en las charlas que ofreci\u00f3 en los tres coles. Tambi\u00e9n a Bea y Leire que, desde la distancia, nos explicaron muchas cosas interesantes y pudimos preguntarles todas las dudas que ten\u00edamos sobre los virus y las bacterias.<\/p>\n<p><span class=\"embed-youtube\" style=\"text-align:center; display: block;\"><iframe loading=\"lazy\" class=\"youtube-player\" width=\"625\" height=\"352\" src=\"https:\/\/www.youtube.com\/embed\/R9ehkHjS068?version=3&#038;rel=1&#038;showsearch=0&#038;showinfo=1&#038;iv_load_policy=1&#038;fs=1&#038;hl=es-ES&#038;autohide=2&#038;wmode=transparent\" allowfullscreen=\"true\" style=\"border:0;\" sandbox=\"allow-scripts allow-same-origin allow-popups allow-presentation allow-popups-to-escape-sandbox\"><\/iframe><\/span><\/p>\n<p>\u00a0<\/p>\n","protected":false},"excerpt":{"rendered":"<p>Hace ya varias semana realizamos un mont\u00f3n de actividades de ciencia. Aqu\u00ed os dejamos un recopilatorio de fotos para que pod\u00e1is ver cu\u00e1nto trabajaron y aprendieron los chicos y chicas de nuestro CRA. Queremos agradecer a nuestro profe Miguel por toda su dedicaci\u00f3n en las charlas que ofreci\u00f3 en los tres coles. Tambi\u00e9n a Bea <a href=\"https:\/\/craaltorricon.catedu.es\/?p=2121\" class=\"more-link\">...contin\u00faa leyendo<span class=\"screen-reader-text\"> \"CIENCIA EN NUESTRO CRA\"<\/span><\/a><\/p>\n","protected":false},"author":786,"featured_media":0,"comment_status":"open","ping_status":"open","sticky":false,"template":"","format":"standard","meta":{"_uag_custom_page_level_css":"","_monsterinsights_skip_tracking":false,"_monsterinsights_sitenote_active":false,"_monsterinsights_sitenote_note":"","_monsterinsights_sitenote_category":0,"jetpack_post_was_ever_published":false,"_jetpack_newsletter_access":"","_jetpack_dont_email_post_to_subs":false,"_jetpack_newsletter_tier_id":0,"_jetpack_memberships_contains_paywalled_content":false,"_jetpack_memberships_contains_paid_content":false,"footnotes":"","jetpack_publicize_message":"","jetpack_publicize_feature_enabled":true,"jetpack_social_post_already_shared":true,"jetpack_social_options":{"image_generator_settings":{"template":"highway","default_image_id":0,"font":"","enabled":false},"version":2}},"categories":[13,16,18,9,17],"tags":[],"class_list":{"0":"post-2121","1":"post","2":"type-post","3":"status-publish","4":"format-standard","6":"category-algayon","7":"category-altorricon","8":"category-cra","9":"category-novedades","10":"category-vencillon","11":"h-entry","12":"hentry","13":"h-as-article"},"jetpack_publicize_connections":[],"uagb_featured_image_src":{"full":false,"thumbnail":false,"medium":false,"medium_large":false,"large":false,"1536x1536":false,"2048x2048":false,"custom-header-image":false},"uagb_author_info":{"display_name":"admin","author_link":"https:\/\/craaltorricon.catedu.es\/?author=786"},"uagb_comment_info":1,"uagb_excerpt":"Hace ya varias semana realizamos un mont\u00f3n de actividades de ciencia. Aqu\u00ed os dejamos un recopilatorio de fotos para que pod\u00e1is ver cu\u00e1nto trabajaron y aprendieron los chicos y chicas de nuestro CRA. Queremos agradecer a nuestro profe Miguel por toda su dedicaci\u00f3n en las charlas que ofreci\u00f3 en los tres coles. Tambi\u00e9n a Bea&hellip;","jetpack_featured_media_url":"","jetpack_sharing_enabled":true,"jetpack_shortlink":"https:\/\/wp.me\/p8T00Q-yd","jetpack-related-posts":[{"id":3055,"url":"https:\/\/craaltorricon.catedu.es\/?p=3055","url_meta":{"origin":2121,"position":0},"title":"11 DE FEBRERO. D\u00cdA DE LA MUJER Y LA NI\u00d1A EN LA CIENCIA.","author":"CRA Altorric\u00f3n","date":"20 febrero, 2023","format":false,"excerpt":"Los d\u00edas anteriores al 11 de febrero, celebramos en todo nuestro CRA el d\u00eda de la mujer y la ni\u00f1a en la ciencia. Desde la comisi\u00f3n de Igualdad, se prepar\u00f3 una serie de actividades, que se extrapolaron a los tres colegios, trabaj\u00e1ndolas cada uno a su manera. En general, a\u2026","rel":"","context":"En \u00abAlgay\u00f3n\u00bb","block_context":{"text":"Algay\u00f3n","link":"https:\/\/craaltorricon.catedu.es\/?cat=13"},"img":{"alt_text":"","src":"https:\/\/i0.wp.com\/img.youtube.com\/vi\/t_cEX0KyXlw\/0.jpg?resize=350%2C200","width":350,"height":200},"classes":[]},{"id":2961,"url":"https:\/\/craaltorricon.catedu.es\/?p=2961","url_meta":{"origin":2121,"position":1},"title":"D\u00eda de CRA","author":"CRA Altorric\u00f3n","date":"12 noviembre, 2022","format":false,"excerpt":"El jueves 27 de Octubre, celebramos en el colegio de Altorric\u00f3n el Primer Encuentro del CRA, en el que como ya sabeis, nos reunimos los tres pueblos (Algay\u00f3n, Altorric\u00f3n y Vencill\u00f3n) que forman el mismo, y realizamos diversas actividades. Este a\u00f1o, nuestro Primer d\u00eda del CRA ten\u00eda como tem\u00e1tica la\u2026","rel":"","context":"En \u00abAlgay\u00f3n\u00bb","block_context":{"text":"Algay\u00f3n","link":"https:\/\/craaltorricon.catedu.es\/?cat=13"},"img":{"alt_text":"","src":"https:\/\/i0.wp.com\/img.youtube.com\/vi\/VxP_C0MoxLE\/0.jpg?resize=350%2C200","width":350,"height":200},"classes":[]},{"id":2991,"url":"https:\/\/craaltorricon.catedu.es\/?p=2991","url_meta":{"origin":2121,"position":2},"title":"\u00a1\u00a1TENEMOS ELFOS EN EL CRA!!","author":"craaltorricon","date":"10 enero, 2023","format":false,"excerpt":"Durante los d\u00edas lectivos de diciembre, en todas las aulas de nuestro colegio, en los tres pueblos, fuimos recibiendo la visita de sendos elfos, que se lo pasaron de lo lindo haciendo trastadas. As\u00ed, en un primer momento, recibimos una carta de presentaci\u00f3n, dici\u00e9ndonos qui\u00e9n era, que pretend\u00eda, y en\u2026","rel":"","context":"En \u00abAlgay\u00f3n\u00bb","block_context":{"text":"Algay\u00f3n","link":"https:\/\/craaltorricon.catedu.es\/?cat=13"},"img":{"alt_text":"","src":"","width":0,"height":0},"classes":[]},{"id":3224,"url":"https:\/\/craaltorricon.catedu.es\/?p=3224","url_meta":{"origin":2121,"position":3},"title":"FORMACI\u00d3N BIBLIOTECAS Y ANIMACI\u00d3N A LA LECTURA.","author":"CRA Altorric\u00f3n","date":"2 mayo, 2023","format":false,"excerpt":"Los docentes ense\u00f1amos, pero tambi\u00e9n debemos seguir aprendiendo y form\u00e1ndonos, reciclando nuestros conocimientos y explorando nuevas experiencias. En nuestro Plan de formaci\u00f3n de Centro, incluimos a principio de curso diversas ponencias externas, entre las cuales se engloba un tema que requiere experiencias y formaci\u00f3n espec\u00edfica, como es la animaci\u00f3n a\u2026","rel":"","context":"En \u00abAlgay\u00f3n\u00bb","block_context":{"text":"Algay\u00f3n","link":"https:\/\/craaltorricon.catedu.es\/?cat=13"},"img":{"alt_text":"","src":"","width":0,"height":0},"classes":[]},{"id":3141,"url":"https:\/\/craaltorricon.catedu.es\/?p=3141","url_meta":{"origin":2121,"position":4},"title":"EL HUERTO ESCOLAR EN INFANTIL EN EL COLEGIO DE ALTORRIC\u00d3N.","author":"CRA Altorric\u00f3n","date":"26 marzo, 2023","format":false,"excerpt":"El jueves y viernes de esta semana, en el colegio de Altorric\u00f3n, hemos comenzado con el huerto escolar. En estas l\u00edneas, hablaremos del huerto escolar en Infantil. El huerto escolar es una gran herramienta para adentrar a nuestro alumnado en las ciencias experimentales en el aula de Educaci\u00f3n infantil. A\u2026","rel":"","context":"En \u00abAltorric\u00f3n\u00bb","block_context":{"text":"Altorric\u00f3n","link":"https:\/\/craaltorricon.catedu.es\/?cat=16"},"img":{"alt_text":"","src":"","width":0,"height":0},"classes":[]},{"id":3182,"url":"https:\/\/craaltorricon.catedu.es\/?p=3182","url_meta":{"origin":2121,"position":5},"title":"CONCURSO PARA ELEGIR MASCOTA EN LA BIBLIOTECA.","author":"CRA Altorric\u00f3n","date":"6 abril, 2023","format":false,"excerpt":"Continuando con las actividades para fomentar la animaci\u00f3n a la lectura en las bibliotecas de los colegios que forman nuestro CRA, desde la comisi\u00f3n de Biblioteca de nuestro claustro, se lanz\u00f3 la idea de buscar una mascota para cada pueblo para la biblioteca de cada centro. Y as\u00ed fue. Convocamos\u2026","rel":"","context":"En \u00abAlgay\u00f3n\u00bb","block_context":{"text":"Algay\u00f3n","link":"https:\/\/craaltorricon.catedu.es\/?cat=13"},"img":{"alt_text":"","src":"","width":0,"height":0},"classes":[]}],"jetpack_likes_enabled":true,"_links":{"self":[{"href":"https:\/\/craaltorricon.catedu.es\/index.php?rest_route=\/wp\/v2\/posts\/2121","targetHints":{"allow":["GET"]}}],"collection":[{"href":"https:\/\/craaltorricon.catedu.es\/index.php?rest_route=\/wp\/v2\/posts"}],"about":[{"href":"https:\/\/craaltorricon.catedu.es\/index.php?rest_route=\/wp\/v2\/types\/post"}],"author":[{"embeddable":true,"href":"https:\/\/craaltorricon.catedu.es\/index.php?rest_route=\/wp\/v2\/users\/786"}],"replies":[{"embeddable":true,"href":"https:\/\/craaltorricon.catedu.es\/index.php?rest_route=%2Fwp%2Fv2%2Fcomments&post=2121"}],"version-history":[{"count":3,"href":"https:\/\/craaltorricon.catedu.es\/index.php?rest_route=\/wp\/v2\/posts\/2121\/revisions"}],"predecessor-version":[{"id":2128,"href":"https:\/\/craaltorricon.catedu.es\/index.php?rest_route=\/wp\/v2\/posts\/2121\/revisions\/2128"}],"wp:attachment":[{"href":"https:\/\/craaltorricon.catedu.es\/index.php?rest_route=%2Fwp%2Fv2%2Fmedia&parent=2121"}],"wp:term":[{"taxonomy":"category","embeddable":true,"href":"https:\/\/craaltorricon.catedu.es\/index.php?rest_route=%2Fwp%2Fv2%2Fcategories&post=2121"},{"taxonomy":"post_tag","embeddable":true,"href":"https:\/\/craaltorricon.catedu.es\/index.php?rest_route=%2Fwp%2Fv2%2Ftags&post=2121"}],"curies":[{"name":"wp","href":"https:\/\/api.w.org\/{rel}","templated":true}]}}