{"id":2125,"date":"2021-03-23T09:41:54","date_gmt":"2021-03-23T08:41:54","guid":{"rendered":"http:\/\/craaltorricon.catedu.es\/?p=2125"},"modified":"2021-04-21T10:21:51","modified_gmt":"2021-04-21T08:21:51","slug":"recuperacion-dias-filomena","status":"publish","type":"post","link":"https:\/\/craaltorricon.catedu.es\/?p=2125","title":{"rendered":"RECUPERACI\u00d3N DIAS FILOMENA"},"content":{"rendered":"\n<p>Tras la solicitud que os explicamos en una entrada anterior, el Ayuntamiento de Altorric\u00f3n y Vencill\u00f3n ya ha recibido respuesta y se ha confirmado el cambio de fecha para recuperar uno de los d\u00edas propuestos por la Administraci\u00f3n. Estamos a la espera de Algay\u00f3n, aunque damos por hecho que ser\u00e1 la misma.\u00a0<\/p>\n<p>El calendario quedar\u00eda de la siguiente manera:<\/p>\n<ul>\n<li>El lunes 5 de abril: FESTIVO<\/li>\n<li>El martes 6 de abril: LECTIVO<\/li>\n<li>El viernes 30 de abril: LECTIVO<\/li>\n<\/ul>\n","protected":false},"excerpt":{"rendered":"<p>Tras la solicitud que os explicamos en una entrada anterior, el Ayuntamiento de Altorric\u00f3n y Vencill\u00f3n ya ha recibido respuesta y se ha confirmado el cambio de fecha para recuperar uno de los d\u00edas propuestos por la Administraci\u00f3n. Estamos a la espera de Algay\u00f3n, aunque damos por hecho que ser\u00e1 la misma.\u00a0 El calendario quedar\u00eda <a href=\"https:\/\/craaltorricon.catedu.es\/?p=2125\" class=\"more-link\">...contin\u00faa leyendo<span class=\"screen-reader-text\"> \"RECUPERACI\u00d3N DIAS FILOMENA\"<\/span><\/a><\/p>\n","protected":false},"author":786,"featured_media":0,"comment_status":"open","ping_status":"open","sticky":false,"template":"","format":"standard","meta":{"_uag_custom_page_level_css":"","_monsterinsights_skip_tracking":false,"_monsterinsights_sitenote_active":false,"_monsterinsights_sitenote_note":"","_monsterinsights_sitenote_category":0,"jetpack_post_was_ever_published":false,"_jetpack_newsletter_access":"","_jetpack_dont_email_post_to_subs":false,"_jetpack_newsletter_tier_id":0,"_jetpack_memberships_contains_paywalled_content":false,"_jetpack_memberships_contains_paid_content":false,"footnotes":"","jetpack_publicize_message":"","jetpack_publicize_feature_enabled":true,"jetpack_social_post_already_shared":true,"jetpack_social_options":{"image_generator_settings":{"template":"highway","default_image_id":0,"font":"","enabled":false},"version":2}},"categories":[13,16,18,9,17],"tags":[],"class_list":{"0":"post-2125","1":"post","2":"type-post","3":"status-publish","4":"format-standard","6":"category-algayon","7":"category-altorricon","8":"category-cra","9":"category-novedades","10":"category-vencillon","11":"h-entry","12":"hentry","13":"h-as-article"},"jetpack_publicize_connections":[],"uagb_featured_image_src":{"full":false,"thumbnail":false,"medium":false,"medium_large":false,"large":false,"1536x1536":false,"2048x2048":false,"custom-header-image":false},"uagb_author_info":{"display_name":"admin","author_link":"https:\/\/craaltorricon.catedu.es\/?author=786"},"uagb_comment_info":0,"uagb_excerpt":"Tras la solicitud que os explicamos en una entrada anterior, el Ayuntamiento de Altorric\u00f3n y Vencill\u00f3n ya ha recibido respuesta y se ha confirmado el cambio de fecha para recuperar uno de los d\u00edas propuestos por la Administraci\u00f3n. Estamos a la espera de Algay\u00f3n, aunque damos por hecho que ser\u00e1 la misma.\u00a0 El calendario quedar\u00eda&hellip;","jetpack_featured_media_url":"","jetpack_sharing_enabled":true,"jetpack_shortlink":"https:\/\/wp.me\/p8T00Q-yh","jetpack-related-posts":[{"id":1416,"url":"https:\/\/craaltorricon.catedu.es\/?p=1416","url_meta":{"origin":2125,"position":0},"title":"Cuentacuentos","author":"admin","date":"3 mayo, 2019","format":false,"excerpt":"El pasado jueves 25 de abril, recibimos la grata visita de nuestra querida 'Cuchufleta' de la Editorial Edelvives. Primero ha amenizado con sus extraordinarios cuentos a los alumnos de Altorric\u00f3n y Algay\u00f3n, y por \u00faltimo a los de Vencill\u00f3n. Qu\u00e9 bien se lo han pasado todos!!!! Aqu\u00ed os dejamos unas\u2026","rel":"","context":"En \u00abAlgay\u00f3n\u00bb","block_context":{"text":"Algay\u00f3n","link":"https:\/\/craaltorricon.catedu.es\/?cat=13"},"img":{"alt_text":"","src":"https:\/\/i0.wp.com\/craaltorricon.catedu.es\/wp-content\/uploads\/sites\/188\/2019\/05\/WhatsApp-Image-2019-04-25-at-11.34.53-150x150.jpeg?resize=350%2C200&ssl=1","width":350,"height":200,"srcset":"https:\/\/i0.wp.com\/craaltorricon.catedu.es\/wp-content\/uploads\/sites\/188\/2019\/05\/WhatsApp-Image-2019-04-25-at-11.34.53-150x150.jpeg?resize=350%2C200&ssl=1 1x, https:\/\/i0.wp.com\/craaltorricon.catedu.es\/wp-content\/uploads\/sites\/188\/2019\/05\/WhatsApp-Image-2019-04-25-at-11.34.53-150x150.jpeg?resize=525%2C300&ssl=1 1.5x, https:\/\/i0.wp.com\/craaltorricon.catedu.es\/wp-content\/uploads\/sites\/188\/2019\/05\/WhatsApp-Image-2019-04-25-at-11.34.53-150x150.jpeg?resize=700%2C400&ssl=1 2x, https:\/\/i0.wp.com\/craaltorricon.catedu.es\/wp-content\/uploads\/sites\/188\/2019\/05\/WhatsApp-Image-2019-04-25-at-11.34.53-150x150.jpeg?resize=1050%2C600&ssl=1 3x, https:\/\/i0.wp.com\/craaltorricon.catedu.es\/wp-content\/uploads\/sites\/188\/2019\/05\/WhatsApp-Image-2019-04-25-at-11.34.53-150x150.jpeg?resize=1400%2C800&ssl=1 4x"},"classes":[]},{"id":1385,"url":"https:\/\/craaltorricon.catedu.es\/?p=1385","url_meta":{"origin":2125,"position":1},"title":"Programa de Radio &#8211; Somos Litera","author":"admin","date":"11 abril, 2019","format":false,"excerpt":"Los alumn@s de sexto del cole van a realizar ma\u00f1ana d\u00eda 12 de abril un programa de radio en directo de 11 a 12 de la ma\u00f1ana con la emisora digital Somos Litera. Os invitamos a escucharlo!!! Si no pod\u00e9is hacerlo en directo, luego queda colgado en Internet. Este primer\u2026","rel":"","context":"En \u00abAlgay\u00f3n\u00bb","block_context":{"text":"Algay\u00f3n","link":"https:\/\/craaltorricon.catedu.es\/?cat=13"},"img":{"alt_text":"","src":"","width":0,"height":0},"classes":[]},{"id":1093,"url":"https:\/\/craaltorricon.catedu.es\/?p=1093","url_meta":{"origin":2125,"position":2},"title":"Horario del Centro","author":"admin","date":"4 septiembre, 2018","format":false,"excerpt":"\u00a0 Del 10 de septiembre al 21 de septiembre y durante el mes de junio : \u00a0 HORARIO LECTIVO : 9:00 a 13:00 horas. HORARIO COMEDOR ALTORRIC\u00d3N : 13:00 a 15:00 horas. \u00a0 \u00a0 Del 24 de septiembre al 31 de mayo : \u00a0 HORARIO LECTIVO : + Lunes, martes\u2026","rel":"","context":"En \u00abAlgay\u00f3n\u00bb","block_context":{"text":"Algay\u00f3n","link":"https:\/\/craaltorricon.catedu.es\/?cat=13"},"img":{"alt_text":"","src":"","width":0,"height":0},"classes":[]},{"id":3245,"url":"https:\/\/craaltorricon.catedu.es\/?p=3245","url_meta":{"origin":2125,"position":3},"title":"Semana en el CRIE de 4\u00ba y 5\u00ba","author":"CRA Altorric\u00f3n","date":"6 mayo, 2023","format":false,"excerpt":"La semana del 17 al 21 de abril el alumnado de 4\u00ba de Vencill\u00f3n y Algay\u00f3n y el de 5\u00ba de las tres localidades fuimos al CRIE de Benabarre junto con el CRA La Llitera. Pasamos una semana estupenda, llena de actividades, excursiones y pudimos conocernos entre todos y hacer\u2026","rel":"","context":"En \u00abAlgay\u00f3n\u00bb","block_context":{"text":"Algay\u00f3n","link":"https:\/\/craaltorricon.catedu.es\/?cat=13"},"img":{"alt_text":"","src":"","width":0,"height":0},"classes":[]},{"id":3705,"url":"https:\/\/craaltorricon.catedu.es\/?p=3705","url_meta":{"origin":2125,"position":4},"title":"EXCURSI\u00d3N A ZARAGOZA","author":"CRA Altorric\u00f3n","date":"21 abril, 2025","format":false,"excerpt":"Los d\u00edas 3 y 4 de abril toda primaria fuimos a Zaragoza, unos con mejor tiempo que otros. Visitamos la f\u00e1brica de Lacasa y pudimos ver c\u00f3mo se hacen los Conguitos y los Lacasitos que nos gustan tanto. Fue muy curioso, nunca lo hab\u00edamos podido imaginar as\u00ed. Fue un viaje\u2026","rel":"","context":"En \u00abAlgay\u00f3n\u00bb","block_context":{"text":"Algay\u00f3n","link":"https:\/\/craaltorricon.catedu.es\/?cat=13"},"img":{"alt_text":"","src":"","width":0,"height":0},"classes":[]},{"id":1793,"url":"https:\/\/craaltorricon.catedu.es\/?p=1793","url_meta":{"origin":2125,"position":5},"title":"Orden ECD\/357\/2020 de 29 de abril","author":"admin","date":"15 mayo, 2020","format":false,"excerpt":"Recientemente se public\u00f3 la siguiente Orden: \u00a0\u00a0ECD\/357\/2020, de 29 de abril, por la que se establecen las directrices de actuaci\u00f3n para el desarrollo del tercer trimestre del curso escolar 2019\/2020 y la flexibilizaci\u00f3n de los procesos de evaluaci\u00f3n en los diferentes niveles y reg\u00edmenes de ense\u00f1anza.\u00a0 La misma tiene por\u2026","rel":"","context":"En \u00abAlgay\u00f3n\u00bb","block_context":{"text":"Algay\u00f3n","link":"https:\/\/craaltorricon.catedu.es\/?cat=13"},"img":{"alt_text":"","src":"","width":0,"height":0},"classes":[]}],"jetpack_likes_enabled":true,"_links":{"self":[{"href":"https:\/\/craaltorricon.catedu.es\/index.php?rest_route=\/wp\/v2\/posts\/2125","targetHints":{"allow":["GET"]}}],"collection":[{"href":"https:\/\/craaltorricon.catedu.es\/index.php?rest_route=\/wp\/v2\/posts"}],"about":[{"href":"https:\/\/craaltorricon.catedu.es\/index.php?rest_route=\/wp\/v2\/types\/post"}],"author":[{"embeddable":true,"href":"https:\/\/craaltorricon.catedu.es\/index.php?rest_route=\/wp\/v2\/users\/786"}],"replies":[{"embeddable":true,"href":"https:\/\/craaltorricon.catedu.es\/index.php?rest_route=%2Fwp%2Fv2%2Fcomments&post=2125"}],"version-history":[{"count":1,"href":"https:\/\/craaltorricon.catedu.es\/index.php?rest_route=\/wp\/v2\/posts\/2125\/revisions"}],"predecessor-version":[{"id":2126,"href":"https:\/\/craaltorricon.catedu.es\/index.php?rest_route=\/wp\/v2\/posts\/2125\/revisions\/2126"}],"wp:attachment":[{"href":"https:\/\/craaltorricon.catedu.es\/index.php?rest_route=%2Fwp%2Fv2%2Fmedia&parent=2125"}],"wp:term":[{"taxonomy":"category","embeddable":true,"href":"https:\/\/craaltorricon.catedu.es\/index.php?rest_route=%2Fwp%2Fv2%2Fcategories&post=2125"},{"taxonomy":"post_tag","embeddable":true,"href":"https:\/\/craaltorricon.catedu.es\/index.php?rest_route=%2Fwp%2Fv2%2Ftags&post=2125"}],"curies":[{"name":"wp","href":"https:\/\/api.w.org\/{rel}","templated":true}]}}