{"id":2179,"date":"2021-05-31T10:57:17","date_gmt":"2021-05-31T08:57:17","guid":{"rendered":"http:\/\/craaltorricon.catedu.es\/?p=2179"},"modified":"2021-05-31T10:57:17","modified_gmt":"2021-05-31T08:57:17","slug":"encuesta-alumnado","status":"publish","type":"post","link":"https:\/\/craaltorricon.catedu.es\/?p=2179","title":{"rendered":"ENCUESTA ALUMNADO"},"content":{"rendered":"\n<h4 style=\"text-align: center;\"><span style=\"color: #0000ff;\">ENCUESTA DIRIGIDA AL ALUMNADO QUE DURANTE EL CURSO 2019-2020 CURSABA 3\u00ba, 4\u00ba, 5\u00ba Y 6\u00ba DE PRIMARIA <\/span><span style=\"color: #0000ff;\">SOBRE IMPACTO COVID EN LA EDUCACI\u00d3N ARAGONESA.<\/span><\/h4>\n<p><span>A trav\u00e9s del enlace destacado, debajo de este p\u00e1rrafo, el <strong>alumnado que estaba el curso pasado en 3\u00ba, 4\u00ba, 5\u00ba y 6\u00ba de primaria<\/strong> podr\u00e1 responder a una encuesta que permitir\u00e1 recopilar informaci\u00f3n para conocer c\u00f3mo han vivido\u00a0 el desarrollo de las medidas sanitarias adoptadas en el \u00e1mbito educativo a ra\u00edz\u00a0de la pandemia, tanto en el periodo de confinamiento como en los \u00faltimos meses.<\/span><\/p>\n<h1 align=\"center\"><span style=\"font-size: medium;\"><a class=\"moz-txt-link-freetext\" href=\"https:\/\/cefyca.es\/encuestas\/index.php\/949724?token=22005819Fyom3&amp;newtest=Y\" target=\"_blank\" rel=\"noreferrer noopener\">https:\/\/cefyca.es\/encuestas\/index.php\/949724?token=22005819Fyom3&amp;newtest=Y<\/a><\/span><\/h1>\n<ul>\n<li>Casi todas las preguntas las podr\u00e1s contestar sin ayuda, pero puede que algunas no las entiendas. <strong>Es mejor que te ayude un adulto<\/strong> mientras respondes a la encuesta para que te explique aquello que no entiendas bien.<\/li>\n<li>La encuesta tiene car\u00e1cter<strong> voluntario, an\u00f3nimo y confidencial.<\/strong><\/li>\n<li>El tiempo aproximado para responder a esta encuesta en su totalidad es de\u00a0<b><strong>15 \u00a0minutos<\/strong><\/b>.<\/li>\n<li>Las encuestas permanecer\u00e1n accesibles para responderse hasta el d\u00eda\u00a0<b><strong>20 de junio de 2021.<\/strong><\/b><\/li>\n<\/ul>\n<p>Puedes consultar esta <a href=\"https:\/\/view.genial.ly\/608684fb19fb290dda753bb8\/interactive-content-infoencuestas\">infograf\u00eda<\/a> para m\u00e1s informaci\u00f3n. <\/p>\n<p>Muchas gracias por tu colaboraci\u00f3n.<\/p>\n<p>En la confianza de que todo tu entorno se encuentre bien, recibe un cordial saludo.<\/p>\n","protected":false},"excerpt":{"rendered":"<p>ENCUESTA DIRIGIDA AL ALUMNADO QUE DURANTE EL CURSO 2019-2020 CURSABA 3\u00ba, 4\u00ba, 5\u00ba Y 6\u00ba DE PRIMARIA SOBRE IMPACTO COVID EN LA EDUCACI\u00d3N ARAGONESA. A trav\u00e9s del enlace destacado, debajo de este p\u00e1rrafo, el alumnado que estaba el curso pasado en 3\u00ba, 4\u00ba, 5\u00ba y 6\u00ba de primaria podr\u00e1 responder a una encuesta que permitir\u00e1 <a href=\"https:\/\/craaltorricon.catedu.es\/?p=2179\" class=\"more-link\">...contin\u00faa leyendo<span class=\"screen-reader-text\"> \"ENCUESTA ALUMNADO\"<\/span><\/a><\/p>\n","protected":false},"author":786,"featured_media":0,"comment_status":"open","ping_status":"open","sticky":false,"template":"","format":"standard","meta":{"_uag_custom_page_level_css":"","_monsterinsights_skip_tracking":false,"_monsterinsights_sitenote_active":false,"_monsterinsights_sitenote_note":"","_monsterinsights_sitenote_category":0,"jetpack_post_was_ever_published":false,"_jetpack_newsletter_access":"","_jetpack_dont_email_post_to_subs":false,"_jetpack_newsletter_tier_id":0,"_jetpack_memberships_contains_paywalled_content":false,"_jetpack_memberships_contains_paid_content":false,"footnotes":"","jetpack_publicize_message":"","jetpack_publicize_feature_enabled":true,"jetpack_social_post_already_shared":true,"jetpack_social_options":{"image_generator_settings":{"template":"highway","default_image_id":0,"font":"","enabled":false},"version":2}},"categories":[13,16,18,17],"tags":[],"class_list":{"0":"post-2179","1":"post","2":"type-post","3":"status-publish","4":"format-standard","6":"category-algayon","7":"category-altorricon","8":"category-cra","9":"category-vencillon","10":"h-entry","11":"hentry","12":"h-as-article"},"jetpack_publicize_connections":[],"uagb_featured_image_src":{"full":false,"thumbnail":false,"medium":false,"medium_large":false,"large":false,"1536x1536":false,"2048x2048":false,"custom-header-image":false},"uagb_author_info":{"display_name":"admin","author_link":"https:\/\/craaltorricon.catedu.es\/?author=786"},"uagb_comment_info":0,"uagb_excerpt":"ENCUESTA DIRIGIDA AL ALUMNADO QUE DURANTE EL CURSO 2019-2020 CURSABA 3\u00ba, 4\u00ba, 5\u00ba Y 6\u00ba DE PRIMARIA SOBRE IMPACTO COVID EN LA EDUCACI\u00d3N ARAGONESA. A trav\u00e9s del enlace destacado, debajo de este p\u00e1rrafo, el alumnado que estaba el curso pasado en 3\u00ba, 4\u00ba, 5\u00ba y 6\u00ba de primaria podr\u00e1 responder a una encuesta que permitir\u00e1&hellip;","jetpack_featured_media_url":"","jetpack_sharing_enabled":true,"jetpack_shortlink":"https:\/\/wp.me\/p8T00Q-z9","jetpack-related-posts":[{"id":3337,"url":"https:\/\/craaltorricon.catedu.es\/?p=3337","url_meta":{"origin":2179,"position":0},"title":"TERMINA OTRO CURSO M\u00c1S.","author":"CRA Altorric\u00f3n","date":"2 julio, 2023","format":false,"excerpt":"\u00a1Qu\u00e9 r\u00e1pido que ha pasado el curso! \u00a1Casi sin darnos cuenta! Como llevamos unos d\u00edas comentando, la \u00faltima semana lectiva, nuestro alumnado disfrut\u00f3 de actividades de un car\u00e1cter m\u00e1s l\u00fadico, un poco m\u00e1s distendidas.Pero tambi\u00e9n quedaba el 3er encuentro del CRA, que pudimos disfrutar en Vencill\u00f3n.\u00a0As\u00ed, las 3 localidades nos\u2026","rel":"","context":"En \u00abAlgay\u00f3n\u00bb","block_context":{"text":"Algay\u00f3n","link":"https:\/\/craaltorricon.catedu.es\/?cat=13"},"img":{"alt_text":"","src":"","width":0,"height":0},"classes":[]},{"id":3122,"url":"https:\/\/craaltorricon.catedu.es\/?p=3122","url_meta":{"origin":2179,"position":1},"title":"TRABAJAMOS CON EL ALUMNADO DE 3 A\u00d1OS.","author":"CRA Altorric\u00f3n","date":"17 marzo, 2023","format":false,"excerpt":"Este curso, estamos fomentando con diversas actividades el trabajo internivelar, es decir, que el alumnado m\u00e1s peque\u00f1o sea ayudado y trabaje con los m\u00e1s mayores. Y as\u00ed, aprovechamos cada momento que se nos brinda para disfrutar de estas actividades. La maestra de la clase de 3 a\u00f1os de Altorric\u00f3n, Luci,\u2026","rel":"","context":"En \u00abAltorric\u00f3n\u00bb","block_context":{"text":"Altorric\u00f3n","link":"https:\/\/craaltorricon.catedu.es\/?cat=16"},"img":{"alt_text":"","src":"","width":0,"height":0},"classes":[]},{"id":1784,"url":"https:\/\/craaltorricon.catedu.es\/?p=1784","url_meta":{"origin":2179,"position":2},"title":"Banco de libros curso 2020\/21","author":"admin","date":"20 abril, 2020","format":false,"excerpt":"Podr\u00e1 incorporarse el alumnado que este curso, 2019\/20, est\u00e1 cursando de 2\u00ba a 6\u00ba de primaria. El alumnado de 6\u00ba de primaria dejar\u00e1 el material en el colegio y recibir\u00e1 el pr\u00f3ximo material de 1\u00ba de ESO en el instituto.","rel":"","context":"En \u00abAlgay\u00f3n\u00bb","block_context":{"text":"Algay\u00f3n","link":"https:\/\/craaltorricon.catedu.es\/?cat=13"},"img":{"alt_text":"","src":"","width":0,"height":0},"classes":[]},{"id":2153,"url":"https:\/\/craaltorricon.catedu.es\/?p=2153","url_meta":{"origin":2179,"position":3},"title":"BANCO DE LIBROS     &#8211;     Curso 2021\/2022","author":"admin","date":"21 abril, 2021","format":false,"excerpt":"Durante el pr\u00f3ximo curso nuestro CRA continuar\u00e1 con el Banco de Libros. Podr\u00e1 incorporarse el alumnado que durante el 2020\/21 est\u00e1 cursando de 2\u00ba a 6\u00ba de primaria. El alumnado de 6\u00ba de primaria dejar\u00e1 el material en el colegio y recibir\u00e1 el pr\u00f3ximo material de 1\u00ba de ESO en\u2026","rel":"","context":"En \u00abAlgay\u00f3n\u00bb","block_context":{"text":"Algay\u00f3n","link":"https:\/\/craaltorricon.catedu.es\/?cat=13"},"img":{"alt_text":"","src":"","width":0,"height":0},"classes":[]},{"id":2172,"url":"https:\/\/craaltorricon.catedu.es\/?p=2172","url_meta":{"origin":2179,"position":4},"title":"IMPACTO COVID EN LA EDUCACI\u00d3N ARAGONESA","author":"admin","date":"21 mayo, 2021","format":false,"excerpt":"DESDE EL CENTRO DE EVALUACI\u00d3N, FORMACI\u00d3N Y CALIDAD DEL GOBIERNO DE ARAG\u00d3N, NOS LLEGA LO SIGUIENTE: A trav\u00e9s del enlace destacado debajo de este p\u00e1rrafo, PADRES, MADRES y\/o TUTORES LEGALES del alumnado del centro podr\u00e1n responder a una encuesta que permitir\u00e1 recopilar informaci\u00f3n para conocer c\u00f3mo han vivido las familias\u2026","rel":"","context":"En \u00abAlgay\u00f3n\u00bb","block_context":{"text":"Algay\u00f3n","link":"https:\/\/craaltorricon.catedu.es\/?cat=13"},"img":{"alt_text":"","src":"","width":0,"height":0},"classes":[]},{"id":2961,"url":"https:\/\/craaltorricon.catedu.es\/?p=2961","url_meta":{"origin":2179,"position":5},"title":"D\u00eda de CRA","author":"CRA Altorric\u00f3n","date":"12 noviembre, 2022","format":false,"excerpt":"El jueves 27 de Octubre, celebramos en el colegio de Altorric\u00f3n el Primer Encuentro del CRA, en el que como ya sabeis, nos reunimos los tres pueblos (Algay\u00f3n, Altorric\u00f3n y Vencill\u00f3n) que forman el mismo, y realizamos diversas actividades. Este a\u00f1o, nuestro Primer d\u00eda del CRA ten\u00eda como tem\u00e1tica la\u2026","rel":"","context":"En \u00abAlgay\u00f3n\u00bb","block_context":{"text":"Algay\u00f3n","link":"https:\/\/craaltorricon.catedu.es\/?cat=13"},"img":{"alt_text":"","src":"https:\/\/i0.wp.com\/img.youtube.com\/vi\/VxP_C0MoxLE\/0.jpg?resize=350%2C200","width":350,"height":200},"classes":[]}],"jetpack_likes_enabled":true,"_links":{"self":[{"href":"https:\/\/craaltorricon.catedu.es\/index.php?rest_route=\/wp\/v2\/posts\/2179","targetHints":{"allow":["GET"]}}],"collection":[{"href":"https:\/\/craaltorricon.catedu.es\/index.php?rest_route=\/wp\/v2\/posts"}],"about":[{"href":"https:\/\/craaltorricon.catedu.es\/index.php?rest_route=\/wp\/v2\/types\/post"}],"author":[{"embeddable":true,"href":"https:\/\/craaltorricon.catedu.es\/index.php?rest_route=\/wp\/v2\/users\/786"}],"replies":[{"embeddable":true,"href":"https:\/\/craaltorricon.catedu.es\/index.php?rest_route=%2Fwp%2Fv2%2Fcomments&post=2179"}],"version-history":[{"count":1,"href":"https:\/\/craaltorricon.catedu.es\/index.php?rest_route=\/wp\/v2\/posts\/2179\/revisions"}],"predecessor-version":[{"id":2180,"href":"https:\/\/craaltorricon.catedu.es\/index.php?rest_route=\/wp\/v2\/posts\/2179\/revisions\/2180"}],"wp:attachment":[{"href":"https:\/\/craaltorricon.catedu.es\/index.php?rest_route=%2Fwp%2Fv2%2Fmedia&parent=2179"}],"wp:term":[{"taxonomy":"category","embeddable":true,"href":"https:\/\/craaltorricon.catedu.es\/index.php?rest_route=%2Fwp%2Fv2%2Fcategories&post=2179"},{"taxonomy":"post_tag","embeddable":true,"href":"https:\/\/craaltorricon.catedu.es\/index.php?rest_route=%2Fwp%2Fv2%2Ftags&post=2179"}],"curies":[{"name":"wp","href":"https:\/\/api.w.org\/{rel}","templated":true}]}}