{"id":3267,"date":"2023-05-27T13:21:00","date_gmt":"2023-05-27T11:21:00","guid":{"rendered":"https:\/\/craaltorricon.catedu.es\/?p=3267"},"modified":"2023-05-26T19:35:29","modified_gmt":"2023-05-26T17:35:29","slug":"keith-haring-en-vencillon","status":"publish","type":"post","link":"https:\/\/craaltorricon.catedu.es\/?p=3267","title":{"rendered":"KEITH HARING EN VENCILL\u00d3N"},"content":{"rendered":"\n<div>Keith Haring fue el graffitero m\u00e1s importante de los a\u00f1os 80. A trav\u00e9s de este pintor nos estamos adentrando en el\u00a0<b>ARTE URBANO<\/b>.\u00a0<\/div>\n<div>\u00a0<\/div>\n<div>Lo estamos trabajando de distintas maneras: dibujando, pintando, con plastilina, con papel de aluminio.. pero hoy os queremos ense\u00f1ar c\u00f3mo hemos representado algunas de sus obras con nuestros cuerpos.\u00a0<\/div>\n<div>\u00a0<\/div>\n<div>Nos hemos divertido mucho haci\u00e9ndolo, esperamos que os guste.<\/div>\n\n\n\n<iframe loading=\"lazy\" src=\"https:\/\/drive.google.com\/file\/d\/16vzkKDexGrZcHho3eEqom5NzTYzFHZqQ\/preview\" width=\"640\" height=\"480\" allow=\"autoplay\"><\/iframe>\n","protected":false},"excerpt":{"rendered":"<p>Keith Haring fue el graffitero m\u00e1s importante de los a\u00f1os 80. A trav\u00e9s de este pintor nos estamos adentrando en el\u00a0ARTE URBANO.\u00a0 \u00a0 Lo estamos trabajando de distintas maneras: dibujando, pintando, con plastilina, con papel de aluminio.. pero hoy os queremos ense\u00f1ar c\u00f3mo hemos representado algunas de sus obras con nuestros cuerpos.\u00a0 \u00a0 Nos hemos <a href=\"https:\/\/craaltorricon.catedu.es\/?p=3267\" class=\"more-link\">...contin\u00faa leyendo<span class=\"screen-reader-text\"> \"KEITH HARING EN VENCILL\u00d3N\"<\/span><\/a><\/p>\n","protected":false},"author":790,"featured_media":0,"comment_status":"open","ping_status":"open","sticky":false,"template":"","format":"standard","meta":{"_uag_custom_page_level_css":"","_monsterinsights_skip_tracking":false,"_monsterinsights_sitenote_active":false,"_monsterinsights_sitenote_note":"","_monsterinsights_sitenote_category":0,"jetpack_post_was_ever_published":false,"_jetpack_newsletter_access":"","_jetpack_dont_email_post_to_subs":false,"_jetpack_newsletter_tier_id":0,"_jetpack_memberships_contains_paywalled_content":false,"_jetpack_memberships_contains_paid_content":false,"footnotes":"","jetpack_publicize_message":"","jetpack_publicize_feature_enabled":true,"jetpack_social_post_already_shared":true,"jetpack_social_options":{"image_generator_settings":{"template":"highway","default_image_id":0,"font":"","enabled":false},"version":2}},"categories":[17],"tags":[],"class_list":{"0":"post-3267","1":"post","2":"type-post","3":"status-publish","4":"format-standard","6":"category-vencillon","7":"h-entry","8":"hentry","9":"h-as-article"},"jetpack_publicize_connections":[],"uagb_featured_image_src":{"full":false,"thumbnail":false,"medium":false,"medium_large":false,"large":false,"1536x1536":false,"2048x2048":false,"custom-header-image":false},"uagb_author_info":{"display_name":"CRA Altorric\u00f3n","author_link":"https:\/\/craaltorricon.catedu.es\/?author=790"},"uagb_comment_info":0,"uagb_excerpt":"Keith Haring fue el graffitero m\u00e1s importante de los a\u00f1os 80. A trav\u00e9s de este pintor nos estamos adentrando en el\u00a0ARTE URBANO.\u00a0 \u00a0 Lo estamos trabajando de distintas maneras: dibujando, pintando, con plastilina, con papel de aluminio.. pero hoy os queremos ense\u00f1ar c\u00f3mo hemos representado algunas de sus obras con nuestros cuerpos.\u00a0 \u00a0 Nos hemos&hellip;","jetpack_featured_media_url":"","jetpack_sharing_enabled":true,"jetpack_shortlink":"https:\/\/wp.me\/p8T00Q-QH","jetpack-related-posts":[{"id":2348,"url":"https:\/\/craaltorricon.catedu.es\/?p=2348","url_meta":{"origin":3267,"position":0},"title":"Experimentamos con colores en Vencill\u00f3n","author":"admin","date":"2 octubre, 2021","format":false,"excerpt":"En Vencill\u00f3n, este curso escolar, tenemos habilitada el aula de art\u00edstica. \u00a1Nos encanta ir! Casi todas las actividades pl\u00e1sticas las realizamos all\u00ed porque tenemos muchos materiales nuevos que nos encantan...Hoy hemos experimentado con los colores B\u00c1SICOS para obtener los SECUNDARIOS haciendo mezclas con t\u00e9mperas. \u00a0 A continuaci\u00f3n, hemos pintado sobre\u2026","rel":"","context":"En \u00abVencill\u00f3n\u00bb","block_context":{"text":"Vencill\u00f3n","link":"https:\/\/craaltorricon.catedu.es\/?cat=17"},"img":{"alt_text":"","src":"https:\/\/i0.wp.com\/craaltorricon.catedu.es\/wp-content\/uploads\/sites\/188\/2021\/10\/20210930_090438-scaled.jpg?resize=350%2C200&ssl=1","width":350,"height":200,"srcset":"https:\/\/i0.wp.com\/craaltorricon.catedu.es\/wp-content\/uploads\/sites\/188\/2021\/10\/20210930_090438-scaled.jpg?resize=350%2C200&ssl=1 1x, https:\/\/i0.wp.com\/craaltorricon.catedu.es\/wp-content\/uploads\/sites\/188\/2021\/10\/20210930_090438-scaled.jpg?resize=525%2C300&ssl=1 1.5x, https:\/\/i0.wp.com\/craaltorricon.catedu.es\/wp-content\/uploads\/sites\/188\/2021\/10\/20210930_090438-scaled.jpg?resize=700%2C400&ssl=1 2x, https:\/\/i0.wp.com\/craaltorricon.catedu.es\/wp-content\/uploads\/sites\/188\/2021\/10\/20210930_090438-scaled.jpg?resize=1050%2C600&ssl=1 3x, https:\/\/i0.wp.com\/craaltorricon.catedu.es\/wp-content\/uploads\/sites\/188\/2021\/10\/20210930_090438-scaled.jpg?resize=1400%2C800&ssl=1 4x"},"classes":[]},{"id":3213,"url":"https:\/\/craaltorricon.catedu.es\/?p=3213","url_meta":{"origin":3267,"position":1},"title":"Presentaci\u00f3n en el CRIE de Benabarre","author":"CRA Altorric\u00f3n","date":"17 abril, 2023","format":false,"excerpt":"Ahora mismo, el alumnado de 5\u00ba y algunos de 4\u00ba, estamos presentando nuestro centro con nuestras localidades y a nosotros mismos, en el CRIE de Benabarre. Os iremos informando de nuestra semana en el canal de Telegram creado para la ocasi\u00f3n. Aqu\u00ed pod\u00e9is ver el v\u00eddeo de presentaci\u00f3n que hemos\u2026","rel":"","context":"En \u00abAlgay\u00f3n\u00bb","block_context":{"text":"Algay\u00f3n","link":"https:\/\/craaltorricon.catedu.es\/?cat=13"},"img":{"alt_text":"","src":"","width":0,"height":0},"classes":[]},{"id":3099,"url":"https:\/\/craaltorricon.catedu.es\/?p=3099","url_meta":{"origin":3267,"position":2},"title":"Ukeleles en Vencill\u00f3n","author":"CRA Altorric\u00f3n","date":"2 marzo, 2023","format":false,"excerpt":"Os queremos ense\u00f1ar el talento oculto que tenemos en la m\u00fasica... \u00a1tocar el ukelele!\u00a0 Os dejamos aqu\u00ed las canciones que hemos ido practicando este trimestre, algunas m\u00e1s dif\u00edciles que otras.\u00a0 Nos hemos esforzado mucho y esperamos que os guste.\u00a0 \u00a0 P.D. Si veis que nos equivocamos\u2026 no nos lo teng\u00e1is\u2026","rel":"","context":"En \u00abVencill\u00f3n\u00bb","block_context":{"text":"Vencill\u00f3n","link":"https:\/\/craaltorricon.catedu.es\/?cat=17"},"img":{"alt_text":"","src":"https:\/\/i0.wp.com\/img.youtube.com\/vi\/8yA7oQbHL9I\/0.jpg?resize=350%2C200","width":350,"height":200},"classes":[]},{"id":1587,"url":"https:\/\/craaltorricon.catedu.es\/?p=1587","url_meta":{"origin":3267,"position":3},"title":"TRABAJAMOS LAS C\u00c9LULAS EN VENCILL\u00d3N","author":"admin","date":"17 octubre, 2019","format":false,"excerpt":"Los alumnos de 5\u00b0 y 6\u00b0 de Vencill\u00f3n hemos realizado un trabajo en equipos en el que hemos elaborado una c\u00e9lula animal y otra vegetal, empleando materiales muy diversos (plastilina, goma eva, porexpan y todo lo que se nos ha ocurrido...) y lo hemos expuesto a nuestros compa\u00f1eros. Aqu\u00ed ten\u00e9is\u2026","rel":"","context":"En \u00abNovedades\u00bb","block_context":{"text":"Novedades","link":"https:\/\/craaltorricon.catedu.es\/?cat=9"},"img":{"alt_text":"","src":"https:\/\/i0.wp.com\/craaltorricon.catedu.es\/wp-content\/uploads\/sites\/188\/2019\/10\/IMG_20191007_114940-150x150.jpg?resize=350%2C200&ssl=1","width":350,"height":200,"srcset":"https:\/\/i0.wp.com\/craaltorricon.catedu.es\/wp-content\/uploads\/sites\/188\/2019\/10\/IMG_20191007_114940-150x150.jpg?resize=350%2C200&ssl=1 1x, https:\/\/i0.wp.com\/craaltorricon.catedu.es\/wp-content\/uploads\/sites\/188\/2019\/10\/IMG_20191007_114940-150x150.jpg?resize=525%2C300&ssl=1 1.5x, https:\/\/i0.wp.com\/craaltorricon.catedu.es\/wp-content\/uploads\/sites\/188\/2019\/10\/IMG_20191007_114940-150x150.jpg?resize=700%2C400&ssl=1 2x, https:\/\/i0.wp.com\/craaltorricon.catedu.es\/wp-content\/uploads\/sites\/188\/2019\/10\/IMG_20191007_114940-150x150.jpg?resize=1050%2C600&ssl=1 3x, https:\/\/i0.wp.com\/craaltorricon.catedu.es\/wp-content\/uploads\/sites\/188\/2019\/10\/IMG_20191007_114940-150x150.jpg?resize=1400%2C800&ssl=1 4x"},"classes":[]},{"id":1612,"url":"https:\/\/craaltorricon.catedu.es\/?p=1612","url_meta":{"origin":3267,"position":4},"title":"LA PREHISTORIA EN VENCILL\u00d3N","author":"admin","date":"27 noviembre, 2019","format":false,"excerpt":"Los ni\u00f1os\/as de infantil de Vencill\u00f3n, hemos investigado sobre la prehistoria. \u00bfQui\u00e9nes eran los \"prehist\u00f3ricos\", d\u00f3nde viv\u00edan, qu\u00e9 com\u00edan...?Empezamos preparando la cueva y decor\u00e1ndola con pinturas rupestres. Hemos pintado con pigmentos naturales, elaborado collares con arcilla y \"colmillos de mamut\", nuestros vestidos...Y ahora, \u00bfqu\u00e9 nos falta? \u00a1Las armas y a\u2026","rel":"","context":"En \u00abNovedades\u00bb","block_context":{"text":"Novedades","link":"https:\/\/craaltorricon.catedu.es\/?cat=9"},"img":{"alt_text":"","src":"https:\/\/i0.wp.com\/craaltorricon.catedu.es\/wp-content\/uploads\/sites\/188\/2019\/11\/1-150x150.jpg?resize=350%2C200&ssl=1","width":350,"height":200,"srcset":"https:\/\/i0.wp.com\/craaltorricon.catedu.es\/wp-content\/uploads\/sites\/188\/2019\/11\/1-150x150.jpg?resize=350%2C200&ssl=1 1x, https:\/\/i0.wp.com\/craaltorricon.catedu.es\/wp-content\/uploads\/sites\/188\/2019\/11\/1-150x150.jpg?resize=525%2C300&ssl=1 1.5x, https:\/\/i0.wp.com\/craaltorricon.catedu.es\/wp-content\/uploads\/sites\/188\/2019\/11\/1-150x150.jpg?resize=700%2C400&ssl=1 2x, https:\/\/i0.wp.com\/craaltorricon.catedu.es\/wp-content\/uploads\/sites\/188\/2019\/11\/1-150x150.jpg?resize=1050%2C600&ssl=1 3x, https:\/\/i0.wp.com\/craaltorricon.catedu.es\/wp-content\/uploads\/sites\/188\/2019\/11\/1-150x150.jpg?resize=1400%2C800&ssl=1 4x"},"classes":[]},{"id":3687,"url":"https:\/\/craaltorricon.catedu.es\/?p=3687","url_meta":{"origin":3267,"position":5},"title":"Celebrando el D\u00eda de la Mujer en Nuestro CRA","author":"admin","date":"14 marzo, 2025","format":false,"excerpt":"El pasado s\u00e1bado 8 de marzo, se celebr\u00f3 el D\u00eda Internacional de la Mujer. Durante esa semana, las alumnas y alumnos de Altorric\u00f3n, Algay\u00f3n y Vencill\u00f3n realizaron una serie de actividades para comprender la importancia de este d\u00eda y los motivos detr\u00e1s de su celebraci\u00f3n. Desde los m\u00e1s peque\u00f1os hasta\u2026","rel":"","context":"En \u00abAlgay\u00f3n\u00bb","block_context":{"text":"Algay\u00f3n","link":"https:\/\/craaltorricon.catedu.es\/?cat=13"},"img":{"alt_text":"","src":"","width":0,"height":0},"classes":[]}],"jetpack_likes_enabled":true,"_links":{"self":[{"href":"https:\/\/craaltorricon.catedu.es\/index.php?rest_route=\/wp\/v2\/posts\/3267","targetHints":{"allow":["GET"]}}],"collection":[{"href":"https:\/\/craaltorricon.catedu.es\/index.php?rest_route=\/wp\/v2\/posts"}],"about":[{"href":"https:\/\/craaltorricon.catedu.es\/index.php?rest_route=\/wp\/v2\/types\/post"}],"author":[{"embeddable":true,"href":"https:\/\/craaltorricon.catedu.es\/index.php?rest_route=\/wp\/v2\/users\/790"}],"replies":[{"embeddable":true,"href":"https:\/\/craaltorricon.catedu.es\/index.php?rest_route=%2Fwp%2Fv2%2Fcomments&post=3267"}],"version-history":[{"count":2,"href":"https:\/\/craaltorricon.catedu.es\/index.php?rest_route=\/wp\/v2\/posts\/3267\/revisions"}],"predecessor-version":[{"id":3270,"href":"https:\/\/craaltorricon.catedu.es\/index.php?rest_route=\/wp\/v2\/posts\/3267\/revisions\/3270"}],"wp:attachment":[{"href":"https:\/\/craaltorricon.catedu.es\/index.php?rest_route=%2Fwp%2Fv2%2Fmedia&parent=3267"}],"wp:term":[{"taxonomy":"category","embeddable":true,"href":"https:\/\/craaltorricon.catedu.es\/index.php?rest_route=%2Fwp%2Fv2%2Fcategories&post=3267"},{"taxonomy":"post_tag","embeddable":true,"href":"https:\/\/craaltorricon.catedu.es\/index.php?rest_route=%2Fwp%2Fv2%2Ftags&post=3267"}],"curies":[{"name":"wp","href":"https:\/\/api.w.org\/{rel}","templated":true}]}}