{"id":3337,"date":"2023-07-02T11:37:23","date_gmt":"2023-07-02T09:37:23","guid":{"rendered":"https:\/\/craaltorricon.catedu.es\/?p=3337"},"modified":"2023-07-02T11:37:23","modified_gmt":"2023-07-02T09:37:23","slug":"termina-otro-curso-mas","status":"publish","type":"post","link":"https:\/\/craaltorricon.catedu.es\/?p=3337","title":{"rendered":"TERMINA OTRO CURSO M\u00c1S."},"content":{"rendered":"\n<p>\u00a1Qu\u00e9 r\u00e1pido que ha pasado el curso! \u00a1Casi sin darnos cuenta! Como llevamos unos d\u00edas comentando, la \u00faltima semana lectiva, nuestro alumnado disfrut\u00f3 de actividades de un car\u00e1cter m\u00e1s l\u00fadico, un poco m\u00e1s distendidas.<br \/>Pero tambi\u00e9n quedaba el 3er encuentro del CRA, que pudimos disfrutar en Vencill\u00f3n.\u00a0<br \/>As\u00ed, las 3 localidades nos juntamos en dicho pueblo y disfrutamos de un d\u00eda de convivencia y muchas emociones.<br \/>Todo comenz\u00f3 con una canci\u00f3n que cantaron y bailaron el alumnado de 5 a\u00f1os. Al acabar recibieron las orlas de manos de sus compa\u00f1eros de 1\u00ba de educaci\u00f3n primaria con dedicatoria incluida. Toda esta parte, fue presentada por el alumnado de 6\u00ba, que dirig\u00eda el evento. Posteriormente, los m\u00e1s mayores nos dieron las gracias y explicaron sus recuerdos de alguna\u00a0parte de su escolaridad.<\/p>\n<p>El alumnado de 5\u00ba continu\u00f3 presentando el acto y el alumnado de 6\u00ba nos regal\u00f3 una canci\u00f3n hecha con percusi\u00f3n y con tem\u00e1tica de cine. Seguidamente se entregaron las orlas al alumnado de 6\u00ba y para finalizar con una canci\u00f3n que todo el CRA dedicaba a los de 6\u00ba.<br \/>Desayunamos torta y chocolate, y despu\u00e9s disfrutamos con una fiesta de la espuma, distribuida por grupos y por edades.<br \/>Cabe decir que, fue un d\u00eda muy bonito, lleno de sentimientos y emociones. Participamos maestros y alumnado en un acto, cuyos protagonistas indiscutibles fueron los chicos y chicas de 5 a\u00f1os, que empiezan primaria, y los 6\u00ba, que el a\u00f1o que viene comienzan en el instituto.<\/p>\n<p>Por eso, buena suerte a todos, nos vemos pronto y <strong>\u00a1buen verano!<\/strong><\/p>\n<h3 style=\"text-align: center;\"><span style=\"color: #ff6600;\">Graduaci\u00f3n 5 a\u00f1os<\/span><\/h3>\n\n\n\n<iframe loading=\"lazy\" src=\"https:\/\/drive.google.com\/file\/d\/1eBN9Zif6OmGNOJRIBId3waKwFKUH08Ie\/preview\" width=\"640\" height=\"480\" allow=\"autoplay\"><\/iframe>\n\n\n\n<h3 style=\"text-align: center;\"><span style=\"color: #ff6600;\">Graduaci\u00f3n 6\u00ba y desayuno<\/span><\/h3>\n\n\n\n<iframe loading=\"lazy\" src=\"https:\/\/drive.google.com\/file\/d\/1L71e_tyVbNwZH7TT2UjMZNrOewWpsOqV\/preview\" width=\"640\" height=\"480\" allow=\"autoplay\"><\/iframe>\n\n\n\n<h3 style=\"text-align: center;\"><span style=\"color: #ff6600;\">Fiesta de la espuma<\/span><\/h3>\n\n\n\n<iframe loading=\"lazy\" src=\"https:\/\/drive.google.com\/file\/d\/1m4J_rAdbqH2bzaqA9_W_JTAa8K7WvGBa\/preview\" width=\"640\" height=\"480\" allow=\"autoplay\"><\/iframe>\n","protected":false},"excerpt":{"rendered":"<p>\u00a1Qu\u00e9 r\u00e1pido que ha pasado el curso! \u00a1Casi sin darnos cuenta! Como llevamos unos d\u00edas comentando, la \u00faltima semana lectiva, nuestro alumnado disfrut\u00f3 de actividades de un car\u00e1cter m\u00e1s l\u00fadico, un poco m\u00e1s distendidas.Pero tambi\u00e9n quedaba el 3er encuentro del CRA, que pudimos disfrutar en Vencill\u00f3n.\u00a0As\u00ed, las 3 localidades nos juntamos en dicho pueblo y <a href=\"https:\/\/craaltorricon.catedu.es\/?p=3337\" class=\"more-link\">...contin\u00faa leyendo<span class=\"screen-reader-text\"> \"TERMINA OTRO CURSO M\u00c1S.\"<\/span><\/a><\/p>\n","protected":false},"author":790,"featured_media":0,"comment_status":"open","ping_status":"open","sticky":false,"template":"","format":"standard","meta":{"_uag_custom_page_level_css":"","_monsterinsights_skip_tracking":false,"_monsterinsights_sitenote_active":false,"_monsterinsights_sitenote_note":"","_monsterinsights_sitenote_category":0,"jetpack_post_was_ever_published":false,"_jetpack_newsletter_access":"","_jetpack_dont_email_post_to_subs":false,"_jetpack_newsletter_tier_id":0,"_jetpack_memberships_contains_paywalled_content":false,"_jetpack_memberships_contains_paid_content":false,"footnotes":"","jetpack_publicize_message":"","jetpack_publicize_feature_enabled":true,"jetpack_social_post_already_shared":true,"jetpack_social_options":{"image_generator_settings":{"template":"highway","default_image_id":0,"font":"","enabled":false},"version":2}},"categories":[13,16,17],"tags":[],"class_list":{"0":"post-3337","1":"post","2":"type-post","3":"status-publish","4":"format-standard","6":"category-algayon","7":"category-altorricon","8":"category-vencillon","9":"h-entry","10":"hentry","11":"h-as-article"},"jetpack_publicize_connections":[],"uagb_featured_image_src":{"full":false,"thumbnail":false,"medium":false,"medium_large":false,"large":false,"1536x1536":false,"2048x2048":false,"custom-header-image":false},"uagb_author_info":{"display_name":"CRA Altorric\u00f3n","author_link":"https:\/\/craaltorricon.catedu.es\/?author=790"},"uagb_comment_info":0,"uagb_excerpt":"\u00a1Qu\u00e9 r\u00e1pido que ha pasado el curso! \u00a1Casi sin darnos cuenta! Como llevamos unos d\u00edas comentando, la \u00faltima semana lectiva, nuestro alumnado disfrut\u00f3 de actividades de un car\u00e1cter m\u00e1s l\u00fadico, un poco m\u00e1s distendidas.Pero tambi\u00e9n quedaba el 3er encuentro del CRA, que pudimos disfrutar en Vencill\u00f3n.\u00a0As\u00ed, las 3 localidades nos juntamos en dicho pueblo y&hellip;","jetpack_featured_media_url":"","jetpack_sharing_enabled":true,"jetpack_shortlink":"https:\/\/wp.me\/p8T00Q-RP","jetpack-related-posts":[{"id":3122,"url":"https:\/\/craaltorricon.catedu.es\/?p=3122","url_meta":{"origin":3337,"position":0},"title":"TRABAJAMOS CON EL ALUMNADO DE 3 A\u00d1OS.","author":"CRA Altorric\u00f3n","date":"17 marzo, 2023","format":false,"excerpt":"Este curso, estamos fomentando con diversas actividades el trabajo internivelar, es decir, que el alumnado m\u00e1s peque\u00f1o sea ayudado y trabaje con los m\u00e1s mayores. Y as\u00ed, aprovechamos cada momento que se nos brinda para disfrutar de estas actividades. La maestra de la clase de 3 a\u00f1os de Altorric\u00f3n, Luci,\u2026","rel":"","context":"En \u00abAltorric\u00f3n\u00bb","block_context":{"text":"Altorric\u00f3n","link":"https:\/\/craaltorricon.catedu.es\/?cat=16"},"img":{"alt_text":"","src":"","width":0,"height":0},"classes":[]},{"id":2961,"url":"https:\/\/craaltorricon.catedu.es\/?p=2961","url_meta":{"origin":3337,"position":1},"title":"D\u00eda de CRA","author":"CRA Altorric\u00f3n","date":"12 noviembre, 2022","format":false,"excerpt":"El jueves 27 de Octubre, celebramos en el colegio de Altorric\u00f3n el Primer Encuentro del CRA, en el que como ya sabeis, nos reunimos los tres pueblos (Algay\u00f3n, Altorric\u00f3n y Vencill\u00f3n) que forman el mismo, y realizamos diversas actividades. Este a\u00f1o, nuestro Primer d\u00eda del CRA ten\u00eda como tem\u00e1tica la\u2026","rel":"","context":"En \u00abAlgay\u00f3n\u00bb","block_context":{"text":"Algay\u00f3n","link":"https:\/\/craaltorricon.catedu.es\/?cat=13"},"img":{"alt_text":"","src":"https:\/\/i0.wp.com\/img.youtube.com\/vi\/VxP_C0MoxLE\/0.jpg?resize=350%2C200","width":350,"height":200},"classes":[]},{"id":3248,"url":"https:\/\/craaltorricon.catedu.es\/?p=3248","url_meta":{"origin":3337,"position":2},"title":"EXCURSI\u00d3N FIN DE CURSO de 3\u00ba a 6\u00ba","author":"CRA Altorric\u00f3n","date":"15 mayo, 2023","format":false,"excerpt":"Y estamos llegando a nuestra recta final, pues vamos adentr\u00e1ndonos en mayo\u2026 sabemos que solo nos quedan un par de meses, y hay que sacarles partido y aprovecharlos al m\u00e1ximo. Ese es el pensamiento que tenemos todos, alumnado y el claustro del profesorado, cada uno con sus razones loables y\u2026","rel":"","context":"En \u00abAlgay\u00f3n\u00bb","block_context":{"text":"Algay\u00f3n","link":"https:\/\/craaltorricon.catedu.es\/?cat=13"},"img":{"alt_text":"","src":"","width":0,"height":0},"classes":[]},{"id":2179,"url":"https:\/\/craaltorricon.catedu.es\/?p=2179","url_meta":{"origin":3337,"position":3},"title":"ENCUESTA ALUMNADO","author":"admin","date":"31 mayo, 2021","format":false,"excerpt":"ENCUESTA DIRIGIDA AL ALUMNADO QUE DURANTE EL CURSO 2019-2020 CURSABA 3\u00ba, 4\u00ba, 5\u00ba Y 6\u00ba DE PRIMARIA SOBRE IMPACTO COVID EN LA EDUCACI\u00d3N ARAGONESA. A trav\u00e9s del enlace destacado, debajo de este p\u00e1rrafo, el alumnado que estaba el curso pasado en 3\u00ba, 4\u00ba, 5\u00ba y 6\u00ba de primaria podr\u00e1 responder\u2026","rel":"","context":"En \u00abAlgay\u00f3n\u00bb","block_context":{"text":"Algay\u00f3n","link":"https:\/\/craaltorricon.catedu.es\/?cat=13"},"img":{"alt_text":"","src":"","width":0,"height":0},"classes":[]},{"id":2228,"url":"https:\/\/craaltorricon.catedu.es\/?p=2228","url_meta":{"origin":3337,"position":4},"title":"Fin de curso","author":"admin","date":"19 junio, 2021","format":false,"excerpt":"No ha sido un curso f\u00e1cil pero juntos hemos logrado llegar hasta el final, sois unos campeones y campeonas, \u00a1\u00a1ENHORABUENA!! Cada final de curso nos toca despedir al alumnado de 6\u00ba, este a\u00f1o tambi\u00e9n ha sido especial y no nos hemos podido juntar presencialmente, pero s\u00ed virtualmente.\u00a0 Empezamos con la\u2026","rel":"","context":"En \u00abAlgay\u00f3n\u00bb","block_context":{"text":"Algay\u00f3n","link":"https:\/\/craaltorricon.catedu.es\/?cat=13"},"img":{"alt_text":"","src":"https:\/\/i0.wp.com\/img.youtube.com\/vi\/yxc1OwknGLE\/0.jpg?resize=350%2C200","width":350,"height":200},"classes":[]},{"id":3201,"url":"https:\/\/craaltorricon.catedu.es\/?p=3201","url_meta":{"origin":3337,"position":5},"title":"JUEVES 30 DE MARZO: 2\u00ba D\u00cdA DEL CRA.","author":"CRA Altorric\u00f3n","date":"7 abril, 2023","format":false,"excerpt":"Ya sab\u00e9is que, una vez al trimestre, nos encontramos todo el alumnado y el claustro de profesorado en los llamados \u201cEncuentros del CRA\u201d. Siempre realizamos diversas actividades de convivencia, pues son buenos momentos para vivir, jugar, charlar y estar con ni\u00f1os y maestros que no vemos en nuestro d\u00eda a\u2026","rel":"","context":"En \u00abAlgay\u00f3n\u00bb","block_context":{"text":"Algay\u00f3n","link":"https:\/\/craaltorricon.catedu.es\/?cat=13"},"img":{"alt_text":"","src":"","width":0,"height":0},"classes":[]}],"jetpack_likes_enabled":true,"_links":{"self":[{"href":"https:\/\/craaltorricon.catedu.es\/index.php?rest_route=\/wp\/v2\/posts\/3337","targetHints":{"allow":["GET"]}}],"collection":[{"href":"https:\/\/craaltorricon.catedu.es\/index.php?rest_route=\/wp\/v2\/posts"}],"about":[{"href":"https:\/\/craaltorricon.catedu.es\/index.php?rest_route=\/wp\/v2\/types\/post"}],"author":[{"embeddable":true,"href":"https:\/\/craaltorricon.catedu.es\/index.php?rest_route=\/wp\/v2\/users\/790"}],"replies":[{"embeddable":true,"href":"https:\/\/craaltorricon.catedu.es\/index.php?rest_route=%2Fwp%2Fv2%2Fcomments&post=3337"}],"version-history":[{"count":6,"href":"https:\/\/craaltorricon.catedu.es\/index.php?rest_route=\/wp\/v2\/posts\/3337\/revisions"}],"predecessor-version":[{"id":3354,"href":"https:\/\/craaltorricon.catedu.es\/index.php?rest_route=\/wp\/v2\/posts\/3337\/revisions\/3354"}],"wp:attachment":[{"href":"https:\/\/craaltorricon.catedu.es\/index.php?rest_route=%2Fwp%2Fv2%2Fmedia&parent=3337"}],"wp:term":[{"taxonomy":"category","embeddable":true,"href":"https:\/\/craaltorricon.catedu.es\/index.php?rest_route=%2Fwp%2Fv2%2Fcategories&post=3337"},{"taxonomy":"post_tag","embeddable":true,"href":"https:\/\/craaltorricon.catedu.es\/index.php?rest_route=%2Fwp%2Fv2%2Ftags&post=3337"}],"curies":[{"name":"wp","href":"https:\/\/api.w.org\/{rel}","templated":true}]}}