{"id":3378,"date":"2023-09-21T11:25:30","date_gmt":"2023-09-21T09:25:30","guid":{"rendered":"https:\/\/craaltorricon.catedu.es\/?p=3378"},"modified":"2023-10-04T08:19:45","modified_gmt":"2023-10-04T06:19:45","slug":"calendario-escolar-curso-2023-2024","status":"publish","type":"post","link":"https:\/\/craaltorricon.catedu.es\/?p=3378","title":{"rendered":"Calendario escolar curso 2023-2024"},"content":{"rendered":"\n<iframe loading=\"lazy\" src=\"https:\/\/drive.google.com\/file\/d\/1WE8uXclIAiS-HA0SZamNSyrsa8F6lhTC\/preview\" width=\"640\" height=\"480\" allow=\"autoplay\"><\/iframe>\n","protected":false},"excerpt":{"rendered":"","protected":false},"author":790,"featured_media":0,"comment_status":"open","ping_status":"open","sticky":false,"template":"","format":"standard","meta":{"_uag_custom_page_level_css":"","_monsterinsights_skip_tracking":false,"_monsterinsights_sitenote_active":false,"_monsterinsights_sitenote_note":"","_monsterinsights_sitenote_category":0,"jetpack_post_was_ever_published":false,"_jetpack_newsletter_access":"","_jetpack_dont_email_post_to_subs":false,"_jetpack_newsletter_tier_id":0,"_jetpack_memberships_contains_paywalled_content":false,"_jetpack_memberships_contains_paid_content":false,"footnotes":"","jetpack_publicize_message":"","jetpack_publicize_feature_enabled":true,"jetpack_social_post_already_shared":true,"jetpack_social_options":{"image_generator_settings":{"template":"highway","default_image_id":0,"font":"","enabled":false},"version":2}},"categories":[13,16,18,17],"tags":[],"class_list":{"0":"post-3378","1":"post","2":"type-post","3":"status-publish","4":"format-standard","6":"category-algayon","7":"category-altorricon","8":"category-cra","9":"category-vencillon","10":"h-entry","11":"hentry","12":"h-as-article"},"jetpack_publicize_connections":[],"uagb_featured_image_src":{"full":false,"thumbnail":false,"medium":false,"medium_large":false,"large":false,"1536x1536":false,"2048x2048":false,"custom-header-image":false},"uagb_author_info":{"display_name":"CRA Altorric\u00f3n","author_link":"https:\/\/craaltorricon.catedu.es\/?author=790"},"uagb_comment_info":0,"uagb_excerpt":null,"jetpack_featured_media_url":"","jetpack_sharing_enabled":true,"jetpack_shortlink":"https:\/\/wp.me\/p8T00Q-Su","jetpack-related-posts":[{"id":3832,"url":"https:\/\/craaltorricon.catedu.es\/?p=3832","url_meta":{"origin":3378,"position":0},"title":"CALENDARIO ELECCIONES CONSEJO ESCOLAR 2025\/2026","author":"CRA Altorric\u00f3n","date":"6 noviembre, 2025","format":false,"excerpt":"","rel":"","context":"En \u00abAlgay\u00f3n\u00bb","block_context":{"text":"Algay\u00f3n","link":"https:\/\/craaltorricon.catedu.es\/?cat=13"},"img":{"alt_text":"","src":"","width":0,"height":0},"classes":[]},{"id":2855,"url":"https:\/\/craaltorricon.catedu.es\/?p=2855","url_meta":{"origin":3378,"position":1},"title":"LISTADO DE LIBROS Y MATERIAL ESCOLAR CURSO 2022-2023","author":"admin","date":"30 junio, 2022","format":false,"excerpt":"","rel":"","context":"En \u00abAlgay\u00f3n\u00bb","block_context":{"text":"Algay\u00f3n","link":"https:\/\/craaltorricon.catedu.es\/?cat=13"},"img":{"alt_text":"","src":"","width":0,"height":0},"classes":[]},{"id":3346,"url":"https:\/\/craaltorricon.catedu.es\/?p=3346","url_meta":{"origin":3378,"position":2},"title":"Listado materiales curso 2023-24","author":"CRA Altorric\u00f3n","date":"2 julio, 2023","format":false,"excerpt":"Altorric\u00f3n Vencill\u00f3n Algay\u00f3n","rel":"","context":"En \u00abAlgay\u00f3n\u00bb","block_context":{"text":"Algay\u00f3n","link":"https:\/\/craaltorricon.catedu.es\/?cat=13"},"img":{"alt_text":"","src":"","width":0,"height":0},"classes":[]},{"id":1911,"url":"https:\/\/craaltorricon.catedu.es\/?p=1911","url_meta":{"origin":3378,"position":3},"title":"Calendario escolar 2020-21","author":"admin","date":"8 septiembre, 2020","format":false,"excerpt":"","rel":"","context":"En \u00abAlgay\u00f3n\u00bb","block_context":{"text":"Algay\u00f3n","link":"https:\/\/craaltorricon.catedu.es\/?cat=13"},"img":{"alt_text":"","src":"","width":0,"height":0},"classes":[]},{"id":1917,"url":"https:\/\/craaltorricon.catedu.es\/?p=1917","url_meta":{"origin":3378,"position":4},"title":"Inicio de curso","author":"admin","date":"14 septiembre, 2020","format":false,"excerpt":"Desde aqu\u00ed os damos la bienvenida a este nuevo curso escolar tan especial y as\u00ed aprovechamos para ense\u00f1aros algunas fotos de los primeros d\u00edas.","rel":"","context":"En \u00abAlgay\u00f3n\u00bb","block_context":{"text":"Algay\u00f3n","link":"https:\/\/craaltorricon.catedu.es\/?cat=13"},"img":{"alt_text":"","src":"https:\/\/i0.wp.com\/craaltorricon.catedu.es\/wp-content\/uploads\/sites\/188\/2020\/09\/Copia-de-20200910_095856-150x150.jpg?resize=350%2C200&ssl=1","width":350,"height":200,"srcset":"https:\/\/i0.wp.com\/craaltorricon.catedu.es\/wp-content\/uploads\/sites\/188\/2020\/09\/Copia-de-20200910_095856-150x150.jpg?resize=350%2C200&ssl=1 1x, https:\/\/i0.wp.com\/craaltorricon.catedu.es\/wp-content\/uploads\/sites\/188\/2020\/09\/Copia-de-20200910_095856-150x150.jpg?resize=525%2C300&ssl=1 1.5x, https:\/\/i0.wp.com\/craaltorricon.catedu.es\/wp-content\/uploads\/sites\/188\/2020\/09\/Copia-de-20200910_095856-150x150.jpg?resize=700%2C400&ssl=1 2x, https:\/\/i0.wp.com\/craaltorricon.catedu.es\/wp-content\/uploads\/sites\/188\/2020\/09\/Copia-de-20200910_095856-150x150.jpg?resize=1050%2C600&ssl=1 3x, https:\/\/i0.wp.com\/craaltorricon.catedu.es\/wp-content\/uploads\/sites\/188\/2020\/09\/Copia-de-20200910_095856-150x150.jpg?resize=1400%2C800&ssl=1 4x"},"classes":[]},{"id":3577,"url":"https:\/\/craaltorricon.catedu.es\/?p=3577","url_meta":{"origin":3378,"position":5},"title":"BIENVENIDOS Y BIENVENIDAS AL CURSO 24\/25","author":"CRA Altorric\u00f3n","date":"3 septiembre, 2024","format":false,"excerpt":"Os recordamos que el lunes d\u00eda 9 de septiembre iniciamos el curso escolar 24\/25 a las 9 horas hasta las 13 horas. El alumnado apuntado al plan corresponsables, puede acudir a partir de las 7:30 si as\u00ed se solicit\u00f3. Seguidamente pod\u00e9is ver el profesorado asignado a cada tutor\u00eda y materia\u2026","rel":"","context":"En \u00abAlgay\u00f3n\u00bb","block_context":{"text":"Algay\u00f3n","link":"https:\/\/craaltorricon.catedu.es\/?cat=13"},"img":{"alt_text":"","src":"","width":0,"height":0},"classes":[]}],"jetpack_likes_enabled":true,"_links":{"self":[{"href":"https:\/\/craaltorricon.catedu.es\/index.php?rest_route=\/wp\/v2\/posts\/3378","targetHints":{"allow":["GET"]}}],"collection":[{"href":"https:\/\/craaltorricon.catedu.es\/index.php?rest_route=\/wp\/v2\/posts"}],"about":[{"href":"https:\/\/craaltorricon.catedu.es\/index.php?rest_route=\/wp\/v2\/types\/post"}],"author":[{"embeddable":true,"href":"https:\/\/craaltorricon.catedu.es\/index.php?rest_route=\/wp\/v2\/users\/790"}],"replies":[{"embeddable":true,"href":"https:\/\/craaltorricon.catedu.es\/index.php?rest_route=%2Fwp%2Fv2%2Fcomments&post=3378"}],"version-history":[{"count":2,"href":"https:\/\/craaltorricon.catedu.es\/index.php?rest_route=\/wp\/v2\/posts\/3378\/revisions"}],"predecessor-version":[{"id":3391,"href":"https:\/\/craaltorricon.catedu.es\/index.php?rest_route=\/wp\/v2\/posts\/3378\/revisions\/3391"}],"wp:attachment":[{"href":"https:\/\/craaltorricon.catedu.es\/index.php?rest_route=%2Fwp%2Fv2%2Fmedia&parent=3378"}],"wp:term":[{"taxonomy":"category","embeddable":true,"href":"https:\/\/craaltorricon.catedu.es\/index.php?rest_route=%2Fwp%2Fv2%2Fcategories&post=3378"},{"taxonomy":"post_tag","embeddable":true,"href":"https:\/\/craaltorricon.catedu.es\/index.php?rest_route=%2Fwp%2Fv2%2Ftags&post=3378"}],"curies":[{"name":"wp","href":"https:\/\/api.w.org\/{rel}","templated":true}]}}