{"id":3392,"date":"2023-10-04T08:00:00","date_gmt":"2023-10-04T06:00:00","guid":{"rendered":"https:\/\/craaltorricon.catedu.es\/?p=3392"},"modified":"2023-10-08T17:36:55","modified_gmt":"2023-10-08T15:36:55","slug":"vuelve-retotech","status":"publish","type":"post","link":"https:\/\/craaltorricon.catedu.es\/?p=3392","title":{"rendered":"VUELVE RETOTECH"},"content":{"rendered":"\n<p>Como veis en el t\u00edtulo, vuelve el proyecto Retotech de la mano de Endesa y el alumnado de la clase de los mayores de Algay\u00f3n, nos volvemos a presentar.<\/p>\n<p>En esta noticia podr\u00e9is ver el v\u00eddeo que hemos presentado para la candidatura, a ver si tenemos suerte y nos vuelven a escoger y poder participar.<\/p>\n<p>Ya os contaremos \u2026<\/p>\n\n\n\n<iframe loading=\"lazy\" src=\"https:\/\/drive.google.com\/file\/d\/1I8xtOGs1_bUcVt7yQkfTvrfKvawk6Lhm\/preview\" width=\"640\" height=\"480\" allow=\"autoplay\"><\/iframe>\n\n\n\n<p>Os dejamos un v\u00eddeo con las tomas falsas, para que os riais con nosotros!!<\/p>\n\n\n\n<iframe loading=\"lazy\" src=\"https:\/\/drive.google.com\/file\/d\/1-HXJ17sP5xpdl_ar9ZmObYwdnkPI2CnI\/preview\" width=\"640\" height=\"480\" allow=\"autoplay\"><\/iframe>\n","protected":false},"excerpt":{"rendered":"<p>Como veis en el t\u00edtulo, vuelve el proyecto Retotech de la mano de Endesa y el alumnado de la clase de los mayores de Algay\u00f3n, nos volvemos a presentar. En esta noticia podr\u00e9is ver el v\u00eddeo que hemos presentado para la candidatura, a ver si tenemos suerte y nos vuelven a escoger y poder participar. <a href=\"https:\/\/craaltorricon.catedu.es\/?p=3392\" class=\"more-link\">...contin\u00faa leyendo<span class=\"screen-reader-text\"> \"VUELVE RETOTECH\"<\/span><\/a><\/p>\n","protected":false},"author":790,"featured_media":0,"comment_status":"open","ping_status":"open","sticky":false,"template":"","format":"standard","meta":{"_uag_custom_page_level_css":"","_monsterinsights_skip_tracking":false,"_monsterinsights_sitenote_active":false,"_monsterinsights_sitenote_note":"","_monsterinsights_sitenote_category":0,"jetpack_post_was_ever_published":false,"_jetpack_newsletter_access":"","_jetpack_dont_email_post_to_subs":false,"_jetpack_newsletter_tier_id":0,"_jetpack_memberships_contains_paywalled_content":false,"_jetpack_memberships_contains_paid_content":false,"footnotes":"","jetpack_publicize_message":"","jetpack_publicize_feature_enabled":true,"jetpack_social_post_already_shared":true,"jetpack_social_options":{"image_generator_settings":{"template":"highway","default_image_id":0,"font":"","enabled":false},"version":2}},"categories":[13],"tags":[],"class_list":{"0":"post-3392","1":"post","2":"type-post","3":"status-publish","4":"format-standard","6":"category-algayon","7":"h-entry","8":"hentry","9":"h-as-article"},"jetpack_publicize_connections":[],"uagb_featured_image_src":{"full":false,"thumbnail":false,"medium":false,"medium_large":false,"large":false,"1536x1536":false,"2048x2048":false,"custom-header-image":false},"uagb_author_info":{"display_name":"CRA Altorric\u00f3n","author_link":"https:\/\/craaltorricon.catedu.es\/?author=790"},"uagb_comment_info":1,"uagb_excerpt":"Como veis en el t\u00edtulo, vuelve el proyecto Retotech de la mano de Endesa y el alumnado de la clase de los mayores de Algay\u00f3n, nos volvemos a presentar. En esta noticia podr\u00e9is ver el v\u00eddeo que hemos presentado para la candidatura, a ver si tenemos suerte y nos vuelven a escoger y poder participar.&hellip;","jetpack_featured_media_url":"","jetpack_sharing_enabled":true,"jetpack_shortlink":"https:\/\/wp.me\/p8T00Q-SI","jetpack-related-posts":[{"id":3216,"url":"https:\/\/craaltorricon.catedu.es\/?p=3216","url_meta":{"origin":3392,"position":0},"title":"Seguimos con el proyecto RetoTech","author":"CRA Altorric\u00f3n","date":"27 abril, 2023","format":false,"excerpt":"En octubre os dimos la noticia que nos hab\u00edan escogido para participar en el proyecto RetoTech. Durante estos meses nuestros maestros, Javi, Andr\u00e9s y Stella, se han estado formando para podernos explicar c\u00f3mo funcionan los Zum kit junior y la impresora 3D. Nos pusieron diferentes retos que hemos ido superando\u2026","rel":"","context":"En \u00abAlgay\u00f3n\u00bb","block_context":{"text":"Algay\u00f3n","link":"https:\/\/craaltorricon.catedu.es\/?cat=13"},"img":{"alt_text":"","src":"https:\/\/i0.wp.com\/img.youtube.com\/vi\/bTbWjVz9DS0\/0.jpg?resize=350%2C200","width":350,"height":200},"classes":[]},{"id":2929,"url":"https:\/\/craaltorricon.catedu.es\/?p=2929","url_meta":{"origin":3392,"position":1},"title":"Proyecto RetoTech","author":"CRA Altorric\u00f3n","date":"20 octubre, 2022","format":false,"excerpt":"Los mayores de Algay\u00f3n hemos participado en la selecci\u00f3n para acceder al proyecto de Endesa RetoTech. Aqu\u00ed os ense\u00f1amos el v\u00eddeo con el que nos hemos presentado. https:\/\/www.youtube.com\/watch?v=dtrL7QAISH4 Nos hemos presentado 369 centros de Andaluc\u00eda, Arag\u00f3n, Baleares, Canarias, Catalu\u00f1a, Extremadura y Madrid y han escogido a 210 en total. \u00a0\u2026","rel":"","context":"En \u00abAlgay\u00f3n\u00bb","block_context":{"text":"Algay\u00f3n","link":"https:\/\/craaltorricon.catedu.es\/?cat=13"},"img":{"alt_text":"","src":"https:\/\/i0.wp.com\/img.youtube.com\/vi\/dtrL7QAISH4\/0.jpg?resize=350%2C200","width":350,"height":200},"classes":[]},{"id":3418,"url":"https:\/\/craaltorricon.catedu.es\/?p=3418","url_meta":{"origin":3392,"position":2},"title":"\u00bfQu\u00e9 ha pasado con RetoTech?","author":"CRA Altorric\u00f3n","date":"17 octubre, 2023","format":false,"excerpt":"Hace unos d\u00edas os cont\u00e1bamos que nos hab\u00edamos vuelto a presentar al proyecto RetoTech que volv\u00eda a lanzar Fundaci\u00f3n Endesa. Es un gran reto de innovaci\u00f3n y tecnolog\u00eda para j\u00f3venes estudiantes de nuestro pa\u00eds con el que, en colaboraci\u00f3n con las Consejer\u00edas de Educaci\u00f3n de las comunidades aut\u00f3nomas participantes y\u2026","rel":"","context":"En \u00abAlgay\u00f3n\u00bb","block_context":{"text":"Algay\u00f3n","link":"https:\/\/craaltorricon.catedu.es\/?cat=13"},"img":{"alt_text":"","src":"","width":0,"height":0},"classes":[]},{"id":3292,"url":"https:\/\/craaltorricon.catedu.es\/?p=3292","url_meta":{"origin":3392,"position":3},"title":"\u00a1\u00a1Ha llegado el d\u00eda!!","author":"CRA Altorric\u00f3n","date":"8 junio, 2023","format":false,"excerpt":"Pues si, parec\u00eda que faltaba mucho pero YA HA LLEGADO EL D\u00cdA!! La clase de los mayores de Algay\u00f3n junto con Javi y Stella, ya estamos de camino a Zaragoza para asistir al Festival del proyecto RetoTech de Endesa. All\u00ed nos juntaremos con 27 colegios de primaria y de secundaria,\u2026","rel":"","context":"En \u00abAlgay\u00f3n\u00bb","block_context":{"text":"Algay\u00f3n","link":"https:\/\/craaltorricon.catedu.es\/?cat=13"},"img":{"alt_text":"","src":"https:\/\/i0.wp.com\/craaltorricon.catedu.es\/wp-content\/uploads\/sites\/188\/2023\/06\/IMG-20230608-WA0004.jpg?resize=350%2C200&ssl=1","width":350,"height":200,"srcset":"https:\/\/i0.wp.com\/craaltorricon.catedu.es\/wp-content\/uploads\/sites\/188\/2023\/06\/IMG-20230608-WA0004.jpg?resize=350%2C200&ssl=1 1x, https:\/\/i0.wp.com\/craaltorricon.catedu.es\/wp-content\/uploads\/sites\/188\/2023\/06\/IMG-20230608-WA0004.jpg?resize=525%2C300&ssl=1 1.5x, https:\/\/i0.wp.com\/craaltorricon.catedu.es\/wp-content\/uploads\/sites\/188\/2023\/06\/IMG-20230608-WA0004.jpg?resize=700%2C400&ssl=1 2x, https:\/\/i0.wp.com\/craaltorricon.catedu.es\/wp-content\/uploads\/sites\/188\/2023\/06\/IMG-20230608-WA0004.jpg?resize=1050%2C600&ssl=1 3x, https:\/\/i0.wp.com\/craaltorricon.catedu.es\/wp-content\/uploads\/sites\/188\/2023\/06\/IMG-20230608-WA0004.jpg?resize=1400%2C800&ssl=1 4x"},"classes":[]},{"id":3554,"url":"https:\/\/craaltorricon.catedu.es\/?p=3554","url_meta":{"origin":3392,"position":4},"title":"MINI GOLF ALGAY\u00d3N","author":"CRA Altorric\u00f3n","date":"28 junio, 2024","format":false,"excerpt":"El alumnado de 4\u00ba a 6\u00ba de Algay\u00f3n junto a sus maestros participamos en la selecci\u00f3n para acceder a la novena edici\u00f3n de los Premios RetoTech de la Fundaci\u00f3n Endesa, que busca fomentar las vocaciones STEM, la innovaci\u00f3n y el emprendimiento tecnol\u00f3gico en las aulas. Tuvimos que presentar un v\u00eddeo\u2026","rel":"","context":"En \u00abAlgay\u00f3n\u00bb","block_context":{"text":"Algay\u00f3n","link":"https:\/\/craaltorricon.catedu.es\/?cat=13"},"img":{"alt_text":"","src":"","width":0,"height":0},"classes":[]},{"id":3276,"url":"https:\/\/craaltorricon.catedu.es\/?p=3276","url_meta":{"origin":3392,"position":5},"title":"Recta final del proyecto RetoTech","author":"CRA Altorric\u00f3n","date":"28 mayo, 2023","format":false,"excerpt":"Estamos acabando nuestra maqueta para el evento final en Zaragoza. Con nuestro proyecto queremos mejorar nuestro entorno escolar de Algay\u00f3n con varios elementos. Ya tenemos toda la programaci\u00f3n de los Zum Kit Junior hecha, falta probarla en la maqueta y esperemos que funcione perfectamente. Toda la clase de los mayores,\u2026","rel":"","context":"En \u00abAlgay\u00f3n\u00bb","block_context":{"text":"Algay\u00f3n","link":"https:\/\/craaltorricon.catedu.es\/?cat=13"},"img":{"alt_text":"","src":"","width":0,"height":0},"classes":[]}],"jetpack_likes_enabled":true,"_links":{"self":[{"href":"https:\/\/craaltorricon.catedu.es\/index.php?rest_route=\/wp\/v2\/posts\/3392","targetHints":{"allow":["GET"]}}],"collection":[{"href":"https:\/\/craaltorricon.catedu.es\/index.php?rest_route=\/wp\/v2\/posts"}],"about":[{"href":"https:\/\/craaltorricon.catedu.es\/index.php?rest_route=\/wp\/v2\/types\/post"}],"author":[{"embeddable":true,"href":"https:\/\/craaltorricon.catedu.es\/index.php?rest_route=\/wp\/v2\/users\/790"}],"replies":[{"embeddable":true,"href":"https:\/\/craaltorricon.catedu.es\/index.php?rest_route=%2Fwp%2Fv2%2Fcomments&post=3392"}],"version-history":[{"count":4,"href":"https:\/\/craaltorricon.catedu.es\/index.php?rest_route=\/wp\/v2\/posts\/3392\/revisions"}],"predecessor-version":[{"id":3419,"href":"https:\/\/craaltorricon.catedu.es\/index.php?rest_route=\/wp\/v2\/posts\/3392\/revisions\/3419"}],"wp:attachment":[{"href":"https:\/\/craaltorricon.catedu.es\/index.php?rest_route=%2Fwp%2Fv2%2Fmedia&parent=3392"}],"wp:term":[{"taxonomy":"category","embeddable":true,"href":"https:\/\/craaltorricon.catedu.es\/index.php?rest_route=%2Fwp%2Fv2%2Fcategories&post=3392"},{"taxonomy":"post_tag","embeddable":true,"href":"https:\/\/craaltorricon.catedu.es\/index.php?rest_route=%2Fwp%2Fv2%2Ftags&post=3392"}],"curies":[{"name":"wp","href":"https:\/\/api.w.org\/{rel}","templated":true}]}}