{"id":3475,"date":"2024-02-20T21:29:22","date_gmt":"2024-02-20T20:29:22","guid":{"rendered":"https:\/\/craaltorricon.catedu.es\/?p=3475"},"modified":"2024-02-20T21:29:22","modified_gmt":"2024-02-20T20:29:22","slug":"algayon-dobla-su-poblacion","status":"publish","type":"post","link":"https:\/\/craaltorricon.catedu.es\/?p=3475","title":{"rendered":"ALGAY\u00d3N DOBLA SU POBLACI\u00d3N"},"content":{"rendered":"\n<p class=\"western\" align=\"left\">S\u00ed, s\u00ed, hab\u00e9is le\u00eddo bien!! Algay\u00f3n dobl\u00f3 su poblaci\u00f3n el pasado 14 de febrero!!<\/p>\n<p class=\"western\" align=\"left\">Fue por unas horas pero muy bien organizadas y aprovechadas.<\/p>\n<p class=\"western\" align=\"left\">El alumnado del CRA Altorricon desde las localidades de Vencill\u00f3n y de Altorric\u00f3n fueron a pasar la jornada a Algay\u00f3n.<\/p>\n<p class=\"western\" align=\"left\">El profesorado del CRA planificamos diferentes actividades. Estas fueron unos talleres junto con Voluntariado Arag\u00f3n. Nos repartimos en dos grupos. Los m\u00e1s peque\u00f1os del cole, de 3 a\u00f1os a 2\u00ba de primaria, asistieron al taller donde nos explicaron las actitudes y los valores de un voluntario y realizamos varios juegos muy divertidos. El resto de alumnado, de 3\u00ba a 6\u00ba de primaria, pudieron escuchar diferentes acciones y situaciones sobre el bulling. Aclararon dudas y pudieron aprender realmente lo que es y lo que no es el bulling. Pusieron ejemplos cercanos para que lo vi\u00e9ramos m\u00e1s claro. Fueron unos talleres muy interesantes, amenos y entretenidos que hicieron pensar al alumnado.<\/p>\n<p class=\"western\" align=\"left\">Seguidamente degustamos unos bocadillos hechos por el profesorado y ayudantes desinteresados de jam\u00f3n y queso que estaban buen\u00edsimos para coger fuerzas y poder realizar la carrera solidaria. Este es el 4\u00ba a\u00f1o que el CRA realiza la carrera solidaria de Save the children donde se corre o camina para recaudar dinero, este a\u00f1o, para la desnutrici\u00f3n infantil. Se hicieron varias carreras de diferentes tiempos para que estuvieran adaptadas a las edades de los corredores. La \u00faltima fue la de adultos donde el profesorado y adultos presentes eran los protagonistas pero a\u00fan fue mucho mejor porque la mayor\u00eda del alumnado volvi\u00f3 a correr, llenamos la pista entera, fue espectacular, fue una mezcla de diversi\u00f3n, emociones y valores por una buena causa.<\/p>\n<p class=\"western\" align=\"left\">Al finalizar las carreras se repartieron los diplomas de participaci\u00f3n y nos hicimos las fotos correspondientes.<\/p>\n<p class=\"western\" align=\"left\">Adem\u00e1s de todo esto, fue un d\u00eda fant\u00e1stico porque pudimos estrenar la nueva camiseta del CRA, \u00edbamos todos muy bien conjuntados.<\/p>\n<p class=\"western\" align=\"left\">Hoy ya vuelve todo a la normalidad, cada uno est\u00e1 en su localidad pero seguro que en el pr\u00f3ximo encuentro nos lo volveremos a pasar muy bien, ya tenemos ganas!!<\/p>\n\n\n\n<iframe loading=\"lazy\" src=\"https:\/\/drive.google.com\/file\/d\/1H3RjuPcBUzx0epP_WULlcmHdKpJLROaW\/preview\" width=\"640\" height=\"480\" allow=\"autoplay\"><\/iframe>\n","protected":false},"excerpt":{"rendered":"<p>S\u00ed, s\u00ed, hab\u00e9is le\u00eddo bien!! Algay\u00f3n dobl\u00f3 su poblaci\u00f3n el pasado 14 de febrero!! Fue por unas horas pero muy bien organizadas y aprovechadas. El alumnado del CRA Altorricon desde las localidades de Vencill\u00f3n y de Altorric\u00f3n fueron a pasar la jornada a Algay\u00f3n. El profesorado del CRA planificamos diferentes actividades. Estas fueron unos talleres <a href=\"https:\/\/craaltorricon.catedu.es\/?p=3475\" class=\"more-link\">...contin\u00faa leyendo<span class=\"screen-reader-text\"> \"ALGAY\u00d3N DOBLA SU POBLACI\u00d3N\"<\/span><\/a><\/p>\n","protected":false},"author":790,"featured_media":0,"comment_status":"open","ping_status":"open","sticky":false,"template":"","format":"standard","meta":{"_uag_custom_page_level_css":"","_monsterinsights_skip_tracking":false,"_monsterinsights_sitenote_active":false,"_monsterinsights_sitenote_note":"","_monsterinsights_sitenote_category":0,"jetpack_post_was_ever_published":false,"_jetpack_newsletter_access":"","_jetpack_dont_email_post_to_subs":false,"_jetpack_newsletter_tier_id":0,"_jetpack_memberships_contains_paywalled_content":false,"_jetpack_memberships_contains_paid_content":false,"footnotes":"","jetpack_publicize_message":"","jetpack_publicize_feature_enabled":true,"jetpack_social_post_already_shared":true,"jetpack_social_options":{"image_generator_settings":{"template":"highway","default_image_id":0,"font":"","enabled":false},"version":2}},"categories":[13,16,18,17],"tags":[],"class_list":{"0":"post-3475","1":"post","2":"type-post","3":"status-publish","4":"format-standard","6":"category-algayon","7":"category-altorricon","8":"category-cra","9":"category-vencillon","10":"h-entry","11":"hentry","12":"h-as-article"},"jetpack_publicize_connections":[],"uagb_featured_image_src":{"full":false,"thumbnail":false,"medium":false,"medium_large":false,"large":false,"1536x1536":false,"2048x2048":false,"custom-header-image":false},"uagb_author_info":{"display_name":"CRA Altorric\u00f3n","author_link":"https:\/\/craaltorricon.catedu.es\/?author=790"},"uagb_comment_info":0,"uagb_excerpt":"S\u00ed, s\u00ed, hab\u00e9is le\u00eddo bien!! Algay\u00f3n dobl\u00f3 su poblaci\u00f3n el pasado 14 de febrero!! Fue por unas horas pero muy bien organizadas y aprovechadas. El alumnado del CRA Altorricon desde las localidades de Vencill\u00f3n y de Altorric\u00f3n fueron a pasar la jornada a Algay\u00f3n. El profesorado del CRA planificamos diferentes actividades. Estas fueron unos talleres&hellip;","jetpack_featured_media_url":"","jetpack_sharing_enabled":true,"jetpack_shortlink":"https:\/\/wp.me\/p8T00Q-U3","jetpack-related-posts":[{"id":2961,"url":"https:\/\/craaltorricon.catedu.es\/?p=2961","url_meta":{"origin":3475,"position":0},"title":"D\u00eda de CRA","author":"CRA Altorric\u00f3n","date":"12 noviembre, 2022","format":false,"excerpt":"El jueves 27 de Octubre, celebramos en el colegio de Altorric\u00f3n el Primer Encuentro del CRA, en el que como ya sabeis, nos reunimos los tres pueblos (Algay\u00f3n, Altorric\u00f3n y Vencill\u00f3n) que forman el mismo, y realizamos diversas actividades. Este a\u00f1o, nuestro Primer d\u00eda del CRA ten\u00eda como tem\u00e1tica la\u2026","rel":"","context":"En \u00abAlgay\u00f3n\u00bb","block_context":{"text":"Algay\u00f3n","link":"https:\/\/craaltorricon.catedu.es\/?cat=13"},"img":{"alt_text":"","src":"https:\/\/i0.wp.com\/img.youtube.com\/vi\/VxP_C0MoxLE\/0.jpg?resize=350%2C200","width":350,"height":200},"classes":[]},{"id":3705,"url":"https:\/\/craaltorricon.catedu.es\/?p=3705","url_meta":{"origin":3475,"position":1},"title":"EXCURSI\u00d3N A ZARAGOZA","author":"CRA Altorric\u00f3n","date":"21 abril, 2025","format":false,"excerpt":"Los d\u00edas 3 y 4 de abril toda primaria fuimos a Zaragoza, unos con mejor tiempo que otros. Visitamos la f\u00e1brica de Lacasa y pudimos ver c\u00f3mo se hacen los Conguitos y los Lacasitos que nos gustan tanto. Fue muy curioso, nunca lo hab\u00edamos podido imaginar as\u00ed. Fue un viaje\u2026","rel":"","context":"En \u00abAlgay\u00f3n\u00bb","block_context":{"text":"Algay\u00f3n","link":"https:\/\/craaltorricon.catedu.es\/?cat=13"},"img":{"alt_text":"","src":"","width":0,"height":0},"classes":[]},{"id":3703,"url":"https:\/\/craaltorricon.catedu.es\/?p=3703","url_meta":{"origin":3475,"position":2},"title":"D\u00cdA DE CRA EN ALGAY\u00d3N","author":"CRA Altorric\u00f3n","date":"21 abril, 2025","format":false,"excerpt":"El pasado 28 de marzo celebramos el d\u00eda de CRA todos juntos en Algay\u00f3n. Empezamos preparando los bocadillos para el almuerzo y seguidamente empezaron los kil\u00f3metros de Solidaridad. Todos corrimos o caminamos con ilusi\u00f3n y con muchas ganas y as\u00ed pudimos recoger 545,51\u20ac para donarlo a los ni\u00f1os y ni\u00f1as\u2026","rel":"","context":"En \u00abAlgay\u00f3n\u00bb","block_context":{"text":"Algay\u00f3n","link":"https:\/\/craaltorricon.catedu.es\/?cat=13"},"img":{"alt_text":"","src":"","width":0,"height":0},"classes":[]},{"id":3337,"url":"https:\/\/craaltorricon.catedu.es\/?p=3337","url_meta":{"origin":3475,"position":3},"title":"TERMINA OTRO CURSO M\u00c1S.","author":"CRA Altorric\u00f3n","date":"2 julio, 2023","format":false,"excerpt":"\u00a1Qu\u00e9 r\u00e1pido que ha pasado el curso! \u00a1Casi sin darnos cuenta! Como llevamos unos d\u00edas comentando, la \u00faltima semana lectiva, nuestro alumnado disfrut\u00f3 de actividades de un car\u00e1cter m\u00e1s l\u00fadico, un poco m\u00e1s distendidas.Pero tambi\u00e9n quedaba el 3er encuentro del CRA, que pudimos disfrutar en Vencill\u00f3n.\u00a0As\u00ed, las 3 localidades nos\u2026","rel":"","context":"En \u00abAlgay\u00f3n\u00bb","block_context":{"text":"Algay\u00f3n","link":"https:\/\/craaltorricon.catedu.es\/?cat=13"},"img":{"alt_text":"","src":"","width":0,"height":0},"classes":[]},{"id":3034,"url":"https:\/\/craaltorricon.catedu.es\/?p=3034","url_meta":{"origin":3475,"position":4},"title":"CONVIVENCIA DEL ALUMNADO DE INFANTIL EN ALTORRIC\u00d3N","author":"CRA Altorric\u00f3n","date":"13 febrero, 2023","format":false,"excerpt":"Este viernes 27 de enero, recibimos en Altorric\u00f3n al alumnado de educaci\u00f3n infantil de Algay\u00f3n y de Vencill\u00f3n. Fue una jornada estupenda, de convivencia, una ma\u00f1ana de ambientes did\u00e1cticos y l\u00fadicos, en la que los ni\u00f1os y ni\u00f1as disfrutaron de propuestas como la elaboraci\u00f3n de un gorro pirata, un pinta-caras\u2026","rel":"","context":"En \u00abAlgay\u00f3n\u00bb","block_context":{"text":"Algay\u00f3n","link":"https:\/\/craaltorricon.catedu.es\/?cat=13"},"img":{"alt_text":"","src":"","width":0,"height":0},"classes":[]},{"id":3061,"url":"https:\/\/craaltorricon.catedu.es\/?p=3061","url_meta":{"origin":3475,"position":5},"title":"CARNAVAL EN ALGAY\u00d3N","author":"CRA Altorric\u00f3n","date":"24 febrero, 2023","format":false,"excerpt":"Estas dos \u00faltimas semanas hemos celebrado el carnaval en Algay\u00f3n. \u00c1ngela y Rafa, el alumnado de 6\u00ba, prepararon unas consignas \u2026 Que deb\u00edamos seguir, si al cole quer\u00edamos venir. Muy ilusionados, seguimos las instrucciones que nos fueron dando hasta que lleg\u00f3 \u2026 El mi\u00e9rcoles m\u00e1s especial, vendr\u00e1s con tu disfraz.\u2026","rel":"","context":"En \u00abAlgay\u00f3n\u00bb","block_context":{"text":"Algay\u00f3n","link":"https:\/\/craaltorricon.catedu.es\/?cat=13"},"img":{"alt_text":"","src":"","width":0,"height":0},"classes":[]}],"jetpack_likes_enabled":true,"_links":{"self":[{"href":"https:\/\/craaltorricon.catedu.es\/index.php?rest_route=\/wp\/v2\/posts\/3475","targetHints":{"allow":["GET"]}}],"collection":[{"href":"https:\/\/craaltorricon.catedu.es\/index.php?rest_route=\/wp\/v2\/posts"}],"about":[{"href":"https:\/\/craaltorricon.catedu.es\/index.php?rest_route=\/wp\/v2\/types\/post"}],"author":[{"embeddable":true,"href":"https:\/\/craaltorricon.catedu.es\/index.php?rest_route=\/wp\/v2\/users\/790"}],"replies":[{"embeddable":true,"href":"https:\/\/craaltorricon.catedu.es\/index.php?rest_route=%2Fwp%2Fv2%2Fcomments&post=3475"}],"version-history":[{"count":2,"href":"https:\/\/craaltorricon.catedu.es\/index.php?rest_route=\/wp\/v2\/posts\/3475\/revisions"}],"predecessor-version":[{"id":3481,"href":"https:\/\/craaltorricon.catedu.es\/index.php?rest_route=\/wp\/v2\/posts\/3475\/revisions\/3481"}],"wp:attachment":[{"href":"https:\/\/craaltorricon.catedu.es\/index.php?rest_route=%2Fwp%2Fv2%2Fmedia&parent=3475"}],"wp:term":[{"taxonomy":"category","embeddable":true,"href":"https:\/\/craaltorricon.catedu.es\/index.php?rest_route=%2Fwp%2Fv2%2Fcategories&post=3475"},{"taxonomy":"post_tag","embeddable":true,"href":"https:\/\/craaltorricon.catedu.es\/index.php?rest_route=%2Fwp%2Fv2%2Ftags&post=3475"}],"curies":[{"name":"wp","href":"https:\/\/api.w.org\/{rel}","templated":true}]}}