{"id":3664,"date":"2025-01-30T12:24:44","date_gmt":"2025-01-30T11:24:44","guid":{"rendered":"https:\/\/craaltorricon.catedu.es\/?p=3664"},"modified":"2025-01-30T12:24:44","modified_gmt":"2025-01-30T11:24:44","slug":"dia-de-la-paz","status":"publish","type":"post","link":"https:\/\/craaltorricon.catedu.es\/?p=3664","title":{"rendered":"D\u00eda de la paz"},"content":{"rendered":"\n<p align=\"left\"><span style=\"font-family: Liberation Serif, serif;\"><span style=\"font-size: medium;\"><span style=\"color: #1f1f1f;\">Hoy 30 de enero es e<\/span><span style=\"color: #1f1f1f;\">l <\/span><span style=\"color: #040c28;\"><b>D\u00eda Escolar Contra la No Violencia y por la Paz.<\/b><\/span><\/span><\/span><\/p>\n<p align=\"left\"><span style=\"font-family: Liberation Serif, serif;\"><span style=\"font-size: medium;\">Entre otras cosas, con la m\u00fasica de Evgeny Grinko hemos celebrado este d\u00eda.<\/span><\/span><\/p>\n<p align=\"left\"><span style=\"font-family: Liberation Serif, serif;\"><span style=\"font-size: medium;\">Os ponemos un v\u00eddeo para que nos ve\u00e1is.<\/span><\/span><\/p>\n\n\n\n<iframe loading=\"lazy\" src=\"https:\/\/drive.google.com\/file\/d\/1AcmM5Ob64XsQp5xG9i5IxrmwbQmNXTBc\/preview\" width=\"640\" height=\"480\" allow=\"autoplay\"><\/iframe>\n","protected":false},"excerpt":{"rendered":"<p>Hoy 30 de enero es el D\u00eda Escolar Contra la No Violencia y por la Paz. Entre otras cosas, con la m\u00fasica de Evgeny Grinko hemos celebrado este d\u00eda. Os ponemos un v\u00eddeo para que nos ve\u00e1is.<\/p>\n","protected":false},"author":786,"featured_media":0,"comment_status":"open","ping_status":"open","sticky":false,"template":"","format":"standard","meta":{"_uag_custom_page_level_css":"","_monsterinsights_skip_tracking":false,"_monsterinsights_sitenote_active":false,"_monsterinsights_sitenote_note":"","_monsterinsights_sitenote_category":0,"jetpack_post_was_ever_published":false,"_jetpack_newsletter_access":"","_jetpack_dont_email_post_to_subs":false,"_jetpack_newsletter_tier_id":0,"_jetpack_memberships_contains_paywalled_content":false,"_jetpack_memberships_contains_paid_content":false,"footnotes":"","jetpack_publicize_message":"","jetpack_publicize_feature_enabled":true,"jetpack_social_post_already_shared":true,"jetpack_social_options":{"image_generator_settings":{"template":"highway","default_image_id":0,"font":"","enabled":false},"version":2}},"categories":[13,16,18,9,17],"tags":[],"class_list":{"0":"post-3664","1":"post","2":"type-post","3":"status-publish","4":"format-standard","6":"category-algayon","7":"category-altorricon","8":"category-cra","9":"category-novedades","10":"category-vencillon","11":"h-entry","12":"hentry","13":"h-as-article"},"jetpack_publicize_connections":[],"uagb_featured_image_src":{"full":false,"thumbnail":false,"medium":false,"medium_large":false,"large":false,"1536x1536":false,"2048x2048":false,"custom-header-image":false},"uagb_author_info":{"display_name":"admin","author_link":"https:\/\/craaltorricon.catedu.es\/?author=786"},"uagb_comment_info":0,"uagb_excerpt":"Hoy 30 de enero es el D\u00eda Escolar Contra la No Violencia y por la Paz. Entre otras cosas, con la m\u00fasica de Evgeny Grinko hemos celebrado este d\u00eda. Os ponemos un v\u00eddeo para que nos ve\u00e1is.","jetpack_featured_media_url":"","jetpack_sharing_enabled":true,"jetpack_shortlink":"https:\/\/wp.me\/p8T00Q-X6","jetpack-related-posts":[{"id":2742,"url":"https:\/\/craaltorricon.catedu.es\/?p=2742","url_meta":{"origin":3664,"position":0},"title":"D\u00eda de la Paz y la no Violencia","author":"admin","date":"30 enero, 2022","format":false,"excerpt":"Hoy d\u00eda 30 de enero se celebra el d\u00eda de paz y la no violencia en los colegios. Al ser domingo en todo el CRA lo hemos celebrado antes y lo haremos tambi\u00e9n despu\u00e9s. Fijaros que les ha pasado a nuestros superh\u00e9roes y superhero\u00ednas de Algay\u00f3n.","rel":"","context":"En \u00abAlgay\u00f3n\u00bb","block_context":{"text":"Algay\u00f3n","link":"https:\/\/craaltorricon.catedu.es\/?cat=13"},"img":{"alt_text":"","src":"","width":0,"height":0},"classes":[]},{"id":3026,"url":"https:\/\/craaltorricon.catedu.es\/?p=3026","url_meta":{"origin":3664,"position":1},"title":"30 DE ENERO, D\u00cdA ESCOLAR DE LA NO VIOLENCIA Y LA PAZ","author":"CRA Altorric\u00f3n","date":"8 febrero, 2023","format":false,"excerpt":"Este lunes 30 de enero, celebramos el d\u00eda escolar de la no violencia y la paz en todo nuestro C.R.A. Para ello, ideamos y estipulamos desde el claustro una serie de actividades, que nuestro alumnado desarroll\u00f3 de una forma l\u00fadica y divertida. En Altorric\u00f3n, se estipul\u00f3 decorar los paneles negros\u2026","rel":"","context":"En \u00abAlgay\u00f3n\u00bb","block_context":{"text":"Algay\u00f3n","link":"https:\/\/craaltorricon.catedu.es\/?cat=13"},"img":{"alt_text":"","src":"","width":0,"height":0},"classes":[]},{"id":3885,"url":"https:\/\/craaltorricon.catedu.es\/?p=3885","url_meta":{"origin":3664,"position":2},"title":"D\u00eda Escolar de la No Violencia y la Paz","author":"CRA Altorric\u00f3n","date":"30 enero, 2026","format":false,"excerpt":"\u00a1Hola a todos! Como ya sab\u00e9is, hoy el patio no ha sido solo un sitio para jugar al f\u00fatbol o al pilla-pilla; hoy se ha llenado de magia, m\u00fasica y much\u00edsimos mensajes importantes. En nuestros coles tenemos claro que la paz se construye cada d\u00eda, pero este D\u00eda Escolar de\u2026","rel":"","context":"En \u00abAlgay\u00f3n\u00bb","block_context":{"text":"Algay\u00f3n","link":"https:\/\/craaltorricon.catedu.es\/?cat=13"},"img":{"alt_text":"","src":"","width":0,"height":0},"classes":[]},{"id":3134,"url":"https:\/\/craaltorricon.catedu.es\/?p=3134","url_meta":{"origin":3664,"position":3},"title":"21 DE MARZO, D\u00cdA DE LA POES\u00cdA.","author":"CRA Altorric\u00f3n","date":"21 marzo, 2023","format":false,"excerpt":"El D\u00eda Mundial de la Poes\u00eda, celebrado cada a\u00f1o el 21 de marzo, conmemora una de las formas m\u00e1s preciadas de la expresi\u00f3n e identidad y ling\u00fc\u00edstica de la humanidad. La poes\u00eda, practicada a lo largo de la historia en todas las culturas y en todos los continentes, habla de\u2026","rel":"","context":"En \u00abAltorric\u00f3n\u00bb","block_context":{"text":"Altorric\u00f3n","link":"https:\/\/craaltorricon.catedu.es\/?cat=16"},"img":{"alt_text":"","src":"","width":0,"height":0},"classes":[]},{"id":2997,"url":"https:\/\/craaltorricon.catedu.es\/?p=2997","url_meta":{"origin":3664,"position":4},"title":"FESTIVAL PRIMARIA EN ALTORRIC\u00d3N.","author":"craaltorricon","date":"10 enero, 2023","format":false,"excerpt":"Como es costumbre ya, el \u00faltimo d\u00eda de clases en el colegio de Altorric\u00f3n se celebran sendos festivales, siendo uno de ellos el relativo a los cursos de primaria.Y como se hace siempre, este festival es presentado por los alumnos de 6\u00ba pertinentes. As\u00ed, este a\u00f1o Carla, Elba, Noelia, Marwan,\u2026","rel":"","context":"En \u00abAltorric\u00f3n\u00bb","block_context":{"text":"Altorric\u00f3n","link":"https:\/\/craaltorricon.catedu.es\/?cat=16"},"img":{"alt_text":"","src":"","width":0,"height":0},"classes":[]},{"id":3808,"url":"https:\/\/craaltorricon.catedu.es\/?p=3808","url_meta":{"origin":3664,"position":5},"title":"D\u00eda mundial de la sonrisa","author":"CRA Altorric\u00f3n","date":"16 octubre, 2025","format":false,"excerpt":"El d\u00eda 3 de octubre se celebr\u00f3 el D\u00eda mundial de la sonrisa. Desde art\u00edstica lo celebramos, trabajando la canci\u00f3n Sonrisas de El sue\u00f1o de Morfeo y tambi\u00e9n creamos unos autorretratos con nuestras grandes sonrisas :)\u00a0 \u00a0 Esperamos que os guste!","rel":"","context":"En \u00abAlgay\u00f3n\u00bb","block_context":{"text":"Algay\u00f3n","link":"https:\/\/craaltorricon.catedu.es\/?cat=13"},"img":{"alt_text":"","src":"","width":0,"height":0},"classes":[]}],"jetpack_likes_enabled":true,"_links":{"self":[{"href":"https:\/\/craaltorricon.catedu.es\/index.php?rest_route=\/wp\/v2\/posts\/3664","targetHints":{"allow":["GET"]}}],"collection":[{"href":"https:\/\/craaltorricon.catedu.es\/index.php?rest_route=\/wp\/v2\/posts"}],"about":[{"href":"https:\/\/craaltorricon.catedu.es\/index.php?rest_route=\/wp\/v2\/types\/post"}],"author":[{"embeddable":true,"href":"https:\/\/craaltorricon.catedu.es\/index.php?rest_route=\/wp\/v2\/users\/786"}],"replies":[{"embeddable":true,"href":"https:\/\/craaltorricon.catedu.es\/index.php?rest_route=%2Fwp%2Fv2%2Fcomments&post=3664"}],"version-history":[{"count":1,"href":"https:\/\/craaltorricon.catedu.es\/index.php?rest_route=\/wp\/v2\/posts\/3664\/revisions"}],"predecessor-version":[{"id":3665,"href":"https:\/\/craaltorricon.catedu.es\/index.php?rest_route=\/wp\/v2\/posts\/3664\/revisions\/3665"}],"wp:attachment":[{"href":"https:\/\/craaltorricon.catedu.es\/index.php?rest_route=%2Fwp%2Fv2%2Fmedia&parent=3664"}],"wp:term":[{"taxonomy":"category","embeddable":true,"href":"https:\/\/craaltorricon.catedu.es\/index.php?rest_route=%2Fwp%2Fv2%2Fcategories&post=3664"},{"taxonomy":"post_tag","embeddable":true,"href":"https:\/\/craaltorricon.catedu.es\/index.php?rest_route=%2Fwp%2Fv2%2Ftags&post=3664"}],"curies":[{"name":"wp","href":"https:\/\/api.w.org\/{rel}","templated":true}]}}