{"id":3687,"date":"2025-03-14T13:31:44","date_gmt":"2025-03-14T12:31:44","guid":{"rendered":"https:\/\/craaltorricon.catedu.es\/?p=3687"},"modified":"2025-03-14T13:31:44","modified_gmt":"2025-03-14T12:31:44","slug":"celebrando-el-dia-de-la-mujer-en-nuestro-cra","status":"publish","type":"post","link":"https:\/\/craaltorricon.catedu.es\/?p=3687","title":{"rendered":"Celebrando el D\u00eda de la Mujer en Nuestro CRA"},"content":{"rendered":"\n<p><span style=\"color: #a109ed;\">El pasado s\u00e1bado 8 de marzo, se celebr\u00f3 el <b>D\u00eda Internacional de la Mujer<\/b>. Durante esa semana, las alumnas y alumnos de Altorric\u00f3n, Algay\u00f3n y Vencill\u00f3n realizaron una serie de actividades para comprender la importancia de este d\u00eda y los motivos detr\u00e1s de su celebraci\u00f3n.<\/span><\/p>\n<p><span style=\"color: #a109ed;\">Desde los m\u00e1s peque\u00f1os hasta los mayores, cada ciclo explor\u00f3 diferentes aspectos de la lucha por la igualdad de g\u00e9nero a trav\u00e9s de din\u00e1micas interactivas, debates y proyectos creativos. Los estudiantes tuvieron la oportunidad de aprender sobre mujeres inspiradoras que han marcado la historia, as\u00ed como de reflexionar sobre los desaf\u00edos que a\u00fan persisten en la b\u00fasqueda de un mundo m\u00e1s equitativo.<\/span><\/p>\n<p><span style=\"color: #a109ed;\">Adem\u00e1s, desde al \u00e1rea de art\u00edstica hemos investigado sobre diferentes mujeres que han influido tanto en el arte como en la m\u00fasica a lo largo de la historia, las cuales muchas veces no han tenido el reconocimiento que se merec\u00edan.<\/span><\/p>\n<p><span style=\"color: #a109ed;\">Algunas de las mujeres relevantes en la m\u00fasica que hemos trabajado han sido Clara Shumann, Nina Simone, Aretha Franklin, etc. En pl\u00e1stica hemos hablado de varias mujeres artistas, pero nos hemos centrado en Annie Albers, y ahora estamos experimentando con lanas e hilos, explorando una de sus m\u00faltiples facetas : tejedora.<\/span><\/p>\n<p><span style=\"color: #a109ed;\">El objetivo principal de estas actividades ha sido fomentar la conciencia sobre la importancia de la igualdad de g\u00e9nero y promover el respeto y la valoraci\u00f3n de las mujeres en todos los \u00e1mbitos de la sociedad. Fue un d\u00eda de aprendizaje significativo que nos record\u00f3 la importancia de seguir trabajando juntos y juntas para construir un futuro basado en la equidad, el respeto y la igualdad de oportunidades.<\/span><\/p>\n\n\n\n<iframe loading=\"lazy\" src=\"https:\/\/drive.google.com\/file\/d\/1GKEC3wtDunBgfw2HI0dOHI1i4hiywNM2\/preview\" width=\"640\" height=\"480\" allow=\"autoplay\"><\/iframe>\n","protected":false},"excerpt":{"rendered":"<p>El pasado s\u00e1bado 8 de marzo, se celebr\u00f3 el D\u00eda Internacional de la Mujer. Durante esa semana, las alumnas y alumnos de Altorric\u00f3n, Algay\u00f3n y Vencill\u00f3n realizaron una serie de actividades para comprender la importancia de este d\u00eda y los motivos detr\u00e1s de su celebraci\u00f3n. Desde los m\u00e1s peque\u00f1os hasta los mayores, cada ciclo explor\u00f3 <a href=\"https:\/\/craaltorricon.catedu.es\/?p=3687\" class=\"more-link\">...contin\u00faa leyendo<span class=\"screen-reader-text\"> \"Celebrando el D\u00eda de la Mujer en Nuestro CRA\"<\/span><\/a><\/p>\n","protected":false},"author":786,"featured_media":0,"comment_status":"open","ping_status":"open","sticky":false,"template":"","format":"standard","meta":{"_uag_custom_page_level_css":"","_monsterinsights_skip_tracking":false,"_monsterinsights_sitenote_active":false,"_monsterinsights_sitenote_note":"","_monsterinsights_sitenote_category":0,"jetpack_post_was_ever_published":false,"_jetpack_newsletter_access":"","_jetpack_dont_email_post_to_subs":false,"_jetpack_newsletter_tier_id":0,"_jetpack_memberships_contains_paywalled_content":false,"_jetpack_memberships_contains_paid_content":false,"footnotes":"","jetpack_publicize_message":"","jetpack_publicize_feature_enabled":true,"jetpack_social_post_already_shared":true,"jetpack_social_options":{"image_generator_settings":{"template":"highway","default_image_id":0,"font":"","enabled":false},"version":2}},"categories":[13,16,18,9,17],"tags":[],"class_list":{"0":"post-3687","1":"post","2":"type-post","3":"status-publish","4":"format-standard","6":"category-algayon","7":"category-altorricon","8":"category-cra","9":"category-novedades","10":"category-vencillon","11":"h-entry","12":"hentry","13":"h-as-article"},"jetpack_publicize_connections":[],"uagb_featured_image_src":{"full":false,"thumbnail":false,"medium":false,"medium_large":false,"large":false,"1536x1536":false,"2048x2048":false,"custom-header-image":false},"uagb_author_info":{"display_name":"admin","author_link":"https:\/\/craaltorricon.catedu.es\/?author=786"},"uagb_comment_info":0,"uagb_excerpt":"El pasado s\u00e1bado 8 de marzo, se celebr\u00f3 el D\u00eda Internacional de la Mujer. Durante esa semana, las alumnas y alumnos de Altorric\u00f3n, Algay\u00f3n y Vencill\u00f3n realizaron una serie de actividades para comprender la importancia de este d\u00eda y los motivos detr\u00e1s de su celebraci\u00f3n. Desde los m\u00e1s peque\u00f1os hasta los mayores, cada ciclo explor\u00f3&hellip;","jetpack_featured_media_url":"","jetpack_sharing_enabled":true,"jetpack_shortlink":"https:\/\/wp.me\/p8T00Q-Xt","jetpack-related-posts":[{"id":2961,"url":"https:\/\/craaltorricon.catedu.es\/?p=2961","url_meta":{"origin":3687,"position":0},"title":"D\u00eda de CRA","author":"CRA Altorric\u00f3n","date":"12 noviembre, 2022","format":false,"excerpt":"El jueves 27 de Octubre, celebramos en el colegio de Altorric\u00f3n el Primer Encuentro del CRA, en el que como ya sabeis, nos reunimos los tres pueblos (Algay\u00f3n, Altorric\u00f3n y Vencill\u00f3n) que forman el mismo, y realizamos diversas actividades. Este a\u00f1o, nuestro Primer d\u00eda del CRA ten\u00eda como tem\u00e1tica la\u2026","rel":"","context":"En \u00abAlgay\u00f3n\u00bb","block_context":{"text":"Algay\u00f3n","link":"https:\/\/craaltorricon.catedu.es\/?cat=13"},"img":{"alt_text":"","src":"https:\/\/i0.wp.com\/img.youtube.com\/vi\/VxP_C0MoxLE\/0.jpg?resize=350%2C200","width":350,"height":200},"classes":[]},{"id":3845,"url":"https:\/\/craaltorricon.catedu.es\/?p=3845","url_meta":{"origin":3687,"position":1},"title":"CASTAWEEN","author":"CRA Altorric\u00f3n","date":"4 diciembre, 2025","format":false,"excerpt":"El pasado viernes 31 de octubre celebramos el primer encuentro del CRA en Vencill\u00f3n con la tem\u00e1tica de Castaween. Fue un d\u00eda con muchas actividades. Tuvimos un teatro en el que nos explicaron, a trav\u00e9s de una experiencia vivencial, la importancia de la ganader\u00eda extensiva y el pastoralismo, con valores\u2026","rel":"","context":"En \u00abAlgay\u00f3n\u00bb","block_context":{"text":"Algay\u00f3n","link":"https:\/\/craaltorricon.catedu.es\/?cat=13"},"img":{"alt_text":"","src":"","width":0,"height":0},"classes":[]},{"id":3866,"url":"https:\/\/craaltorricon.catedu.es\/?p=3866","url_meta":{"origin":3687,"position":2},"title":"P\u00edldoras","author":"CRA Altorric\u00f3n","date":"26 enero, 2026","format":false,"excerpt":"Desde el proyecto\u00a0JACARDI en Escuelas Promotoras de Salud, queremos compartir con vosotros peque\u00f1os mensajes que nos ayuden a reflexionar sobre c\u00f3mo cuidamos nuestra salud y la de nuestros hijos e hijas. Cada dos semanas recibir\u00e9is una\u00a0mini p\u00edldora saludable, con una idea sencilla para incorporar h\u00e1bitos m\u00e1s sanos en el d\u00eda\u2026","rel":"","context":"En \u00abAlgay\u00f3n\u00bb","block_context":{"text":"Algay\u00f3n","link":"https:\/\/craaltorricon.catedu.es\/?cat=13"},"img":{"alt_text":"","src":"","width":0,"height":0},"classes":[]},{"id":3475,"url":"https:\/\/craaltorricon.catedu.es\/?p=3475","url_meta":{"origin":3687,"position":3},"title":"ALGAY\u00d3N DOBLA SU POBLACI\u00d3N","author":"CRA Altorric\u00f3n","date":"20 febrero, 2024","format":false,"excerpt":"S\u00ed, s\u00ed, hab\u00e9is le\u00eddo bien!! Algay\u00f3n dobl\u00f3 su poblaci\u00f3n el pasado 14 de febrero!! Fue por unas horas pero muy bien organizadas y aprovechadas. El alumnado del CRA Altorricon desde las localidades de Vencill\u00f3n y de Altorric\u00f3n fueron a pasar la jornada a Algay\u00f3n. El profesorado del CRA planificamos diferentes\u2026","rel":"","context":"En \u00abAlgay\u00f3n\u00bb","block_context":{"text":"Algay\u00f3n","link":"https:\/\/craaltorricon.catedu.es\/?cat=13"},"img":{"alt_text":"","src":"","width":0,"height":0},"classes":[]},{"id":3105,"url":"https:\/\/craaltorricon.catedu.es\/?p=3105","url_meta":{"origin":3687,"position":4},"title":"8 MARZO. D\u00cdA INTERNACIONAL DE LA MUJER EN EL C.R.A. ALTORRIC\u00d3N.","author":"CRA Altorric\u00f3n","date":"13 marzo, 2023","format":false,"excerpt":"El pasado 8 de marzo conmemoramos en las tres localidades del CRA el D\u00eda Internacional de la mujer. Durante todo el d\u00eda estuvimos realizando diversas actividades relacionadas con la igualdad. Comenzamos ilustrando partes de la canci\u00f3n \u201cDepende de los dos\u201d para luego bailarla todos juntos en el patio del cole.\u2026","rel":"","context":"En \u00abAlgay\u00f3n\u00bb","block_context":{"text":"Algay\u00f3n","link":"https:\/\/craaltorricon.catedu.es\/?cat=13"},"img":{"alt_text":"","src":"","width":0,"height":0},"classes":[]},{"id":3938,"url":"https:\/\/craaltorricon.catedu.es\/?p=3938","url_meta":{"origin":3687,"position":5},"title":"P\u00edldoras","author":"CRA Altorric\u00f3n","date":"7 abril, 2026","format":false,"excerpt":"Desde el proyecto\u00a0JACARDI en Escuelas Promotoras de Salud, queremos compartir con vosotros peque\u00f1os mensajes que nos ayuden a reflexionar sobre c\u00f3mo cuidamos nuestra salud y la de nuestros hijos e hijas. Cada dos semanas recibir\u00e9is una\u00a0mini p\u00edldora saludable, con una idea sencilla para incorporar h\u00e1bitos m\u00e1s sanos en el d\u00eda\u2026","rel":"","context":"En \u00abAlgay\u00f3n\u00bb","block_context":{"text":"Algay\u00f3n","link":"https:\/\/craaltorricon.catedu.es\/?cat=13"},"img":{"alt_text":"","src":"","width":0,"height":0},"classes":[]}],"jetpack_likes_enabled":true,"_links":{"self":[{"href":"https:\/\/craaltorricon.catedu.es\/index.php?rest_route=\/wp\/v2\/posts\/3687","targetHints":{"allow":["GET"]}}],"collection":[{"href":"https:\/\/craaltorricon.catedu.es\/index.php?rest_route=\/wp\/v2\/posts"}],"about":[{"href":"https:\/\/craaltorricon.catedu.es\/index.php?rest_route=\/wp\/v2\/types\/post"}],"author":[{"embeddable":true,"href":"https:\/\/craaltorricon.catedu.es\/index.php?rest_route=\/wp\/v2\/users\/786"}],"replies":[{"embeddable":true,"href":"https:\/\/craaltorricon.catedu.es\/index.php?rest_route=%2Fwp%2Fv2%2Fcomments&post=3687"}],"version-history":[{"count":4,"href":"https:\/\/craaltorricon.catedu.es\/index.php?rest_route=\/wp\/v2\/posts\/3687\/revisions"}],"predecessor-version":[{"id":3691,"href":"https:\/\/craaltorricon.catedu.es\/index.php?rest_route=\/wp\/v2\/posts\/3687\/revisions\/3691"}],"wp:attachment":[{"href":"https:\/\/craaltorricon.catedu.es\/index.php?rest_route=%2Fwp%2Fv2%2Fmedia&parent=3687"}],"wp:term":[{"taxonomy":"category","embeddable":true,"href":"https:\/\/craaltorricon.catedu.es\/index.php?rest_route=%2Fwp%2Fv2%2Fcategories&post=3687"},{"taxonomy":"post_tag","embeddable":true,"href":"https:\/\/craaltorricon.catedu.es\/index.php?rest_route=%2Fwp%2Fv2%2Ftags&post=3687"}],"curies":[{"name":"wp","href":"https:\/\/api.w.org\/{rel}","templated":true}]}}