{"id":3712,"date":"2025-04-16T14:18:45","date_gmt":"2025-04-16T12:18:45","guid":{"rendered":"https:\/\/craaltorricon.catedu.es\/?p=3712"},"modified":"2025-04-16T14:18:45","modified_gmt":"2025-04-16T12:18:45","slug":"vacaciones-2","status":"publish","type":"post","link":"https:\/\/craaltorricon.catedu.es\/?p=3712","title":{"rendered":"VACACIONES"},"content":{"rendered":"\n<iframe loading=\"lazy\" src=\"https:\/\/drive.google.com\/file\/d\/14cM1PXNebpr09xplf6eSmfHvLYV2g6oB\/preview\" width=\"640\" height=\"480\" allow=\"autoplay\"><\/iframe>\n","protected":false},"excerpt":{"rendered":"","protected":false},"author":790,"featured_media":0,"comment_status":"open","ping_status":"open","sticky":false,"template":"","format":"standard","meta":{"_uag_custom_page_level_css":"","_monsterinsights_skip_tracking":false,"_monsterinsights_sitenote_active":false,"_monsterinsights_sitenote_note":"","_monsterinsights_sitenote_category":0,"jetpack_post_was_ever_published":false,"_jetpack_newsletter_access":"","_jetpack_dont_email_post_to_subs":false,"_jetpack_newsletter_tier_id":0,"_jetpack_memberships_contains_paywalled_content":false,"_jetpack_memberships_contains_paid_content":false,"footnotes":"","jetpack_publicize_message":"","jetpack_publicize_feature_enabled":true,"jetpack_social_post_already_shared":true,"jetpack_social_options":{"image_generator_settings":{"template":"highway","default_image_id":0,"font":"","enabled":false},"version":2}},"categories":[13,16,18,17],"tags":[],"class_list":{"0":"post-3712","1":"post","2":"type-post","3":"status-publish","4":"format-standard","6":"category-algayon","7":"category-altorricon","8":"category-cra","9":"category-vencillon","10":"h-entry","11":"hentry","12":"h-as-article"},"jetpack_publicize_connections":[],"uagb_featured_image_src":{"full":false,"thumbnail":false,"medium":false,"medium_large":false,"large":false,"1536x1536":false,"2048x2048":false,"custom-header-image":false},"uagb_author_info":{"display_name":"CRA Altorric\u00f3n","author_link":"https:\/\/craaltorricon.catedu.es\/?author=790"},"uagb_comment_info":0,"uagb_excerpt":null,"jetpack_featured_media_url":"","jetpack_sharing_enabled":true,"jetpack_shortlink":"https:\/\/wp.me\/p8T00Q-XS","jetpack-related-posts":[{"id":2129,"url":"https:\/\/craaltorricon.catedu.es\/?p=2129","url_meta":{"origin":3712,"position":0},"title":"VACACIONES","author":"admin","date":"26 marzo, 2021","format":false,"excerpt":"","rel":"","context":"En \u00abAlgay\u00f3n\u00bb","block_context":{"text":"Algay\u00f3n","link":"https:\/\/craaltorricon.catedu.es\/?cat=13"},"img":{"alt_text":"","src":"https:\/\/i0.wp.com\/craaltorricon.catedu.es\/wp-content\/uploads\/sites\/188\/2021\/03\/1-150x150.png?resize=350%2C200&ssl=1","width":350,"height":200,"srcset":"https:\/\/i0.wp.com\/craaltorricon.catedu.es\/wp-content\/uploads\/sites\/188\/2021\/03\/1-150x150.png?resize=350%2C200&ssl=1 1x, https:\/\/i0.wp.com\/craaltorricon.catedu.es\/wp-content\/uploads\/sites\/188\/2021\/03\/1-150x150.png?resize=525%2C300&ssl=1 1.5x, https:\/\/i0.wp.com\/craaltorricon.catedu.es\/wp-content\/uploads\/sites\/188\/2021\/03\/1-150x150.png?resize=700%2C400&ssl=1 2x, https:\/\/i0.wp.com\/craaltorricon.catedu.es\/wp-content\/uploads\/sites\/188\/2021\/03\/1-150x150.png?resize=1050%2C600&ssl=1 3x, https:\/\/i0.wp.com\/craaltorricon.catedu.es\/wp-content\/uploads\/sites\/188\/2021\/03\/1-150x150.png?resize=1400%2C800&ssl=1 4x"},"classes":[]},{"id":3709,"url":"https:\/\/craaltorricon.catedu.es\/?p=3709","url_meta":{"origin":3712,"position":1},"title":"TRADICIONES EN EL COLE : LA MONA","author":"CRA Altorric\u00f3n","date":"11 abril, 2025","format":false,"excerpt":"Hemos aprovechado el \u00faltimo d\u00eda antes de las vacaciones de pascua para elaborar la mona. Como podr\u00e9is observar hay de todas las clases y maneras. Pero todas estaban BUEN\u00cdSIMAS!!!","rel":"","context":"En \u00abAlgay\u00f3n\u00bb","block_context":{"text":"Algay\u00f3n","link":"https:\/\/craaltorricon.catedu.es\/?cat=13"},"img":{"alt_text":"","src":"","width":0,"height":0},"classes":[]},{"id":3346,"url":"https:\/\/craaltorricon.catedu.es\/?p=3346","url_meta":{"origin":3712,"position":2},"title":"Listado materiales curso 2023-24","author":"CRA Altorric\u00f3n","date":"2 julio, 2023","format":false,"excerpt":"Altorric\u00f3n Vencill\u00f3n Algay\u00f3n","rel":"","context":"En \u00abAlgay\u00f3n\u00bb","block_context":{"text":"Algay\u00f3n","link":"https:\/\/craaltorricon.catedu.es\/?cat=13"},"img":{"alt_text":"","src":"","width":0,"height":0},"classes":[]},{"id":2063,"url":"https:\/\/craaltorricon.catedu.es\/?p=2063","url_meta":{"origin":3712,"position":3},"title":"FESTIVAL VIRTUAL","author":"admin","date":"22 diciembre, 2020","format":false,"excerpt":"Este curso est\u00e1 siendo diferente, pero no por ello hemos perdido la ilusi\u00f3n por celebrar el fin del trimestre y el inicio de las vacaciones. Aqu\u00ed ten\u00e9is una nueva versi\u00f3n de festival, nuestro FESTIVAL VIRTUAL en el que han participado todos los alumnos y alumnas del CRA. Esperamos que lo\u2026","rel":"","context":"En \u00abAlgay\u00f3n\u00bb","block_context":{"text":"Algay\u00f3n","link":"https:\/\/craaltorricon.catedu.es\/?cat=13"},"img":{"alt_text":"","src":"","width":0,"height":0},"classes":[]},{"id":3357,"url":"https:\/\/craaltorricon.catedu.es\/?p=3357","url_meta":{"origin":3712,"position":4},"title":"Feliz verano","author":"CRA Altorric\u00f3n","date":"2 julio, 2023","format":false,"excerpt":"","rel":"","context":"En \u00abAlgay\u00f3n\u00bb","block_context":{"text":"Algay\u00f3n","link":"https:\/\/craaltorricon.catedu.es\/?cat=13"},"img":{"alt_text":"","src":"","width":0,"height":0},"classes":[]},{"id":3651,"url":"https:\/\/craaltorricon.catedu.es\/?p=3651","url_meta":{"origin":3712,"position":5},"title":"\u00a1FELICES FIESTAS!","author":"CRA Altorric\u00f3n","date":"21 diciembre, 2024","format":false,"excerpt":"","rel":"","context":"En \u00abAlgay\u00f3n\u00bb","block_context":{"text":"Algay\u00f3n","link":"https:\/\/craaltorricon.catedu.es\/?cat=13"},"img":{"alt_text":"","src":"","width":0,"height":0},"classes":[]}],"jetpack_likes_enabled":true,"_links":{"self":[{"href":"https:\/\/craaltorricon.catedu.es\/index.php?rest_route=\/wp\/v2\/posts\/3712","targetHints":{"allow":["GET"]}}],"collection":[{"href":"https:\/\/craaltorricon.catedu.es\/index.php?rest_route=\/wp\/v2\/posts"}],"about":[{"href":"https:\/\/craaltorricon.catedu.es\/index.php?rest_route=\/wp\/v2\/types\/post"}],"author":[{"embeddable":true,"href":"https:\/\/craaltorricon.catedu.es\/index.php?rest_route=\/wp\/v2\/users\/790"}],"replies":[{"embeddable":true,"href":"https:\/\/craaltorricon.catedu.es\/index.php?rest_route=%2Fwp%2Fv2%2Fcomments&post=3712"}],"version-history":[{"count":1,"href":"https:\/\/craaltorricon.catedu.es\/index.php?rest_route=\/wp\/v2\/posts\/3712\/revisions"}],"predecessor-version":[{"id":3713,"href":"https:\/\/craaltorricon.catedu.es\/index.php?rest_route=\/wp\/v2\/posts\/3712\/revisions\/3713"}],"wp:attachment":[{"href":"https:\/\/craaltorricon.catedu.es\/index.php?rest_route=%2Fwp%2Fv2%2Fmedia&parent=3712"}],"wp:term":[{"taxonomy":"category","embeddable":true,"href":"https:\/\/craaltorricon.catedu.es\/index.php?rest_route=%2Fwp%2Fv2%2Fcategories&post=3712"},{"taxonomy":"post_tag","embeddable":true,"href":"https:\/\/craaltorricon.catedu.es\/index.php?rest_route=%2Fwp%2Fv2%2Ftags&post=3712"}],"curies":[{"name":"wp","href":"https:\/\/api.w.org\/{rel}","templated":true}]}}